{"id":10010,"date":"2015-07-02T12:21:48","date_gmt":"2015-07-02T17:21:48","guid":{"rendered":"http:\/\/innovatori.space\/lat21\/?p=10010"},"modified":"2015-07-02T12:21:48","modified_gmt":"2015-07-02T17:21:48","slug":"nueva-ruta-merida-villahermosa","status":"publish","type":"post","link":"https:\/\/l21.mx\/?p=10010","title":{"rendered":"Nueva ruta M\u00e9rida-Villahermosa"},"content":{"rendered":"<p><a href=\"http:\/\/l21.mx\/wp-content\/uploads\/2015\/07\/Nueva-ruta-M\u00e9rida-Villahermosa.jpg\" data-rel=\"penci-gallery-image-content\" ><img fetchpriority=\"high\" decoding=\"async\" class=\"aligncenter size-large wp-image-10012\" title=\"Nueva-ruta-M\u00e9rida-Villahermosa\" src=\"http:\/\/l21.mx\/wp-content\/uploads\/2015\/07\/Nueva-ruta-M\u00e9rida-Villahermosa-1024x682.jpg\" alt=\"\" width=\"1024\" height=\"682\" \/><\/a><\/p>\n<p><strong><em>\u00a1Adelante!\u00a0<\/em><\/strong>Con la apertura de una nueva ruta entre M\u00e9rida, Yucat\u00e1n, y Villahermosa, Tabasco, la aerol\u00ednea mexicana Aeromar reforzar\u00e1 su presencia en el Sur-Sureste de M\u00e9xico con otras ciudades del pa\u00eds para impulsar la actividad econ\u00f3mica de los estados que conforman la regi\u00f3n.<\/p>\n<p>Empresarios y autoridades de la zona sostuvieron una reuni\u00f3n en la capital yucateca con el subsecretario de Innovaci\u00f3n y Desarrollo Tur\u00edstico de la Secretar\u00eda de Turismo federal (Sectur), Carlos Joaqu\u00edn Gonz\u00e1lez, en la que acordaron establecer una agenda\u00a0 que incluya el an\u00e1lisis y evaluaci\u00f3n de diversas rutas que permitan conectar la regi\u00f3n con otras ciudades del pa\u00eds.<\/p>\n<p>Joaqu\u00edn Gonz\u00e1lez asegur\u00f3 que la conectividad a\u00e9rea es la base para promover una mayor afluencia tur\u00edstica a los estados, por lo que convoc\u00f3 a trabajar en conjunto para estimular la apertura de m\u00e1s vuelos.<\/p>\n<p>Jaime Valenzuela Tamariz, asesor CEO de Aeromar, se\u00f1al\u00f3 que al reforzar la presencia de la l\u00ednea a\u00e9rea en la regi\u00f3n se incrementar\u00e1 el comercio y la transportaci\u00f3n\u00a0 multimodal, adem\u00e1s de fomentar gu\u00edas de turismo, promotores de negocios y generar desarrollo econ\u00f3mico y flujos de capital para las empresas de Yucat\u00e1n, Quintana Roo, Campeche, Tabasco, Veracruz, Chiapas y Oaxaca.<\/p>\n<p>La aerol\u00ednea Aeromar inici\u00f3 operaciones regulares el pasado 15 de mayo en la ruta M\u00e9rida-Villahermosa con seis salidas por semana y equipo APR de 45 plazas.<\/p>\n<div><\/div>\n","protected":false},"excerpt":{"rendered":"<p>\u00a1Adelante!\u00a0Con la apertura de una nueva ruta entre M\u00e9rida, Yucat\u00e1n, y Villahermosa, Tabasco, la aerol\u00ednea mexicana&hellip;<\/p>\n","protected":false},"author":2,"featured_media":10012,"comment_status":"open","ping_status":"open","sticky":false,"template":"","format":"standard","meta":{"_acf_changed":false,"_lmt_disableupdate":"","_lmt_disable":"","_mbp_gutenberg_autopost":false,"footnotes":""},"categories":[4],"tags":[],"class_list":["post-10010","post","type-post","status-publish","format-standard","has-post-thumbnail","hentry","category-empresas-y-negocios"],"acf":[],"_links":{"self":[{"href":"https:\/\/l21.mx\/index.php?rest_route=\/wp\/v2\/posts\/10010","targetHints":{"allow":["GET"]}}],"collection":[{"href":"https:\/\/l21.mx\/index.php?rest_route=\/wp\/v2\/posts"}],"about":[{"href":"https:\/\/l21.mx\/index.php?rest_route=\/wp\/v2\/types\/post"}],"author":[{"embeddable":true,"href":"https:\/\/l21.mx\/index.php?rest_route=\/wp\/v2\/users\/2"}],"replies":[{"embeddable":true,"href":"https:\/\/l21.mx\/index.php?rest_route=%2Fwp%2Fv2%2Fcomments&post=10010"}],"version-history":[{"count":0,"href":"https:\/\/l21.mx\/index.php?rest_route=\/wp\/v2\/posts\/10010\/revisions"}],"wp:featuredmedia":[{"embeddable":true,"href":"https:\/\/l21.mx\/index.php?rest_route=\/wp\/v2\/media\/10012"}],"wp:attachment":[{"href":"https:\/\/l21.mx\/index.php?rest_route=%2Fwp%2Fv2%2Fmedia&parent=10010"}],"wp:term":[{"taxonomy":"category","embeddable":true,"href":"https:\/\/l21.mx\/index.php?rest_route=%2Fwp%2Fv2%2Fcategories&post=10010"},{"taxonomy":"post_tag","embeddable":true,"href":"https:\/\/l21.mx\/index.php?rest_route=%2Fwp%2Fv2%2Ftags&post=10010"}],"curies":[{"name":"wp","href":"https:\/\/api.w.org\/{rel}","templated":true}]}}