{"id":10099,"date":"2015-07-02T13:21:33","date_gmt":"2015-07-02T18:21:33","guid":{"rendered":"http:\/\/innovatori.space\/lat21\/?p=10099"},"modified":"2021-03-01T11:48:11","modified_gmt":"2021-03-01T16:48:11","slug":"super-empresa-2015","status":"publish","type":"post","link":"https:\/\/l21.mx\/?p=10099","title":{"rendered":"S\u00faper Empresa 2015"},"content":{"rendered":"<p><a href=\"http:\/\/l21.mx\/wp-content\/uploads\/2015\/07\/S\u00faper-Empresa-2015.jpg\" data-rel=\"penci-gallery-image-content\" ><img fetchpriority=\"high\" decoding=\"async\" class=\"aligncenter size-full wp-image-10106\" title=\"S\u00faper-Empresa-2015\" src=\"http:\/\/l21.mx\/wp-content\/uploads\/2015\/07\/S\u00faper-Empresa-2015.jpg\" alt=\"\" width=\"1200\" height=\"795\" srcset=\"https:\/\/l21.mx\/wp-content\/uploads\/2015\/07\/S\u00faper-Empresa-2015.jpg 1200w, https:\/\/l21.mx\/wp-content\/uploads\/2015\/07\/S\u00faper-Empresa-2015-300x199.jpg 300w, https:\/\/l21.mx\/wp-content\/uploads\/2015\/07\/S\u00faper-Empresa-2015-1024x678.jpg 1024w, https:\/\/l21.mx\/wp-content\/uploads\/2015\/07\/S\u00faper-Empresa-2015-768x509.jpg 768w, https:\/\/l21.mx\/wp-content\/uploads\/2015\/07\/S\u00faper-Empresa-2015-1170x775.jpg 1170w, https:\/\/l21.mx\/wp-content\/uploads\/2015\/07\/S\u00faper-Empresa-2015-780x516.jpg 780w, https:\/\/l21.mx\/wp-content\/uploads\/2015\/07\/S\u00faper-Empresa-2015-585x388.jpg 585w, https:\/\/l21.mx\/wp-content\/uploads\/2015\/07\/S\u00faper-Empresa-2015-263x175.jpg 263w\" sizes=\"(max-width: 1200px) 100vw, 1200px\" \/><\/a><\/p>\n<p>El Grupo Dolphin Discovery celebra por tercer a\u00f1o consecutivo su inclusi\u00f3n en el ranking S\u00faper Empresas Expansi\u00f3n 2015, sello que en los \u00faltimos ocho a\u00f1os recibieron m\u00e1s de 880 empresas. Las prestaciones, cobertura social, capacitaci\u00f3n, seguridad y procesos de liderazgo forman parte de la cultura y clima laboral que permitieron otorgar este galard\u00f3n a la empresa. \u201cObtener un reconocimiento directo de nuestro capital humano, bajo el respaldo de uno de los medios de comunicaci\u00f3n m\u00e1s importantes de M\u00e9xico, atrae a m\u00e1s y mejor talento interesado en formar parte de esta gran familia\u201d, se\u00f1al\u00f3 Eduardo Albor, director general del Grupo Dolphin Discovery. Para aspirar a esta distinci\u00f3n, el 80% de la informaci\u00f3n la otorgan los trabajadores a trav\u00e9s de una encuesta de percepci\u00f3n de 100 preguntas; en el caso de Grupo Dolphin Discovery se aplic\u00f3 a m\u00e1s de 900 asociados en M\u00e9xico. Actualmente con mil 310 asociados en seis pa\u00edses, el consorcio se mantiene como la empresa l\u00edder en programas de nado interactivo con delfines en sus 16 delfinarios alrededor del mundo.<\/p>\n<div><\/div>\n","protected":false},"excerpt":{"rendered":"<p>El Grupo Dolphin Discovery celebra por tercer a\u00f1o consecutivo su inclusi\u00f3n en el ranking S\u00faper Empresas&hellip;<\/p>\n","protected":false},"author":2,"featured_media":10106,"comment_status":"open","ping_status":"open","sticky":false,"template":"","format":"standard","meta":{"_acf_changed":false,"_lmt_disableupdate":"","_lmt_disable":"","_mbp_gutenberg_autopost":false,"footnotes":""},"categories":[23,8],"tags":[],"class_list":["post-10099","post","type-post","status-publish","format-standard","has-post-thumbnail","hentry","category-noticias","category-turismo"],"acf":[],"yoast_head":"<!-- This site is optimized with the Yoast SEO plugin v27.3 - https:\/\/yoast.com\/product\/yoast-seo-wordpress\/ -->\n<title>S\u00faper Empresa 2015 | Revista Latitud 21<\/title>\n<meta name=\"description\" content=\"L21, Emprendedores y Negocios en el Caribe Mexicano, es la revista l\u00edder entre el Sector Empresarial y Tur\u00edstico del Caribe Mexicano.\" \/>\n<meta name=\"robots\" content=\"index, follow, max-snippet:-1, max-image-preview:large, max-video-preview:-1\" \/>\n<link rel=\"canonical\" href=\"https:\/\/l21.mx\/?p=10099\" \/>\n<meta name=\"twitter:card\" content=\"summary_large_image\" \/>\n<meta name=\"twitter:title\" content=\"S\u00faper Empresa 2015 | Revista Latitud 21\" \/>\n<meta name=\"twitter:description\" content=\"L21, Emprendedores y Negocios en el Caribe Mexicano, es la revista l\u00edder entre el Sector Empresarial y Tur\u00edstico del Caribe Mexicano.\" \/>\n<meta name=\"twitter:image\" content=\"https:\/\/l21.mx\/wp-content\/uploads\/2015\/07\/S\u00faper-Empresa-2015.jpg\" \/>\n<meta name=\"twitter:creator\" content=\"@Latitud21mx\" \/>\n<meta name=\"twitter:site\" content=\"@Latitud21mx\" \/>\n<meta name=\"twitter:label1\" content=\"Escrito por\" \/>\n\t<meta name=\"twitter:data1\" content=\"Latitud21 Redacci\u00f3n\" \/>\n\t<meta name=\"twitter:label2\" content=\"Tiempo de lectura\" \/>\n\t<meta name=\"twitter:data2\" content=\"1 minuto\" \/>\n<script type=\"application\/ld+json\" class=\"yoast-schema-graph\">{\"@context\":\"https:\\\/\\\/schema.org\",\"@graph\":[{\"@type\":\"Article\",\"@id\":\"https:\\\/\\\/l21.mx\\\/?p=10099#article\",\"isPartOf\":{\"@id\":\"https:\\\/\\\/l21.mx\\\/?p=10099\"},\"author\":{\"name\":\"Latitud21 Redacci\u00f3n\",\"@id\":\"https:\\\/\\\/l21.mx\\\/#\\\/schema\\\/person\\\/4b571cc212089f95579f3b66253728f1\"},\"headline\":\"S\u00faper Empresa 2015\",\"datePublished\":\"2015-07-02T18:21:33+00:00\",\"dateModified\":\"2021-03-01T16:48:11+00:00\",\"mainEntityOfPage\":{\"@id\":\"https:\\\/\\\/l21.mx\\\/?p=10099\"},\"wordCount\":188,\"commentCount\":0,\"publisher\":{\"@id\":\"https:\\\/\\\/l21.mx\\\/#organization\"},\"image\":{\"@id\":\"https:\\\/\\\/l21.mx\\\/?p=10099#primaryimage\"},\"thumbnailUrl\":\"https:\\\/\\\/l21.mx\\\/wp-content\\\/uploads\\\/2015\\\/07\\\/S\u00faper-Empresa-2015.jpg\",\"articleSection\":[\"Noticias\",\"Turismo\"],\"inLanguage\":\"es\",\"potentialAction\":[{\"@type\":\"CommentAction\",\"name\":\"Comment\",\"target\":[\"https:\\\/\\\/l21.mx\\\/?p=10099#respond\"]}]},{\"@type\":\"WebPage\",\"@id\":\"https:\\\/\\\/l21.mx\\\/?p=10099\",\"url\":\"https:\\\/\\\/l21.mx\\\/?p=10099\",\"name\":\"S\u00faper Empresa 2015 | Revista Latitud 21\",\"isPartOf\":{\"@id\":\"https:\\\/\\\/l21.mx\\\/#website\"},\"primaryImageOfPage\":{\"@id\":\"https:\\\/\\\/l21.mx\\\/?p=10099#primaryimage\"},\"image\":{\"@id\":\"https:\\\/\\\/l21.mx\\\/?p=10099#primaryimage\"},\"thumbnailUrl\":\"https:\\\/\\\/l21.mx\\\/wp-content\\\/uploads\\\/2015\\\/07\\\/S\u00faper-Empresa-2015.jpg\",\"datePublished\":\"2015-07-02T18:21:33+00:00\",\"dateModified\":\"2021-03-01T16:48:11+00:00\",\"description\":\"L21, Emprendedores y Negocios en el Caribe Mexicano, es la revista l\u00edder entre el Sector Empresarial y Tur\u00edstico del Caribe Mexicano.\",\"breadcrumb\":{\"@id\":\"https:\\\/\\\/l21.mx\\\/?p=10099#breadcrumb\"},\"inLanguage\":\"es\",\"potentialAction\":[{\"@type\":\"ReadAction\",\"target\":[\"https:\\\/\\\/l21.mx\\\/?p=10099\"]}]},{\"@type\":\"ImageObject\",\"inLanguage\":\"es\",\"@id\":\"https:\\\/\\\/l21.mx\\\/?p=10099#primaryimage\",\"url\":\"https:\\\/\\\/l21.mx\\\/wp-content\\\/uploads\\\/2015\\\/07\\\/S\u00faper-Empresa-2015.jpg\",\"contentUrl\":\"https:\\\/\\\/l21.mx\\\/wp-content\\\/uploads\\\/2015\\\/07\\\/S\u00faper-Empresa-2015.jpg\",\"width\":1200,\"height\":795},{\"@type\":\"BreadcrumbList\",\"@id\":\"https:\\\/\\\/l21.mx\\\/?p=10099#breadcrumb\",\"itemListElement\":[{\"@type\":\"ListItem\",\"position\":1,\"name\":\"Portada\",\"item\":\"https:\\\/\\\/l21.mx\\\/\"},{\"@type\":\"ListItem\",\"position\":2,\"name\":\"S\u00faper Empresa 2015\"}]},{\"@type\":\"WebSite\",\"@id\":\"https:\\\/\\\/l21.mx\\\/#website\",\"url\":\"https:\\\/\\\/l21.mx\\\/\",\"name\":\"Revista Latitud 21\",\"description\":\"Emprendedores  y negocios en el Caribe Mexicano\",\"publisher\":{\"@id\":\"https:\\\/\\\/l21.mx\\\/#organization\"},\"potentialAction\":[{\"@type\":\"SearchAction\",\"target\":{\"@type\":\"EntryPoint\",\"urlTemplate\":\"https:\\\/\\\/l21.mx\\\/?s={search_term_string}\"},\"query-input\":{\"@type\":\"PropertyValueSpecification\",\"valueRequired\":true,\"valueName\":\"search_term_string\"}}],\"inLanguage\":\"es\"},{\"@type\":\"Organization\",\"@id\":\"https:\\\/\\\/l21.mx\\\/#organization\",\"name\":\"Grupo Editorial Latitud 21 SA de CV\",\"url\":\"https:\\\/\\\/l21.mx\\\/\",\"logo\":{\"@type\":\"ImageObject\",\"inLanguage\":\"es\",\"@id\":\"https:\\\/\\\/l21.mx\\\/#\\\/schema\\\/logo\\\/image\\\/\",\"url\":\"https:\\\/\\\/l21.mx\\\/wp-content\\\/uploads\\\/2020\\\/10\\\/logo-l21-baja.jpg\",\"contentUrl\":\"https:\\\/\\\/l21.mx\\\/wp-content\\\/uploads\\\/2020\\\/10\\\/logo-l21-baja.jpg\",\"width\":250,\"height\":250,\"caption\":\"Grupo Editorial Latitud 21 SA de CV\"},\"image\":{\"@id\":\"https:\\\/\\\/l21.mx\\\/#\\\/schema\\\/logo\\\/image\\\/\"},\"sameAs\":[\"https:\\\/\\\/www.facebook.com\\\/RevistaLatitud21\\\/\",\"https:\\\/\\\/x.com\\\/Latitud21mx\"]},{\"@type\":\"Person\",\"@id\":\"https:\\\/\\\/l21.mx\\\/#\\\/schema\\\/person\\\/4b571cc212089f95579f3b66253728f1\",\"name\":\"Latitud21 Redacci\u00f3n\",\"url\":\"https:\\\/\\\/l21.mx\\\/?author=2\"}]}<\/script>\n<!-- \/ Yoast SEO plugin. -->","yoast_head_json":{"title":"S\u00faper Empresa 2015 | Revista Latitud 21","description":"L21, Emprendedores y Negocios en el Caribe Mexicano, es la revista l\u00edder entre el Sector Empresarial y Tur\u00edstico del Caribe Mexicano.","robots":{"index":"index","follow":"follow","max-snippet":"max-snippet:-1","max-image-preview":"max-image-preview:large","max-video-preview":"max-video-preview:-1"},"canonical":"https:\/\/l21.mx\/?p=10099","twitter_card":"summary_large_image","twitter_title":"S\u00faper Empresa 2015 | Revista Latitud 21","twitter_description":"L21, Emprendedores y Negocios en el Caribe Mexicano, es la revista l\u00edder entre el Sector Empresarial y Tur\u00edstico del Caribe Mexicano.","twitter_image":"https:\/\/l21.mx\/wp-content\/uploads\/2015\/07\/S\u00faper-Empresa-2015.jpg","twitter_creator":"@Latitud21mx","twitter_site":"@Latitud21mx","twitter_misc":{"Escrito por":"Latitud21 Redacci\u00f3n","Tiempo de lectura":"1 minuto"},"schema":{"@context":"https:\/\/schema.org","@graph":[{"@type":"Article","@id":"https:\/\/l21.mx\/?p=10099#article","isPartOf":{"@id":"https:\/\/l21.mx\/?p=10099"},"author":{"name":"Latitud21 Redacci\u00f3n","@id":"https:\/\/l21.mx\/#\/schema\/person\/4b571cc212089f95579f3b66253728f1"},"headline":"S\u00faper Empresa 2015","datePublished":"2015-07-02T18:21:33+00:00","dateModified":"2021-03-01T16:48:11+00:00","mainEntityOfPage":{"@id":"https:\/\/l21.mx\/?p=10099"},"wordCount":188,"commentCount":0,"publisher":{"@id":"https:\/\/l21.mx\/#organization"},"image":{"@id":"https:\/\/l21.mx\/?p=10099#primaryimage"},"thumbnailUrl":"https:\/\/l21.mx\/wp-content\/uploads\/2015\/07\/S\u00faper-Empresa-2015.jpg","articleSection":["Noticias","Turismo"],"inLanguage":"es","potentialAction":[{"@type":"CommentAction","name":"Comment","target":["https:\/\/l21.mx\/?p=10099#respond"]}]},{"@type":"WebPage","@id":"https:\/\/l21.mx\/?p=10099","url":"https:\/\/l21.mx\/?p=10099","name":"S\u00faper Empresa 2015 | Revista Latitud 21","isPartOf":{"@id":"https:\/\/l21.mx\/#website"},"primaryImageOfPage":{"@id":"https:\/\/l21.mx\/?p=10099#primaryimage"},"image":{"@id":"https:\/\/l21.mx\/?p=10099#primaryimage"},"thumbnailUrl":"https:\/\/l21.mx\/wp-content\/uploads\/2015\/07\/S\u00faper-Empresa-2015.jpg","datePublished":"2015-07-02T18:21:33+00:00","dateModified":"2021-03-01T16:48:11+00:00","description":"L21, Emprendedores y Negocios en el Caribe Mexicano, es la revista l\u00edder entre el Sector Empresarial y Tur\u00edstico del Caribe Mexicano.","breadcrumb":{"@id":"https:\/\/l21.mx\/?p=10099#breadcrumb"},"inLanguage":"es","potentialAction":[{"@type":"ReadAction","target":["https:\/\/l21.mx\/?p=10099"]}]},{"@type":"ImageObject","inLanguage":"es","@id":"https:\/\/l21.mx\/?p=10099#primaryimage","url":"https:\/\/l21.mx\/wp-content\/uploads\/2015\/07\/S\u00faper-Empresa-2015.jpg","contentUrl":"https:\/\/l21.mx\/wp-content\/uploads\/2015\/07\/S\u00faper-Empresa-2015.jpg","width":1200,"height":795},{"@type":"BreadcrumbList","@id":"https:\/\/l21.mx\/?p=10099#breadcrumb","itemListElement":[{"@type":"ListItem","position":1,"name":"Portada","item":"https:\/\/l21.mx\/"},{"@type":"ListItem","position":2,"name":"S\u00faper Empresa 2015"}]},{"@type":"WebSite","@id":"https:\/\/l21.mx\/#website","url":"https:\/\/l21.mx\/","name":"Revista Latitud 21","description":"Emprendedores  y negocios en el Caribe Mexicano","publisher":{"@id":"https:\/\/l21.mx\/#organization"},"potentialAction":[{"@type":"SearchAction","target":{"@type":"EntryPoint","urlTemplate":"https:\/\/l21.mx\/?s={search_term_string}"},"query-input":{"@type":"PropertyValueSpecification","valueRequired":true,"valueName":"search_term_string"}}],"inLanguage":"es"},{"@type":"Organization","@id":"https:\/\/l21.mx\/#organization","name":"Grupo Editorial Latitud 21 SA de CV","url":"https:\/\/l21.mx\/","logo":{"@type":"ImageObject","inLanguage":"es","@id":"https:\/\/l21.mx\/#\/schema\/logo\/image\/","url":"https:\/\/l21.mx\/wp-content\/uploads\/2020\/10\/logo-l21-baja.jpg","contentUrl":"https:\/\/l21.mx\/wp-content\/uploads\/2020\/10\/logo-l21-baja.jpg","width":250,"height":250,"caption":"Grupo Editorial Latitud 21 SA de CV"},"image":{"@id":"https:\/\/l21.mx\/#\/schema\/logo\/image\/"},"sameAs":["https:\/\/www.facebook.com\/RevistaLatitud21\/","https:\/\/x.com\/Latitud21mx"]},{"@type":"Person","@id":"https:\/\/l21.mx\/#\/schema\/person\/4b571cc212089f95579f3b66253728f1","name":"Latitud21 Redacci\u00f3n","url":"https:\/\/l21.mx\/?author=2"}]}},"amp_enabled":true,"_links":{"self":[{"href":"https:\/\/l21.mx\/index.php?rest_route=\/wp\/v2\/posts\/10099","targetHints":{"allow":["GET"]}}],"collection":[{"href":"https:\/\/l21.mx\/index.php?rest_route=\/wp\/v2\/posts"}],"about":[{"href":"https:\/\/l21.mx\/index.php?rest_route=\/wp\/v2\/types\/post"}],"author":[{"embeddable":true,"href":"https:\/\/l21.mx\/index.php?rest_route=\/wp\/v2\/users\/2"}],"replies":[{"embeddable":true,"href":"https:\/\/l21.mx\/index.php?rest_route=%2Fwp%2Fv2%2Fcomments&post=10099"}],"version-history":[{"count":1,"href":"https:\/\/l21.mx\/index.php?rest_route=\/wp\/v2\/posts\/10099\/revisions"}],"predecessor-version":[{"id":44832,"href":"https:\/\/l21.mx\/index.php?rest_route=\/wp\/v2\/posts\/10099\/revisions\/44832"}],"wp:featuredmedia":[{"embeddable":true,"href":"https:\/\/l21.mx\/index.php?rest_route=\/wp\/v2\/media\/10106"}],"wp:attachment":[{"href":"https:\/\/l21.mx\/index.php?rest_route=%2Fwp%2Fv2%2Fmedia&parent=10099"}],"wp:term":[{"taxonomy":"category","embeddable":true,"href":"https:\/\/l21.mx\/index.php?rest_route=%2Fwp%2Fv2%2Fcategories&post=10099"},{"taxonomy":"post_tag","embeddable":true,"href":"https:\/\/l21.mx\/index.php?rest_route=%2Fwp%2Fv2%2Ftags&post=10099"}],"curies":[{"name":"wp","href":"https:\/\/api.w.org\/{rel}","templated":true}]}}