{"id":1018,"date":"2012-12-06T13:54:00","date_gmt":"2012-12-06T19:54:00","guid":{"rendered":"http:\/\/innovatori.space\/lat21\/?p=1018"},"modified":"2013-10-02T11:55:05","modified_gmt":"2013-10-02T16:55:05","slug":"nuevo-vuelo-paris-cancun","status":"publish","type":"post","link":"https:\/\/l21.mx\/?p=1018","title":{"rendered":"Nuevo vuelo Par\u00eds &#8211; Canc\u00fan"},"content":{"rendered":"<p><a href=\"http:\/\/l21.mx\/wp-content\/uploads\/2012\/12\/1-Raul-Marrufo-Elizabeth-Breton-Jerome-Salemi-latitud21.jpg\" data-rel=\"penci-gallery-image-content\" ><img fetchpriority=\"high\" decoding=\"async\" class=\"aligncenter size-large wp-image-1022\" title=\"1 Raul Marrufo Elizabeth Breton Jerome Salemi latitud21\" src=\"http:\/\/l21.mx\/wp-content\/uploads\/2012\/12\/1-Raul-Marrufo-Elizabeth-Breton-Jerome-Salemi-latitud21-1024x680.jpg\" alt=\"1 Raul Marrufo Elizabeth Breton Jerome Salemi latitud21\" width=\"1024\" height=\"680\" srcset=\"https:\/\/l21.mx\/wp-content\/uploads\/2012\/12\/1-Raul-Marrufo-Elizabeth-Breton-Jerome-Salemi-latitud21-1024x680.jpg 1024w, https:\/\/l21.mx\/wp-content\/uploads\/2012\/12\/1-Raul-Marrufo-Elizabeth-Breton-Jerome-Salemi-latitud21-300x199.jpg 300w, https:\/\/l21.mx\/wp-content\/uploads\/2012\/12\/1-Raul-Marrufo-Elizabeth-Breton-Jerome-Salemi-latitud21-127x85.jpg 127w, https:\/\/l21.mx\/wp-content\/uploads\/2012\/12\/1-Raul-Marrufo-Elizabeth-Breton-Jerome-Salemi-latitud21-600x398.jpg 600w, https:\/\/l21.mx\/wp-content\/uploads\/2012\/12\/1-Raul-Marrufo-Elizabeth-Breton-Jerome-Salemi-latitud21-167x110.jpg 167w, https:\/\/l21.mx\/wp-content\/uploads\/2012\/12\/1-Raul-Marrufo-Elizabeth-Breton-Jerome-Salemi-latitud21-80x53.jpg 80w, https:\/\/l21.mx\/wp-content\/uploads\/2012\/12\/1-Raul-Marrufo-Elizabeth-Breton-Jerome-Salemi-latitud21.jpg 1200w\" sizes=\"(max-width: 1024px) 100vw, 1024px\" \/><\/a><\/p>\n<p>La aerol\u00ednea <strong>Air France\/KLM<\/strong> inici\u00f3 operaciones de su nuevo vuelo en la ruta <strong>Par\u00eds-Canc\u00fan<\/strong> para un total de cuatro frecuencias semanales, que se mantendr\u00e1n activas hasta el 13 de mayo de 2013. Con aeronaves del tipo <strong>Boeing 777-300<\/strong> cuya capacidad es de 468 pasajeros, la empresa prev\u00e9 un 35% de incremento en el n\u00famero de pasajeros, de acuerdo con\u00a0 <strong>J\u00e9r\u00f4me Salemi<\/strong>, director general en <strong>M\u00e9xico<\/strong>.<\/p>\n<p>\u201cActualmente 60% de los pasajeros son franceses, pero tambi\u00e9n viajan alemanes, italianos, polacos, rusos y holandeses; el destino es muy popular para los europeos, muchos buscan conectar con Par\u00eds para venir a Canc\u00fan y conocer el <strong>Mundo Maya<\/strong>\u201d, asegur\u00f3 Salemi.<\/p>\n<p>Con un costo de mil euros el boleto redondo desde la Ciudad Luz a Canc\u00fan, la empresa registra 80% de asientos reservados para los meses de noviembre y diciembre.<\/p>\n<p>Por su parte,\u00a0 la reci\u00e9n nombrada<strong> embajadora de Francia<\/strong> en M\u00e9xico, <strong>Elisabeth Beton Delegu\u00e9<\/strong>, quien asisti\u00f3 al vuelo inaugural, agreg\u00f3 que existe gran inter\u00e9s de los turistas de su pa\u00eds por visitar Canc\u00fan.<\/p>\n<p>Esta ruta se integra a los 14 vuelos entre la <strong>Ciudad de M\u00e9xico<\/strong> y <strong>Europa<\/strong> que ofrecen durante el invierno<strong> Air France<\/strong> y su socio nacional <strong>Aerom\u00e9xico.<\/strong><\/p>\n<div>\u00a0[editor]empresas-y-empresarios[\/editor]<\/div>\n","protected":false},"excerpt":{"rendered":"<p>La aerol\u00ednea Air France\/KLM inici\u00f3 operaciones de su nuevo vuelo en la ruta Par\u00eds-Canc\u00fan para un&hellip;<\/p>\n","protected":false},"author":2,"featured_media":1022,"comment_status":"open","ping_status":"open","sticky":false,"template":"","format":"standard","meta":{"_acf_changed":false,"_lmt_disableupdate":"","_lmt_disable":"","_mbp_gutenberg_autopost":false,"footnotes":""},"categories":[4],"tags":[63,188,189,48,64,61],"class_list":["post-1018","post","type-post","status-publish","format-standard","has-post-thumbnail","hentry","category-empresas-y-negocios","tag-caribe-mexicano","tag-grupo-editorial-latitud21","tag-revista-latitud21","tag-cancun","tag-latitud-21","tag-latitud21"],"acf":[],"_links":{"self":[{"href":"https:\/\/l21.mx\/index.php?rest_route=\/wp\/v2\/posts\/1018","targetHints":{"allow":["GET"]}}],"collection":[{"href":"https:\/\/l21.mx\/index.php?rest_route=\/wp\/v2\/posts"}],"about":[{"href":"https:\/\/l21.mx\/index.php?rest_route=\/wp\/v2\/types\/post"}],"author":[{"embeddable":true,"href":"https:\/\/l21.mx\/index.php?rest_route=\/wp\/v2\/users\/2"}],"replies":[{"embeddable":true,"href":"https:\/\/l21.mx\/index.php?rest_route=%2Fwp%2Fv2%2Fcomments&post=1018"}],"version-history":[{"count":0,"href":"https:\/\/l21.mx\/index.php?rest_route=\/wp\/v2\/posts\/1018\/revisions"}],"wp:featuredmedia":[{"embeddable":true,"href":"https:\/\/l21.mx\/index.php?rest_route=\/wp\/v2\/media\/1022"}],"wp:attachment":[{"href":"https:\/\/l21.mx\/index.php?rest_route=%2Fwp%2Fv2%2Fmedia&parent=1018"}],"wp:term":[{"taxonomy":"category","embeddable":true,"href":"https:\/\/l21.mx\/index.php?rest_route=%2Fwp%2Fv2%2Fcategories&post=1018"},{"taxonomy":"post_tag","embeddable":true,"href":"https:\/\/l21.mx\/index.php?rest_route=%2Fwp%2Fv2%2Ftags&post=1018"}],"curies":[{"name":"wp","href":"https:\/\/api.w.org\/{rel}","templated":true}]}}