{"id":10296,"date":"2015-08-04T12:57:51","date_gmt":"2015-08-04T17:57:51","guid":{"rendered":"http:\/\/innovatori.space\/lat21\/?p=10296"},"modified":"2015-08-04T13:04:31","modified_gmt":"2015-08-04T18:04:31","slug":"exphotel2015","status":"publish","type":"post","link":"https:\/\/l21.mx\/?p=10296","title":{"rendered":"Exphotel 2015"},"content":{"rendered":"<ul>\n<li><strong><span style=\"color: #993300;\"><a href=\"http:\/\/l21.mx\/wp-content\/uploads\/2015\/08\/exphotel.jpg\" data-rel=\"penci-gallery-image-content\" ><img fetchpriority=\"high\" decoding=\"async\" class=\"aligncenter size-large wp-image-10298\" title=\"exphotel\" src=\"http:\/\/l21.mx\/wp-content\/uploads\/2015\/08\/exphotel-1024x680.jpg\" alt=\"\" width=\"1024\" height=\"680\" srcset=\"https:\/\/l21.mx\/wp-content\/uploads\/2015\/08\/exphotel-1024x680.jpg 1024w, https:\/\/l21.mx\/wp-content\/uploads\/2015\/08\/exphotel-300x199.jpg 300w, https:\/\/l21.mx\/wp-content\/uploads\/2015\/08\/exphotel-768x510.jpg 768w, https:\/\/l21.mx\/wp-content\/uploads\/2015\/08\/exphotel-1170x777.jpg 1170w, https:\/\/l21.mx\/wp-content\/uploads\/2015\/08\/exphotel-585x389.jpg 585w, https:\/\/l21.mx\/wp-content\/uploads\/2015\/08\/exphotel-263x175.jpg 263w, https:\/\/l21.mx\/wp-content\/uploads\/2015\/08\/exphotel.jpg 1212w\" sizes=\"(max-width: 1024px) 100vw, 1024px\" \/><\/a>Qu\u00e9:<\/span> Exphotel 2015<\/strong><\/li>\n<li><strong><span style=\"color: #993300;\">D\u00f3nde:<\/span> Canc\u00fan Center Conventions &amp; Exhibitions<\/strong><\/li>\n<li><strong><span style=\"color: #993300;\">Cu\u00e1ndo:<\/span> Junio 2015<\/strong><\/li>\n<\/ul>\n<p>M\u00e1s de 380 empresas de Estados Unidos, Canad\u00e1, Espa\u00f1a, Centro y Sudam\u00e9rica, as\u00ed como de diferentes estados del pa\u00eds \u2013incluyendo 120 emprendedores y microempresas en el pabell\u00f3n para Peque\u00f1as y Medianas Empresas (Pymes)- participaron en la XIX edici\u00f3n de Exphotel Canc\u00fan. Nuevamente el respaldo a las Pymes, con una aportaci\u00f3n de un mill\u00f3n 200 mil pesos que erogaron instancias gubernamentales, permiti\u00f3 su participaci\u00f3n con miras a integrarlas a la cadena productiva de abastecimiento del sector hotelero. Marco Antonio Vidal, integrante del comit\u00e9 organizador, coment\u00f3 que la hospitalidad es el negocio con mejores perspectivas del pa\u00eds. \u201cCanc\u00fan y la Riviera Maya son un para\u00edso de oportunidad\u201d. En tanto Luis Garc\u00eda, delegado de Econom\u00eda en Quintana Roo, destac\u00f3 que los principales indicadores de crecimiento econ\u00f3mico, generaci\u00f3n de empleo e inversi\u00f3n est\u00e1n dentro de los cinco primeros lugares a nivel nacional. Celebr\u00f3 que con la demanda del sector tur\u00edstico en la entidad, estimada en m\u00e1s de mil 300 mdd anuales, los indicadores se est\u00e9n haciendo realidad.<\/p>\n<div><\/div>\n","protected":false},"excerpt":{"rendered":"<p>Qu\u00e9: Exphotel 2015 D\u00f3nde: Canc\u00fan Center Conventions &amp; Exhibitions Cu\u00e1ndo: Junio 2015 M\u00e1s de 380 empresas&hellip;<\/p>\n","protected":false},"author":2,"featured_media":10298,"comment_status":"open","ping_status":"open","sticky":false,"template":"","format":"standard","meta":{"_acf_changed":false,"_lmt_disableupdate":"","_lmt_disable":"","_mbp_gutenberg_autopost":false,"footnotes":""},"categories":[1],"tags":[],"class_list":["post-10296","post","type-post","status-publish","format-standard","has-post-thumbnail","hentry","category-sin-categoria"],"acf":[],"_links":{"self":[{"href":"https:\/\/l21.mx\/index.php?rest_route=\/wp\/v2\/posts\/10296","targetHints":{"allow":["GET"]}}],"collection":[{"href":"https:\/\/l21.mx\/index.php?rest_route=\/wp\/v2\/posts"}],"about":[{"href":"https:\/\/l21.mx\/index.php?rest_route=\/wp\/v2\/types\/post"}],"author":[{"embeddable":true,"href":"https:\/\/l21.mx\/index.php?rest_route=\/wp\/v2\/users\/2"}],"replies":[{"embeddable":true,"href":"https:\/\/l21.mx\/index.php?rest_route=%2Fwp%2Fv2%2Fcomments&post=10296"}],"version-history":[{"count":0,"href":"https:\/\/l21.mx\/index.php?rest_route=\/wp\/v2\/posts\/10296\/revisions"}],"wp:featuredmedia":[{"embeddable":true,"href":"https:\/\/l21.mx\/index.php?rest_route=\/wp\/v2\/media\/10298"}],"wp:attachment":[{"href":"https:\/\/l21.mx\/index.php?rest_route=%2Fwp%2Fv2%2Fmedia&parent=10296"}],"wp:term":[{"taxonomy":"category","embeddable":true,"href":"https:\/\/l21.mx\/index.php?rest_route=%2Fwp%2Fv2%2Fcategories&post=10296"},{"taxonomy":"post_tag","embeddable":true,"href":"https:\/\/l21.mx\/index.php?rest_route=%2Fwp%2Fv2%2Ftags&post=10296"}],"curies":[{"name":"wp","href":"https:\/\/api.w.org\/{rel}","templated":true}]}}