{"id":10312,"date":"2015-08-06T11:45:13","date_gmt":"2015-08-06T16:45:13","guid":{"rendered":"http:\/\/innovatori.space\/lat21\/?p=10312"},"modified":"2015-08-06T13:08:32","modified_gmt":"2015-08-06T18:08:32","slug":"nombramientos-agosto-2015","status":"publish","type":"post","link":"https:\/\/l21.mx\/?p=10312","title":{"rendered":"Nombramientos Agosto 2015"},"content":{"rendered":"<p style=\"text-align: center;\">CONSULADOS<\/p>\n<p><a href=\"http:\/\/l21.mx\/wp-content\/uploads\/2015\/08\/Captura-de-pantalla-2015-08-06-a-las-12.52.40.png\" data-rel=\"penci-gallery-image-content\" ><img fetchpriority=\"high\" decoding=\"async\" class=\"aligncenter size-medium wp-image-10322\" title=\"Captura de pantalla 2015-08-06 a las 12.52.40\" src=\"http:\/\/l21.mx\/wp-content\/uploads\/2015\/08\/Captura-de-pantalla-2015-08-06-a-las-12.52.40-213x300.png\" alt=\"\" width=\"213\" height=\"300\" srcset=\"https:\/\/l21.mx\/wp-content\/uploads\/2015\/08\/Captura-de-pantalla-2015-08-06-a-las-12.52.40-213x300.png 213w, https:\/\/l21.mx\/wp-content\/uploads\/2015\/08\/Captura-de-pantalla-2015-08-06-a-las-12.52.40.png 260w\" sizes=\"(max-width: 213px) 100vw, 213px\" \/><\/a><\/p>\n<p style=\"text-align: center;\"><strong>David Mico\u00a0<\/strong><\/p>\n<ul>\n<li>recibe el cargo de c\u00f3nsul general y oficial principal de Estados Unidos en M\u00e9rida en sustituci\u00f3n de Sonya Tsiros.<\/li>\n<li><strong>Lugar de origen:\u00a0<\/strong><\/li>\n<li>Washington, DC, EU.<\/li>\n<li><strong>Arribo a M\u00e9rida:\u00a0<\/strong><\/li>\n<li>2015<\/li>\n<li><strong>Estudios:\u00a0<\/strong><\/li>\n<li>Licenciatura y maestr\u00eda en Relaciones Internacionales, The George Washington University; maestr\u00eda en Estrategias de Recursos Nacionales, The\u00a0 National Defense University.<\/li>\n<li><strong>Desarrollo profesional:\u00a0<\/strong><\/li>\n<li>Oficina de Asuntos Consulares en Washington, DC, consulados de Taskent, Uzbe-kist\u00e1n y Barcelona, Secci\u00f3n Consular de la embajada de Kiev en Ucrania; embajadas de Hungr\u00eda y El Salvador.<\/li>\n<\/ul>\n<p style=\"text-align: center;\">HOTELES<\/p>\n<p style=\"text-align: center;\"><a href=\"http:\/\/l21.mx\/wp-content\/uploads\/2015\/08\/Captura-de-pantalla-2015-08-06-a-las-12.52.48.png\" data-rel=\"penci-gallery-image-content\" ><img decoding=\"async\" class=\"aligncenter size-medium wp-image-10330\" title=\"Captura de pantalla 2015-08-06 a las 12.52.48\" src=\"http:\/\/l21.mx\/wp-content\/uploads\/2015\/08\/Captura-de-pantalla-2015-08-06-a-las-12.52.48-208x300.png\" alt=\"\" width=\"208\" height=\"300\" srcset=\"https:\/\/l21.mx\/wp-content\/uploads\/2015\/08\/Captura-de-pantalla-2015-08-06-a-las-12.52.48-208x300.png 208w, https:\/\/l21.mx\/wp-content\/uploads\/2015\/08\/Captura-de-pantalla-2015-08-06-a-las-12.52.48.png 249w\" sizes=\"(max-width: 208px) 100vw, 208px\" \/><\/a><\/p>\n<p style=\"text-align: center;\"><strong style=\"text-align: center;\">Dirk Urban\u00a0<\/strong><\/p>\n<ul>\n<li>ocupa la gerencia general del Azul Fives by Karisma en sustituci\u00f3n de Mario Mathieu.<\/li>\n<li><strong>Lugar de origen:<\/strong><\/li>\n<li>Tenerife, Espa\u00f1a.<\/li>\n<li><strong>Arribo a Canc\u00fan:<\/strong><\/li>\n<li>1998<\/li>\n<li><strong>Estudios:<\/strong><\/li>\n<li>Maestr\u00eda en Administraci\u00f3n Hotelera, Universidad de la Laguna,Tenerife.<\/li>\n<li><strong>Desarrollo profesional:\u00a0<\/strong><\/li>\n<li>RIU Hotels, AMResorts, Excellence Resorts, Valent\u00edn, Hard Rock.<\/li>\n<\/ul>\n<p style=\"text-align: center;\">HOTELES<\/p>\n<p style=\"text-align: center;\"><a href=\"http:\/\/l21.mx\/wp-content\/uploads\/2015\/08\/Captura-de-pantalla-2015-08-06-a-las-12.52.54.png\" data-rel=\"penci-gallery-image-content\" ><img decoding=\"async\" class=\"aligncenter size-medium wp-image-10329\" title=\"Captura de pantalla 2015-08-06 a las 12.52.54\" src=\"http:\/\/l21.mx\/wp-content\/uploads\/2015\/08\/Captura-de-pantalla-2015-08-06-a-las-12.52.54-205x300.png\" alt=\"\" width=\"205\" height=\"300\" srcset=\"https:\/\/l21.mx\/wp-content\/uploads\/2015\/08\/Captura-de-pantalla-2015-08-06-a-las-12.52.54-205x300.png 205w, https:\/\/l21.mx\/wp-content\/uploads\/2015\/08\/Captura-de-pantalla-2015-08-06-a-las-12.52.54.png 249w\" sizes=\"(max-width: 205px) 100vw, 205px\" \/><\/a><\/p>\n<p style=\"text-align: center;\"><strong>Mat\u00edas H. Klein\u00a0<\/strong><\/p>\n<ul>\n<li>es nombrado gerente general del Gran Caribe Resort &amp; Spa Canc\u00fan en sustituci\u00f3n de Antonio Machain Ibarra.<\/li>\n<li><strong>Lugar de origen:\u00a0<\/strong><\/li>\n<li>Ciudad de M\u00e9xico.<\/li>\n<li><strong>Arribo a Canc\u00fan:\u00a0<\/strong><\/li>\n<li>2015<\/li>\n<li><strong>Estudios:\u00a0<\/strong><\/li>\n<li>Administraci\u00f3n Hotelera, Universidad Polit\u00e9cnica de Madrid.<\/li>\n<li><strong>Desarrollo profesional:\u00a0<\/strong><\/li>\n<li>Chef, programa FHG hotel Bareiss, hoteles Quinta Real Huatulco, Hyatt Ziva y Barcel\u00f3, Los Cabos.<\/li>\n<\/ul>\n<p style=\"text-align: center;\">ASOCIACIONES<\/p>\n<p style=\"text-align: center;\"><a href=\"http:\/\/l21.mx\/wp-content\/uploads\/2015\/08\/Captura-de-pantalla-2015-08-06-a-las-12.52.59.png\" data-rel=\"penci-gallery-image-content\" ><img loading=\"lazy\" decoding=\"async\" class=\"aligncenter size-medium wp-image-10328\" title=\"Captura de pantalla 2015-08-06 a las 12.52.59\" src=\"http:\/\/l21.mx\/wp-content\/uploads\/2015\/08\/Captura-de-pantalla-2015-08-06-a-las-12.52.59-208x300.png\" alt=\"\" width=\"208\" height=\"300\" \/><\/a><\/p>\n<p style=\"text-align: center;\"><strong>Armando Millet\u00a0<\/strong><\/p>\n<ul>\n<li>es ratificado como presidente del consejo directivo de la asociaci\u00f3n Amigos de Sian Ka\u00b4an.<\/li>\n<li><strong>Lugar de origen:<\/strong><\/li>\n<li>M\u00e9rida, Yucat\u00e1n.<\/li>\n<li><strong>Arribo a Canc\u00fan:\u00a0<\/strong><\/li>\n<li>2002<\/li>\n<li><strong>Estudios:<\/strong><\/li>\n<li>\u00a0Licenciatura en Administraci\u00f3n de Empresas, Universidad del Mayab; Master Hospitality Administrations, Ecole Hoteliere de Lausanne, Suiza.<\/li>\n<li><strong>Desarrollo profesional:<\/strong><\/li>\n<li>Royal Resorts.<\/li>\n<\/ul>\n<p style=\"text-align: center;\">ASOCIACIONES<\/p>\n<p style=\"text-align: center;\"><a href=\"http:\/\/l21.mx\/wp-content\/uploads\/2015\/08\/Captura-de-pantalla-2015-08-06-a-las-12.53.08.png\" data-rel=\"penci-gallery-image-content\" ><img loading=\"lazy\" decoding=\"async\" class=\"aligncenter size-medium wp-image-10327\" title=\"Captura de pantalla 2015-08-06 a las 12.53.08\" src=\"http:\/\/l21.mx\/wp-content\/uploads\/2015\/08\/Captura-de-pantalla-2015-08-06-a-las-12.53.08-214x300.png\" alt=\"\" width=\"214\" height=\"300\" \/><\/a><\/p>\n<p style=\"text-align: center;\"><strong>Eduardo Galaviz\u00a0<\/strong><\/p>\n<ul>\n<li>asume el cargo de presidente de la Asociaci\u00f3n de Plazas Comerciales del Sureste. (Puesto de nueva creaci\u00f3n).<\/li>\n<li><strong>Lugar de origen:<\/strong><\/li>\n<li>Zacatecas.<\/li>\n<li><strong>Arribo a Canc\u00fan:<\/strong><\/li>\n<li>1986<\/li>\n<li><strong>Estudios:\u00a0<\/strong><\/li>\n<li>Licenciatura en Econom\u00eda, UNAM.<\/li>\n<li><strong>Desarrollo profesional:\u00a0<\/strong><\/li>\n<li>DEUS Consultores, funci\u00f3n p\u00fablica.<\/li>\n<\/ul>\n<p style=\"text-align: center;\">EMPRESAS<\/p>\n<p style=\"text-align: center;\"><a href=\"http:\/\/l21.mx\/wp-content\/uploads\/2015\/08\/Captura-de-pantalla-2015-08-06-a-las-12.53.13.png\" data-rel=\"penci-gallery-image-content\" ><img loading=\"lazy\" decoding=\"async\" class=\"aligncenter size-medium wp-image-10326\" title=\"Captura de pantalla 2015-08-06 a las 12.53.13\" src=\"http:\/\/l21.mx\/wp-content\/uploads\/2015\/08\/Captura-de-pantalla-2015-08-06-a-las-12.53.13-213x300.png\" alt=\"\" width=\"213\" height=\"300\" \/><\/a><\/p>\n<p style=\"text-align: center;\"><strong>Rafael del Moral\u00a0<\/strong><\/p>\n<ul>\n<li>es el gerente en Canc\u00fan de Expertos Patrimoniales. (Puesto de nueva creaci\u00f3n).<\/li>\n<li><strong>Lugar de origen:\u00a0<\/strong><\/li>\n<li>Ciudad de M\u00e9xico.<\/li>\n<li><strong>Arribo a Canc\u00fan:\u00a0<\/strong><\/li>\n<li>1989<\/li>\n<li><strong>Estudios:<\/strong><\/li>\n<li>Licenciado en Administraci\u00f3n de Empresas, Universidad Aut\u00f3noma Metropolitana.<\/li>\n<li><strong>Desarrollo profesional:\u00a0<\/strong><\/li>\n<li>Conducef, Centro Bancario de Quintana Roo, Canacintra, Coparmex, bancos Banamex, BCH, Santander.<\/li>\n<\/ul>\n<p style=\"text-align: center;\">ASOCIACIONES<\/p>\n<p style=\"text-align: center;\"><a href=\"http:\/\/l21.mx\/wp-content\/uploads\/2015\/08\/Captura-de-pantalla-2015-08-06-a-las-12.53.18.png\" data-rel=\"penci-gallery-image-content\" ><img loading=\"lazy\" decoding=\"async\" class=\"aligncenter size-medium wp-image-10325\" title=\"Captura de pantalla 2015-08-06 a las 12.53.18\" src=\"http:\/\/l21.mx\/wp-content\/uploads\/2015\/08\/Captura-de-pantalla-2015-08-06-a-las-12.53.18-214x300.png\" alt=\"\" width=\"214\" height=\"300\" srcset=\"https:\/\/l21.mx\/wp-content\/uploads\/2015\/08\/Captura-de-pantalla-2015-08-06-a-las-12.53.18-214x300.png 214w, https:\/\/l21.mx\/wp-content\/uploads\/2015\/08\/Captura-de-pantalla-2015-08-06-a-las-12.53.18.png 250w\" sizes=\"(max-width: 214px) 100vw, 214px\" \/><\/a><\/p>\n<p style=\"text-align: center;\"><strong>Katinka Lira\u00a0<\/strong><\/p>\n<ul>\n<li>ocupa la presidencia de la Asociaci\u00f3n de Relaciones P\u00fablicas en el Caribe Mexicano en sustituci\u00f3n de Roc\u00edo Mena.<\/li>\n<li><strong>Lugar de origen:<\/strong><\/li>\n<li>M\u00e9rida, Yucat\u00e1n.<\/li>\n<li><strong>Arribo a Canc\u00fan:\u00a0<\/strong><\/li>\n<li>1977<\/li>\n<li><strong>Estudios:\u00a0<\/strong><\/li>\n<li>Turismo, Instituto Tecnol\u00f3gico de M\u00e9rida.<\/li>\n<li><strong>Desarrollo profesional:\u00a0<\/strong><\/li>\n<li>Asociaci\u00f3n de Hoteles de Canc\u00fan y Puerto Morelos,\u00a0 Ayuntamiento de Benito Ju\u00e1rez.<\/li>\n<\/ul>\n<p style=\"text-align: center;\">EMPRESAS<\/p>\n<p style=\"text-align: center;\"><a href=\"http:\/\/l21.mx\/wp-content\/uploads\/2015\/08\/Captura-de-pantalla-2015-08-06-a-las-12.53.24.png\" data-rel=\"penci-gallery-image-content\" ><img loading=\"lazy\" decoding=\"async\" class=\"aligncenter size-medium wp-image-10324\" title=\"Captura de pantalla 2015-08-06 a las 12.53.24\" src=\"http:\/\/l21.mx\/wp-content\/uploads\/2015\/08\/Captura-de-pantalla-2015-08-06-a-las-12.53.24-212x300.png\" alt=\"\" width=\"212\" height=\"300\" srcset=\"https:\/\/l21.mx\/wp-content\/uploads\/2015\/08\/Captura-de-pantalla-2015-08-06-a-las-12.53.24-212x300.png 212w, https:\/\/l21.mx\/wp-content\/uploads\/2015\/08\/Captura-de-pantalla-2015-08-06-a-las-12.53.24.png 249w\" sizes=\"(max-width: 212px) 100vw, 212px\" \/><\/a><\/p>\n<p style=\"text-align: center;\"><strong>Daniela Desentis<\/strong><\/p>\n<ul>\n<li>es nombrada coordinadora de Alianza Canc\u00fan Meetings &amp; Conventions y Relaciones P\u00fablicas del Canc\u00fan Center en sustituci\u00f3n de Ana Mar\u00eda Lorandi.<\/li>\n<li><strong>Lugar de origen:<\/strong><\/li>\n<li>Ciudad de M\u00e9xico.<\/li>\n<li><strong>Arribo a Canc\u00fan:\u00a0<\/strong><\/li>\n<li>2007<\/li>\n<li><strong>Estudios:\u00a0<\/strong><\/li>\n<li>Licenciatura en Mercadotecnia, Universidad An\u00e1huac Canc\u00fan.<\/li>\n<li><strong>Desarrollo profesional:\u00a0<\/strong><\/li>\n<li>An\u00e1huac Canc\u00fan, Hard Rock Hotels.<\/li>\n<\/ul>\n<ul>\n<li><\/li>\n<\/ul>\n","protected":false},"excerpt":{"rendered":"<p>CONSULADOS David Mico\u00a0 recibe el cargo de c\u00f3nsul general y oficial principal de Estados Unidos en&hellip;<\/p>\n","protected":false},"author":2,"featured_media":10330,"comment_status":"open","ping_status":"open","sticky":false,"template":"","format":"standard","meta":{"_acf_changed":false,"_lmt_disableupdate":"","_lmt_disable":"","_mbp_gutenberg_autopost":false,"footnotes":""},"categories":[9],"tags":[],"class_list":["post-10312","post","type-post","status-publish","format-standard","has-post-thumbnail","hentry","category-nombramientos"],"acf":[],"_links":{"self":[{"href":"https:\/\/l21.mx\/index.php?rest_route=\/wp\/v2\/posts\/10312","targetHints":{"allow":["GET"]}}],"collection":[{"href":"https:\/\/l21.mx\/index.php?rest_route=\/wp\/v2\/posts"}],"about":[{"href":"https:\/\/l21.mx\/index.php?rest_route=\/wp\/v2\/types\/post"}],"author":[{"embeddable":true,"href":"https:\/\/l21.mx\/index.php?rest_route=\/wp\/v2\/users\/2"}],"replies":[{"embeddable":true,"href":"https:\/\/l21.mx\/index.php?rest_route=%2Fwp%2Fv2%2Fcomments&post=10312"}],"version-history":[{"count":0,"href":"https:\/\/l21.mx\/index.php?rest_route=\/wp\/v2\/posts\/10312\/revisions"}],"wp:featuredmedia":[{"embeddable":true,"href":"https:\/\/l21.mx\/index.php?rest_route=\/wp\/v2\/media\/10330"}],"wp:attachment":[{"href":"https:\/\/l21.mx\/index.php?rest_route=%2Fwp%2Fv2%2Fmedia&parent=10312"}],"wp:term":[{"taxonomy":"category","embeddable":true,"href":"https:\/\/l21.mx\/index.php?rest_route=%2Fwp%2Fv2%2Fcategories&post=10312"},{"taxonomy":"post_tag","embeddable":true,"href":"https:\/\/l21.mx\/index.php?rest_route=%2Fwp%2Fv2%2Ftags&post=10312"}],"curies":[{"name":"wp","href":"https:\/\/api.w.org\/{rel}","templated":true}]}}