{"id":10348,"date":"2015-08-10T12:37:21","date_gmt":"2015-08-10T17:37:21","guid":{"rendered":"http:\/\/innovatori.space\/lat21\/?p=10348"},"modified":"2015-08-10T12:37:21","modified_gmt":"2015-08-10T17:37:21","slug":"reconocimiento-a-sonya-tsiros","status":"publish","type":"post","link":"https:\/\/l21.mx\/?p=10348","title":{"rendered":"Reconocimiento a Sonya Tsiros"},"content":{"rendered":"<p style=\"text-align: center;\"><a href=\"http:\/\/l21.mx\/wp-content\/uploads\/2015\/08\/Sonya-Tsiros.jpg\" data-rel=\"penci-gallery-image-content\" ><img fetchpriority=\"high\" decoding=\"async\" class=\"aligncenter size-full wp-image-10350\" title=\"Sonya-Tsiros\" src=\"http:\/\/l21.mx\/wp-content\/uploads\/2015\/08\/Sonya-Tsiros.jpg\" alt=\"\" width=\"437\" height=\"632\" srcset=\"https:\/\/l21.mx\/wp-content\/uploads\/2015\/08\/Sonya-Tsiros.jpg 437w, https:\/\/l21.mx\/wp-content\/uploads\/2015\/08\/Sonya-Tsiros-207x300.jpg 207w\" sizes=\"(max-width: 437px) 100vw, 437px\" \/><\/a><\/p>\n<p style=\"text-align: center;\"><em>Lich<\/em><\/p>\n<p style=\"text-align: center;\"><strong>Reconocimiento<\/strong><\/p>\n<p>Luego de permanecer al frente del consulado de Estados Unidos en M\u00e9rida durante tres a\u00f1os, Sonya Tsiros recibi\u00f3 un reconocimiento por parte del gobierno de esa entidad por los logros que se alcanzaron en conjunto con importantes ciudades de ese pa\u00eds.<\/p>\n<p>Tsiros agradeci\u00f3 al pueblo yucateco por la hospitalidad y disposici\u00f3n de trabajo continuo para sacar adelante la relaci\u00f3n bilateral entre el territorio mexicano y Estados Unidos, que creci\u00f3 y fortaleci\u00f3 con base al esfuerzo y la buena voluntad de ambas partes.<\/p>\n<p>En una reuni\u00f3n a la que asisti\u00f3 el gobernador Rolando Zapata Bello, se destacaron los resultados que se lograron, en conjunto con Estados Unidos, desde octubre de 2012 a la fecha, con acciones en materia de desarrollo econ\u00f3mico, acad\u00e9mico y cultural en ciudades estadounidenses como Atlanta, Miami, Chicago, Nueva Orle\u00e1ns, Michigan y la Universidad de Texas A&amp;M.<\/p>\n<p>Al evento asistieron los c\u00f3nsules honorarios en Yucat\u00e1n, Campeche y Quintana Roo: Miguel Alfredo Dutton Delorme, de Belice; Jos\u00e9 Antonio Abraham Xacur, de Chipre; Wolfgang Rudolf Kresse Gonz\u00e1lez, de Alemania; Jos\u00e9 Enrique Aristi Arcila, de la Rep\u00fablica de Corea; V\u00edctor G\u00f3mez Rodr\u00edguez, de Espa\u00f1a; Suzzette Gavidia Arias, de Honduras, y Roberto Abraham Mafud, de L\u00edbano.<\/p>\n<div><\/div>\n","protected":false},"excerpt":{"rendered":"<p>Lich Reconocimiento Luego de permanecer al frente del consulado de Estados Unidos en M\u00e9rida durante tres&hellip;<\/p>\n","protected":false},"author":2,"featured_media":10350,"comment_status":"open","ping_status":"open","sticky":false,"template":"","format":"standard","meta":{"_acf_changed":false,"_lmt_disableupdate":"","_lmt_disable":"","_mbp_gutenberg_autopost":false,"footnotes":""},"categories":[223],"tags":[],"class_list":["post-10348","post","type-post","status-publish","format-standard","has-post-thumbnail","hentry","category-meridiano-87"],"acf":[],"_links":{"self":[{"href":"https:\/\/l21.mx\/index.php?rest_route=\/wp\/v2\/posts\/10348","targetHints":{"allow":["GET"]}}],"collection":[{"href":"https:\/\/l21.mx\/index.php?rest_route=\/wp\/v2\/posts"}],"about":[{"href":"https:\/\/l21.mx\/index.php?rest_route=\/wp\/v2\/types\/post"}],"author":[{"embeddable":true,"href":"https:\/\/l21.mx\/index.php?rest_route=\/wp\/v2\/users\/2"}],"replies":[{"embeddable":true,"href":"https:\/\/l21.mx\/index.php?rest_route=%2Fwp%2Fv2%2Fcomments&post=10348"}],"version-history":[{"count":0,"href":"https:\/\/l21.mx\/index.php?rest_route=\/wp\/v2\/posts\/10348\/revisions"}],"wp:featuredmedia":[{"embeddable":true,"href":"https:\/\/l21.mx\/index.php?rest_route=\/wp\/v2\/media\/10350"}],"wp:attachment":[{"href":"https:\/\/l21.mx\/index.php?rest_route=%2Fwp%2Fv2%2Fmedia&parent=10348"}],"wp:term":[{"taxonomy":"category","embeddable":true,"href":"https:\/\/l21.mx\/index.php?rest_route=%2Fwp%2Fv2%2Fcategories&post=10348"},{"taxonomy":"post_tag","embeddable":true,"href":"https:\/\/l21.mx\/index.php?rest_route=%2Fwp%2Fv2%2Ftags&post=10348"}],"curies":[{"name":"wp","href":"https:\/\/api.w.org\/{rel}","templated":true}]}}