{"id":10388,"date":"2015-08-10T17:36:59","date_gmt":"2015-08-10T22:36:59","guid":{"rendered":"http:\/\/innovatori.space\/lat21\/?p=10388"},"modified":"2015-08-10T17:36:59","modified_gmt":"2015-08-10T22:36:59","slug":"grupo-farrera-80-anos","status":"publish","type":"post","link":"https:\/\/l21.mx\/?p=10388","title":{"rendered":"Grupo Farrera, 80 a\u00f1os"},"content":{"rendered":"<p><a href=\"http:\/\/l21.mx\/wp-content\/uploads\/2015\/08\/Grupo-Farrera.jpg\" data-rel=\"penci-gallery-image-content\" ><img fetchpriority=\"high\" decoding=\"async\" class=\"aligncenter size-large wp-image-10390\" title=\"Grupo-Farrera\" src=\"http:\/\/l21.mx\/wp-content\/uploads\/2015\/08\/Grupo-Farrera-1024x680.jpg\" alt=\"\" width=\"1024\" height=\"680\" srcset=\"https:\/\/l21.mx\/wp-content\/uploads\/2015\/08\/Grupo-Farrera-1024x680.jpg 1024w, https:\/\/l21.mx\/wp-content\/uploads\/2015\/08\/Grupo-Farrera-300x199.jpg 300w, https:\/\/l21.mx\/wp-content\/uploads\/2015\/08\/Grupo-Farrera-768x510.jpg 768w, https:\/\/l21.mx\/wp-content\/uploads\/2015\/08\/Grupo-Farrera-1170x777.jpg 1170w, https:\/\/l21.mx\/wp-content\/uploads\/2015\/08\/Grupo-Farrera-585x388.jpg 585w, https:\/\/l21.mx\/wp-content\/uploads\/2015\/08\/Grupo-Farrera-263x175.jpg 263w, https:\/\/l21.mx\/wp-content\/uploads\/2015\/08\/Grupo-Farrera.jpg 1295w\" sizes=\"(max-width: 1024px) 100vw, 1024px\" \/><\/a><\/p>\n<p>&nbsp;<\/p>\n<p>Con un crecimiento acumulado de poco m\u00e1s del 20% y la perspectiva de entre un 10 a 15% para el cierre del periodo -con la colocaci\u00f3n de m\u00e1s de 23 mil unidades-, el Grupo Farrera seguir\u00e1 fortaleci\u00e9ndose en la regi\u00f3n, se\u00f1al\u00f3 Fernando V\u00e1zquez Farrera, director general del consorcio.<\/p>\n<p>Coment\u00f3 que la firma logra una participaci\u00f3n de m\u00e1s del 2.07% de las ventas nacionales con diversas marcas automotrices, entre ellas BMW, Mini, Acura y Toyota, y es una de las m\u00e1s antiguas en el Centro-Sur de M\u00e9xico, compartiendo actividad en los ramos automotriz y hotelero.<\/p>\n<p>Al celebrar su 80 aniversario, el directivo indic\u00f3 que \u201ccon m\u00e1s de 40 agencias en ocho estados y 17 ciudades cubrimos el 2.07 de la venta nacional prevista en un mill\u00f3n 300 mil unidades para 2015 y con plan para abrir una agencia de BMW en Tuxtla Guti\u00e9rrez, Chiapas, -la primera marca premiun en la entidad- que arrancar\u00eda operaciones al inicio de 2016, y otra de Fiat en Ciudad de M\u00e9xico\u201d. Afirm\u00f3 que la ubicaci\u00f3n de las nuevas agencias est\u00e1 definida, pero trabajan en los planes de inversi\u00f3n de las mismas.<\/p>\n<p>Grupo Farrera cuenta con m\u00e1s de 25 marcas, entre agencias automotrices, aceites, hoteles y restaurantes, en m\u00e1s de 60 puntos localizados en Oaxaca, Chiapas, sur de Veracruz, Distrito Federal, Yucat\u00e1n y Quintana Roo.<\/p>\n<p>Destac\u00f3 que Quintana Roo, donde cumplen 16 a\u00f1os de presencia, es uno de sus mercados prioritarios e importantes dentro de la pen\u00ednsula, junto con M\u00e9rida donde fueron sus inicios, siendo a su vez Canc\u00fan el referente en el \u00e1rea, y sus inversiones as\u00ed lo demuestran.<\/p>\n","protected":false},"excerpt":{"rendered":"<p>&nbsp; Con un crecimiento acumulado de poco m\u00e1s del 20% y la perspectiva de entre un&hellip;<\/p>\n","protected":false},"author":2,"featured_media":10390,"comment_status":"open","ping_status":"open","sticky":false,"template":"","format":"standard","meta":{"_acf_changed":false,"_lmt_disableupdate":"","_lmt_disable":"","_mbp_gutenberg_autopost":false,"footnotes":""},"categories":[4],"tags":[],"class_list":["post-10388","post","type-post","status-publish","format-standard","has-post-thumbnail","hentry","category-empresas-y-negocios"],"acf":[],"_links":{"self":[{"href":"https:\/\/l21.mx\/index.php?rest_route=\/wp\/v2\/posts\/10388","targetHints":{"allow":["GET"]}}],"collection":[{"href":"https:\/\/l21.mx\/index.php?rest_route=\/wp\/v2\/posts"}],"about":[{"href":"https:\/\/l21.mx\/index.php?rest_route=\/wp\/v2\/types\/post"}],"author":[{"embeddable":true,"href":"https:\/\/l21.mx\/index.php?rest_route=\/wp\/v2\/users\/2"}],"replies":[{"embeddable":true,"href":"https:\/\/l21.mx\/index.php?rest_route=%2Fwp%2Fv2%2Fcomments&post=10388"}],"version-history":[{"count":0,"href":"https:\/\/l21.mx\/index.php?rest_route=\/wp\/v2\/posts\/10388\/revisions"}],"wp:featuredmedia":[{"embeddable":true,"href":"https:\/\/l21.mx\/index.php?rest_route=\/wp\/v2\/media\/10390"}],"wp:attachment":[{"href":"https:\/\/l21.mx\/index.php?rest_route=%2Fwp%2Fv2%2Fmedia&parent=10388"}],"wp:term":[{"taxonomy":"category","embeddable":true,"href":"https:\/\/l21.mx\/index.php?rest_route=%2Fwp%2Fv2%2Fcategories&post=10388"},{"taxonomy":"post_tag","embeddable":true,"href":"https:\/\/l21.mx\/index.php?rest_route=%2Fwp%2Fv2%2Ftags&post=10388"}],"curies":[{"name":"wp","href":"https:\/\/api.w.org\/{rel}","templated":true}]}}