{"id":10393,"date":"2015-08-10T17:43:05","date_gmt":"2015-08-10T22:43:05","guid":{"rendered":"http:\/\/innovatori.space\/lat21\/?p=10393"},"modified":"2015-08-10T17:43:05","modified_gmt":"2015-08-10T22:43:05","slug":"ambicioso-plan-de-orange-air","status":"publish","type":"post","link":"https:\/\/l21.mx\/?p=10393","title":{"rendered":"Ambicioso plan de Orange Air"},"content":{"rendered":"<p><a href=\"http:\/\/l21.mx\/wp-content\/uploads\/2015\/08\/orange-air.jpg\" data-rel=\"penci-gallery-image-content\" ><img fetchpriority=\"high\" decoding=\"async\" class=\"aligncenter size-full wp-image-10395\" title=\"orange-air\" src=\"http:\/\/l21.mx\/wp-content\/uploads\/2015\/08\/orange-air.jpg\" alt=\"\" width=\"598\" height=\"448\" srcset=\"https:\/\/l21.mx\/wp-content\/uploads\/2015\/08\/orange-air.jpg 598w, https:\/\/l21.mx\/wp-content\/uploads\/2015\/08\/orange-air-300x225.jpg 300w, https:\/\/l21.mx\/wp-content\/uploads\/2015\/08\/orange-air-585x438.jpg 585w\" sizes=\"(max-width: 598px) 100vw, 598px\" \/><\/a><\/p>\n<p>La aerol\u00ednea de bajo costo Orange Air, como parte de un ambicioso plan de crecimiento previsto para 2016, contempla la apertura de vuelos a 40 ciudades de Estados Unidos, de las cuales 16 conectar\u00edan en forma directa con Canc\u00fan y el resto con sitios de Centroam\u00e9rica y el Caribe.<\/p>\n<p>Jeffrey Stern, presidente de la compa\u00f1\u00eda, a\u00f1adi\u00f3 que como parte de las expectativas esperan alcanzar una flota de 20 aviones, tras iniciar con apenas tres aeronaves.<\/p>\n<p>El directivo estim\u00f3 adem\u00e1s una inversi\u00f3n de un mill\u00f3n de d\u00f3lares para el inicio del vuelo Sanford-Canc\u00fan, que desde el 1 de julio pasado cubre ambos destinos tres veces por semana, y con miras a conectar el principal sitio de playa del Caribe mexicano con otras 16 ciudades de la Uni\u00f3n Americana.<\/p>\n<p>\u201cCanc\u00fan es un destino probado, que funciona y que es preferido. Es un destino importante para nosotros, al lograr que un 45% del tr\u00e1fico de sus visitantes lo integre el mercado de Estados Unidos\u201d, agreg\u00f3.<\/p>\n<p>Record\u00f3 que Orange Air inici\u00f3 en mayo pasado operaciones en este destino tur\u00edstico, \u00fanico con el que tienen conexi\u00f3n en M\u00e9xico a trav\u00e9s de vuelos directos desde Nueva Orle\u00e1ns (Luisiana), Branson (Missouri) y Cincinnati (Ohio), al que ahora se suma la ruta de Sanford (Florida), ciudad que se localiza al norte de Orlando.<\/p>\n","protected":false},"excerpt":{"rendered":"<p>La aerol\u00ednea de bajo costo Orange Air, como parte de un ambicioso plan de crecimiento previsto&hellip;<\/p>\n","protected":false},"author":2,"featured_media":10395,"comment_status":"open","ping_status":"open","sticky":false,"template":"","format":"standard","meta":{"_acf_changed":false,"_lmt_disableupdate":"","_lmt_disable":"","_mbp_gutenberg_autopost":false,"footnotes":""},"categories":[4],"tags":[],"class_list":["post-10393","post","type-post","status-publish","format-standard","has-post-thumbnail","hentry","category-empresas-y-negocios"],"acf":[],"_links":{"self":[{"href":"https:\/\/l21.mx\/index.php?rest_route=\/wp\/v2\/posts\/10393","targetHints":{"allow":["GET"]}}],"collection":[{"href":"https:\/\/l21.mx\/index.php?rest_route=\/wp\/v2\/posts"}],"about":[{"href":"https:\/\/l21.mx\/index.php?rest_route=\/wp\/v2\/types\/post"}],"author":[{"embeddable":true,"href":"https:\/\/l21.mx\/index.php?rest_route=\/wp\/v2\/users\/2"}],"replies":[{"embeddable":true,"href":"https:\/\/l21.mx\/index.php?rest_route=%2Fwp%2Fv2%2Fcomments&post=10393"}],"version-history":[{"count":0,"href":"https:\/\/l21.mx\/index.php?rest_route=\/wp\/v2\/posts\/10393\/revisions"}],"wp:featuredmedia":[{"embeddable":true,"href":"https:\/\/l21.mx\/index.php?rest_route=\/wp\/v2\/media\/10395"}],"wp:attachment":[{"href":"https:\/\/l21.mx\/index.php?rest_route=%2Fwp%2Fv2%2Fmedia&parent=10393"}],"wp:term":[{"taxonomy":"category","embeddable":true,"href":"https:\/\/l21.mx\/index.php?rest_route=%2Fwp%2Fv2%2Fcategories&post=10393"},{"taxonomy":"post_tag","embeddable":true,"href":"https:\/\/l21.mx\/index.php?rest_route=%2Fwp%2Fv2%2Ftags&post=10393"}],"curies":[{"name":"wp","href":"https:\/\/api.w.org\/{rel}","templated":true}]}}