{"id":10429,"date":"2015-08-27T17:10:44","date_gmt":"2015-08-27T22:10:44","guid":{"rendered":"http:\/\/innovatori.space\/lat21\/?p=10429"},"modified":"2015-08-27T17:10:44","modified_gmt":"2015-08-27T22:10:44","slug":"enrique-de-la-madrid-cordero-nuevo-secretario-de-turismo","status":"publish","type":"post","link":"https:\/\/l21.mx\/?p=10429","title":{"rendered":"Enrique de la Madrid Cordero nuevo Secretario de Turismo"},"content":{"rendered":"<div id=\"attachment_10432\" style=\"width: 943px\" class=\"wp-caption aligncenter\"><a href=\"http:\/\/l21.mx\/wp-content\/uploads\/2015\/08\/Captura-de-pantalla-2015-08-27-a-las-17.05.21.png\" data-rel=\"penci-gallery-image-content\" ><img fetchpriority=\"high\" decoding=\"async\" aria-describedby=\"caption-attachment-10432\" class=\"size-full wp-image-10432\" title=\"Enrique de la Madrid Cordero nuevo Secretario de Turismo\" src=\"http:\/\/l21.mx\/wp-content\/uploads\/2015\/08\/Captura-de-pantalla-2015-08-27-a-las-17.05.21.png\" alt=\"Enrique de la Madrid Cordero nuevo Secretario de Turismo\" width=\"933\" height=\"594\" srcset=\"https:\/\/l21.mx\/wp-content\/uploads\/2015\/08\/Captura-de-pantalla-2015-08-27-a-las-17.05.21.png 933w, https:\/\/l21.mx\/wp-content\/uploads\/2015\/08\/Captura-de-pantalla-2015-08-27-a-las-17.05.21-300x191.png 300w, https:\/\/l21.mx\/wp-content\/uploads\/2015\/08\/Captura-de-pantalla-2015-08-27-a-las-17.05.21-768x489.png 768w, https:\/\/l21.mx\/wp-content\/uploads\/2015\/08\/Captura-de-pantalla-2015-08-27-a-las-17.05.21-585x372.png 585w\" sizes=\"(max-width: 933px) 100vw, 933px\" \/><\/a><p id=\"caption-attachment-10432\" class=\"wp-caption-text\">Enrique de la Madrid Cordero nuevo Secretario de Turismo<\/p><\/div>\n<p>El Presidente Enrique Pe\u00f1a Nieto, entre los nuevos nombramientos de su gabinete legal y ampliado, present\u00f3 a Enrique de la Madrid Cordero como Secretario de Turismo, en sustituci\u00f3n de Claudia Ruiz Massieu, quien asume el cargo de titular de la Secretar\u00eda de Relaciones Exteriores.<\/p>\n<p>De la Madrid Cordero, es hijo de Miguel de la Madrid, presidente de M\u00e9xico de 1982 a 1988.<\/p>\n<p>Es Licenciado en Derecho egresado de la\u00a0<a title=\"Universidad Nacional Aut\u00f3noma de M\u00e9xico\" href=\"https:\/\/es.wikipedia.org\/wiki\/Universidad_Nacional_Aut%C3%B3noma_de_M%C3%A9xico\" target=\"_blank\" rel=\"noopener\">Universidad Nacional Aut\u00f3noma de M\u00e9xico<\/a>\u00a0y tiene una Maestr\u00eda en Administraci\u00f3n P\u00fablica en la\u00a0<a title=\"Escuela de Gobierno John F. Kennedy\" href=\"https:\/\/es.wikipedia.org\/wiki\/Escuela_de_Gobierno_John_F._Kennedy\" target=\"_blank\" rel=\"noopener\">Escuela de Gobierno John F. Kennedy<\/a>\u00a0de la\u00a0<a title=\"Universidad de Harvard\" href=\"https:\/\/es.wikipedia.org\/wiki\/Universidad_de_Harvard\" target=\"_blank\" rel=\"noopener\">Universidad de Harvard<\/a>.<\/p>\n<p>A lo largo de su trayectoria se ha desempe\u00f1ado como Coordinador General T\u00e9cnico de la Presidencia de la\u00a0<a title=\"Comisi\u00f3n Nacional Bancaria y de Valores\" href=\"https:\/\/es.wikipedia.org\/wiki\/Comisi%C3%B3n_Nacional_Bancaria_y_de_Valores\" target=\"_blank\" rel=\"noopener\">Comisi\u00f3n Nacional Bancaria y de Valores<\/a>\u00a0de\u00a0<a title=\"1994\" href=\"https:\/\/es.wikipedia.org\/wiki\/1994\" target=\"_blank\" rel=\"noopener\">1994<\/a>\u00a0a\u00a0<a title=\"1998\" href=\"https:\/\/es.wikipedia.org\/wiki\/1998\" target=\"_blank\" rel=\"noopener\">1998<\/a>. En\u00a0<a title=\"2000\" href=\"https:\/\/es.wikipedia.org\/wiki\/2000\" target=\"_blank\" rel=\"noopener\">2000<\/a>\u00a0fue postulado y electo Diputado Federal plurinominal a la\u00a0<a title=\"LVIII Legislatura del Congreso de la Uni\u00f3n de M\u00e9xico\" href=\"https:\/\/es.wikipedia.org\/wiki\/LVIII_Legislatura_del_Congreso_de_la_Uni%C3%B3n_de_M%C3%A9xico\" target=\"_blank\" rel=\"noopener\">LVIII Legislatura<\/a>, cargo que ocup\u00f3 hasta\u00a0<a title=\"2003\" href=\"https:\/\/es.wikipedia.org\/wiki\/2003\" target=\"_blank\" rel=\"noopener\">2003<\/a>, a\u00f1o en que fue candidato del\u00a0<a title=\"Partido Revolucionario Institucional\" href=\"https:\/\/es.wikipedia.org\/wiki\/Partido_Revolucionario_Institucional\" target=\"_blank\" rel=\"noopener\">Partido Revolucionario Institucional<\/a>\u00a0a Jefe Delegacional de\u00a0<a title=\"\u00c1lvaro Obreg\u00f3n (D.F.)\" href=\"https:\/\/es.wikipedia.org\/wiki\/%C3%81lvaro_Obreg%C3%B3n_(D.F.)\" target=\"_blank\" rel=\"noopener\">\u00c1lvaro Obreg\u00f3n<\/a>, D.F.<\/p>\n<p>Asimismo, fungi\u00f3 como Presidente Ejecutivo del Consejo Mexicano de la Industria de Productos de Consumo A.C. (ConM\u00e9xico).<\/p>\n<p>En\u00a0<a title=\"2006\" href=\"https:\/\/es.wikipedia.org\/wiki\/2006\" target=\"_blank\" rel=\"noopener\">2006<\/a>\u00a0el presidente\u00a0<a title=\"Felipe Calder\u00f3n Hinojosa\" href=\"https:\/\/es.wikipedia.org\/wiki\/Felipe_Calder%C3%B3n_Hinojosa\" target=\"_blank\" rel=\"noopener\">Felipe Calder\u00f3n Hinojosa<\/a>\u00a0lo design\u00f3 Director General de\u00a0<a title=\"Financiera Rural (M\u00e9xico)\" href=\"https:\/\/es.wikipedia.org\/wiki\/Financiera_Rural_(M%C3%A9xico)\" target=\"_blank\" rel=\"noopener\">Financiera Rural<\/a>, cargo que dej\u00f3 desde el 31 de julio de 2010, siendo sucedido por\u00a0<a title=\"Gustavo Adolfo Merino Ju\u00e1rez\" href=\"https:\/\/es.wikipedia.org\/wiki\/Gustavo_Adolfo_Merino_Ju%C3%A1rez\" target=\"_blank\" rel=\"noopener\">Gustavo Adolfo Merino Ju\u00e1rez<\/a>.<\/p>\n<p>El 6 de diciembre de 2012, Enrique de la Madrid Cordero es nombrado Director General de\u00a0<a title=\"Banco Nacional de Comercio Exterior (M\u00e9xico)\" href=\"https:\/\/es.wikipedia.org\/wiki\/Banco_Nacional_de_Comercio_Exterior_(M%C3%A9xico)\" target=\"_blank\" rel=\"noopener\">Banco Nacional de Comercio Exterior<\/a>\u00a0(Bancomext) por el presidente\u00a0<a title=\"Enrique Pe\u00f1a Nieto\" href=\"https:\/\/es.wikipedia.org\/wiki\/Enrique_Pe%C3%B1a_Nieto\" target=\"_blank\" rel=\"noopener\">Enrique Pe\u00f1a Nieto<\/a>, el cual ocup\u00f3 hasta antes de esta nueva designaci\u00f3n.<\/p>\n<p>El Presidente convoc\u00f3 a los nuevos miembros del gabinete a servir a M\u00e9xico con absoluta entrega, pasi\u00f3n y profesionalismo; dar su m\u00e1ximo esfuerzo, ser eficientes, eficaces y transparentes. As\u00ed como desempe\u00f1arse invariablemente con respeto a la ley.<\/p>\n<p>Expres\u00f3 su reconocimiento personal e institucional a quienes al frente de diversas dependencias y unidades de la Presidencia de la Rep\u00fablica contribuyeron a mover y transformar positivamente a M\u00e9xico.<\/p>\n","protected":false},"excerpt":{"rendered":"<p>El Presidente Enrique Pe\u00f1a Nieto, entre los nuevos nombramientos de su gabinete legal y ampliado, present\u00f3&hellip;<\/p>\n","protected":false},"author":2,"featured_media":10432,"comment_status":"open","ping_status":"open","sticky":false,"template":"","format":"standard","meta":{"_acf_changed":false,"_lmt_disableupdate":"","_lmt_disable":"","_mbp_gutenberg_autopost":false,"footnotes":""},"categories":[9,23,8],"tags":[],"class_list":["post-10429","post","type-post","status-publish","format-standard","has-post-thumbnail","hentry","category-nombramientos","category-noticias","category-turismo"],"acf":[],"_links":{"self":[{"href":"https:\/\/l21.mx\/index.php?rest_route=\/wp\/v2\/posts\/10429","targetHints":{"allow":["GET"]}}],"collection":[{"href":"https:\/\/l21.mx\/index.php?rest_route=\/wp\/v2\/posts"}],"about":[{"href":"https:\/\/l21.mx\/index.php?rest_route=\/wp\/v2\/types\/post"}],"author":[{"embeddable":true,"href":"https:\/\/l21.mx\/index.php?rest_route=\/wp\/v2\/users\/2"}],"replies":[{"embeddable":true,"href":"https:\/\/l21.mx\/index.php?rest_route=%2Fwp%2Fv2%2Fcomments&post=10429"}],"version-history":[{"count":0,"href":"https:\/\/l21.mx\/index.php?rest_route=\/wp\/v2\/posts\/10429\/revisions"}],"wp:featuredmedia":[{"embeddable":true,"href":"https:\/\/l21.mx\/index.php?rest_route=\/wp\/v2\/media\/10432"}],"wp:attachment":[{"href":"https:\/\/l21.mx\/index.php?rest_route=%2Fwp%2Fv2%2Fmedia&parent=10429"}],"wp:term":[{"taxonomy":"category","embeddable":true,"href":"https:\/\/l21.mx\/index.php?rest_route=%2Fwp%2Fv2%2Fcategories&post=10429"},{"taxonomy":"post_tag","embeddable":true,"href":"https:\/\/l21.mx\/index.php?rest_route=%2Fwp%2Fv2%2Ftags&post=10429"}],"curies":[{"name":"wp","href":"https:\/\/api.w.org\/{rel}","templated":true}]}}