{"id":10527,"date":"2015-09-02T13:33:51","date_gmt":"2015-09-02T18:33:51","guid":{"rendered":"http:\/\/innovatori.space\/lat21\/?p=10527"},"modified":"2015-09-02T13:52:14","modified_gmt":"2015-09-02T18:52:14","slug":"fendi","status":"publish","type":"post","link":"https:\/\/l21.mx\/?p=10527","title":{"rendered":"Fendi"},"content":{"rendered":"<p><a href=\"http:\/\/l21.mx\/wp-content\/uploads\/2015\/09\/fendi.jpg\" data-rel=\"penci-gallery-image-content\" ><img fetchpriority=\"high\" decoding=\"async\" class=\"aligncenter size-full wp-image-10538\" title=\"fendi\" src=\"http:\/\/l21.mx\/wp-content\/uploads\/2015\/09\/fendi.jpg\" alt=\"\" width=\"858\" height=\"598\" srcset=\"https:\/\/l21.mx\/wp-content\/uploads\/2015\/09\/fendi.jpg 858w, https:\/\/l21.mx\/wp-content\/uploads\/2015\/09\/fendi-300x209.jpg 300w, https:\/\/l21.mx\/wp-content\/uploads\/2015\/09\/fendi-768x535.jpg 768w, https:\/\/l21.mx\/wp-content\/uploads\/2015\/09\/fendi-585x408.jpg 585w\" sizes=\"(max-width: 858px) 100vw, 858px\" \/><\/a><\/p>\n<p>Con una inversi\u00f3n de un mill\u00f3n 357 mil d\u00f3lares, la firma italiana Fendi se incorpora al portafolio de marcas del piso de Luxury Avenue, bajo un nuevo concepto de retail de lujo inspirado en sus ra\u00edces romanas. Fendi Canc\u00fan, en su nuevo espacio de 117 m2, pone a disposici\u00f3n zapatos para hombres y mujeres, bolsas y accesorios. Es la tienda n\u00famero cinco en M\u00e9xico y la sucursal 260 a nivel mundial. Gener\u00f3 20 empleos directos y 48 indirectos. Luxury Avenue Boutique Mall. Tel\u00e9fono: (998) 848-73-00 ext. 4690.\u00a0 www.luxuryavenue.com. Face\/Twitter Luxury Avenue.<\/p>\n<div><\/div>\n","protected":false},"excerpt":{"rendered":"<p>Con una inversi\u00f3n de un mill\u00f3n 357 mil d\u00f3lares, la firma italiana Fendi se incorpora al&hellip;<\/p>\n","protected":false},"author":2,"featured_media":10538,"comment_status":"open","ping_status":"open","sticky":false,"template":"","format":"standard","meta":{"_acf_changed":false,"_lmt_disableupdate":"","_lmt_disable":"","_mbp_gutenberg_autopost":false,"footnotes":""},"categories":[23,10],"tags":[],"class_list":["post-10527","post","type-post","status-publish","format-standard","has-post-thumbnail","hentry","category-noticias","category-sube-y-baja"],"acf":[],"_links":{"self":[{"href":"https:\/\/l21.mx\/index.php?rest_route=\/wp\/v2\/posts\/10527","targetHints":{"allow":["GET"]}}],"collection":[{"href":"https:\/\/l21.mx\/index.php?rest_route=\/wp\/v2\/posts"}],"about":[{"href":"https:\/\/l21.mx\/index.php?rest_route=\/wp\/v2\/types\/post"}],"author":[{"embeddable":true,"href":"https:\/\/l21.mx\/index.php?rest_route=\/wp\/v2\/users\/2"}],"replies":[{"embeddable":true,"href":"https:\/\/l21.mx\/index.php?rest_route=%2Fwp%2Fv2%2Fcomments&post=10527"}],"version-history":[{"count":0,"href":"https:\/\/l21.mx\/index.php?rest_route=\/wp\/v2\/posts\/10527\/revisions"}],"wp:featuredmedia":[{"embeddable":true,"href":"https:\/\/l21.mx\/index.php?rest_route=\/wp\/v2\/media\/10538"}],"wp:attachment":[{"href":"https:\/\/l21.mx\/index.php?rest_route=%2Fwp%2Fv2%2Fmedia&parent=10527"}],"wp:term":[{"taxonomy":"category","embeddable":true,"href":"https:\/\/l21.mx\/index.php?rest_route=%2Fwp%2Fv2%2Fcategories&post=10527"},{"taxonomy":"post_tag","embeddable":true,"href":"https:\/\/l21.mx\/index.php?rest_route=%2Fwp%2Fv2%2Ftags&post=10527"}],"curies":[{"name":"wp","href":"https:\/\/api.w.org\/{rel}","templated":true}]}}