{"id":10577,"date":"2015-09-03T12:10:38","date_gmt":"2015-09-03T17:10:38","guid":{"rendered":"http:\/\/innovatori.space\/lat21\/?p=10577"},"modified":"2015-09-03T12:14:04","modified_gmt":"2015-09-03T17:14:04","slug":"neck-neck","status":"publish","type":"post","link":"https:\/\/l21.mx\/?p=10577","title":{"rendered":"Neck &#038; Neck"},"content":{"rendered":"<p><a href=\"http:\/\/l21.mx\/wp-content\/uploads\/2015\/09\/Neck-Neck.jpg\" data-rel=\"penci-gallery-image-content\" ><img fetchpriority=\"high\" decoding=\"async\" class=\"aligncenter size-large wp-image-10580\" title=\"Neck-&amp;-Neck\" src=\"http:\/\/l21.mx\/wp-content\/uploads\/2015\/09\/Neck-Neck-680x1024.jpg\" alt=\"\" width=\"680\" height=\"1024\" srcset=\"https:\/\/l21.mx\/wp-content\/uploads\/2015\/09\/Neck-Neck-680x1024.jpg 680w, https:\/\/l21.mx\/wp-content\/uploads\/2015\/09\/Neck-Neck-199x300.jpg 199w, https:\/\/l21.mx\/wp-content\/uploads\/2015\/09\/Neck-Neck-585x881.jpg 585w, https:\/\/l21.mx\/wp-content\/uploads\/2015\/09\/Neck-Neck.jpg 738w\" sizes=\"(max-width: 680px) 100vw, 680px\" \/><\/a><\/p>\n<p>La marca espa\u00f1ola Neck &amp; Neck, l\u00edder en moda infantil y con 200 tiendas distribuidas en 15 pa\u00edses, llega a Canc\u00fan con exclusivos dise\u00f1os para ni\u00f1os y ni\u00f1as de cero meses a 14 a\u00f1os de edad. Su colecci\u00f3n abarca desde trajes de ba\u00f1o, calzado, pijamas, su\u00e9teres, vestidos, bermudas, faldas y una variedad de ropa y accesorios. Superficie, 65 m2. Gener\u00f3 dos empleos directos y dos indirectos. Plaza La Roca. Bulevar Luis Donaldo Colosio local 4. Tel. 882-08-72. Facebook Neck-neck-mexico. wwwneckandneck.mx.<\/p>\n<div><\/div>\n","protected":false},"excerpt":{"rendered":"<p>La marca espa\u00f1ola Neck &amp; Neck, l\u00edder en moda infantil y con 200 tiendas distribuidas en&hellip;<\/p>\n","protected":false},"author":2,"featured_media":10580,"comment_status":"open","ping_status":"open","sticky":false,"template":"","format":"standard","meta":{"_acf_changed":false,"_lmt_disableupdate":"","_lmt_disable":"","_mbp_gutenberg_autopost":false,"footnotes":""},"categories":[23,10],"tags":[],"class_list":["post-10577","post","type-post","status-publish","format-standard","has-post-thumbnail","hentry","category-noticias","category-sube-y-baja"],"acf":[],"_links":{"self":[{"href":"https:\/\/l21.mx\/index.php?rest_route=\/wp\/v2\/posts\/10577","targetHints":{"allow":["GET"]}}],"collection":[{"href":"https:\/\/l21.mx\/index.php?rest_route=\/wp\/v2\/posts"}],"about":[{"href":"https:\/\/l21.mx\/index.php?rest_route=\/wp\/v2\/types\/post"}],"author":[{"embeddable":true,"href":"https:\/\/l21.mx\/index.php?rest_route=\/wp\/v2\/users\/2"}],"replies":[{"embeddable":true,"href":"https:\/\/l21.mx\/index.php?rest_route=%2Fwp%2Fv2%2Fcomments&post=10577"}],"version-history":[{"count":0,"href":"https:\/\/l21.mx\/index.php?rest_route=\/wp\/v2\/posts\/10577\/revisions"}],"wp:featuredmedia":[{"embeddable":true,"href":"https:\/\/l21.mx\/index.php?rest_route=\/wp\/v2\/media\/10580"}],"wp:attachment":[{"href":"https:\/\/l21.mx\/index.php?rest_route=%2Fwp%2Fv2%2Fmedia&parent=10577"}],"wp:term":[{"taxonomy":"category","embeddable":true,"href":"https:\/\/l21.mx\/index.php?rest_route=%2Fwp%2Fv2%2Fcategories&post=10577"},{"taxonomy":"post_tag","embeddable":true,"href":"https:\/\/l21.mx\/index.php?rest_route=%2Fwp%2Fv2%2Ftags&post=10577"}],"curies":[{"name":"wp","href":"https:\/\/api.w.org\/{rel}","templated":true}]}}