{"id":10609,"date":"2015-09-03T12:34:31","date_gmt":"2015-09-03T17:34:31","guid":{"rendered":"http:\/\/innovatori.space\/lat21\/?p=10609"},"modified":"2015-09-03T12:43:31","modified_gmt":"2015-09-03T17:43:31","slug":"congreso-nacional-de-comercio-exterior-y-aduanas","status":"publish","type":"post","link":"https:\/\/l21.mx\/?p=10609","title":{"rendered":"Congreso Nacional de Comercio Exterior y Aduanas"},"content":{"rendered":"<p>&nbsp;<\/p>\n<p><span style=\"color: #993300; font-family: 'Helvetica Neue', Helvetica, Arial, sans-serif;\"><strong><a href=\"http:\/\/l21.mx\/wp-content\/uploads\/2015\/09\/Congreso-Nacional-de-Comercio-Exterior-y-Aduanas.jpg\" data-rel=\"penci-gallery-image-content\" ><img fetchpriority=\"high\" decoding=\"async\" class=\"aligncenter size-large wp-image-10612\" title=\"Congreso-Nacional-de-Comercio-Exterior-y-Aduanas\" src=\"http:\/\/l21.mx\/wp-content\/uploads\/2015\/09\/Congreso-Nacional-de-Comercio-Exterior-y-Aduanas-1024x523.jpg\" alt=\"\" width=\"1024\" height=\"523\" \/><\/a><\/strong><\/span><\/p>\n<ul>\n<li><strong><span style=\"color: #993300;\">Qu\u00e9:<\/span> Congreso Nacional de Comercio Exterior y Aduanas<\/strong><\/li>\n<li><strong><span style=\"color: #993300;\">D\u00f3nde:<\/span> JW Marriott Canc\u00fan<\/strong><\/li>\n<li style=\"text-align: justify;\"><strong><span style=\"color: #993300;\">Cu\u00e1ndo:<\/span> Julio 2015<\/strong><\/li>\n<\/ul>\n<p>Con el tema Aduanas y log\u00edstica: detonantes del desarrollo nacional, se llev\u00f3 a cabo en Canc\u00fan el LXXVI Congreso Nacional de Comercio Exterior y Aduanas de la Confederaci\u00f3n de Asociaciones de Agentes Aduanales de la Rep\u00fablica Mexicana (Caaarem). En el evento de dos d\u00edas, el secretario de Hacienda y Cr\u00e9dito P\u00fablico (SHCP), Luis Videgaray, anunci\u00f3 que esta dependencia invertir\u00e1 en la actual administraci\u00f3n m\u00e1s de nueve mil 300 millones de pesos en 33 proyectos de modernizaci\u00f3n en las aduanas. Afirm\u00f3 que en el segundo semestre del a\u00f1o estar\u00e1n listos los tres primeros proyectos de predespacho aduanero, de los cuales el primero estar\u00e1 en Laredo, Texas, para la importaci\u00f3n de insumos electr\u00f3nicos y partes que utilizan las industrias automotriz y aeroespacial. El segundo se ubicar\u00e1 en Mesa de Otay, Tijuana, para las exportaciones de productos agr\u00edcolas mexicanos, y el tercero en Ciudad Ju\u00e1rez, Chihuahua, para la exportaci\u00f3n de productos electr\u00f3nicos y de computaci\u00f3n.<\/p>\n<div><\/div>\n","protected":false},"excerpt":{"rendered":"<p>&nbsp; Qu\u00e9: Congreso Nacional de Comercio Exterior y Aduanas D\u00f3nde: JW Marriott Canc\u00fan Cu\u00e1ndo: Julio 2015&hellip;<\/p>\n","protected":false},"author":2,"featured_media":10612,"comment_status":"open","ping_status":"open","sticky":false,"template":"","format":"standard","meta":{"_acf_changed":false,"_lmt_disableupdate":"","_lmt_disable":"","_mbp_gutenberg_autopost":false,"footnotes":""},"categories":[23],"tags":[],"class_list":["post-10609","post","type-post","status-publish","format-standard","has-post-thumbnail","hentry","category-noticias"],"acf":[],"_links":{"self":[{"href":"https:\/\/l21.mx\/index.php?rest_route=\/wp\/v2\/posts\/10609","targetHints":{"allow":["GET"]}}],"collection":[{"href":"https:\/\/l21.mx\/index.php?rest_route=\/wp\/v2\/posts"}],"about":[{"href":"https:\/\/l21.mx\/index.php?rest_route=\/wp\/v2\/types\/post"}],"author":[{"embeddable":true,"href":"https:\/\/l21.mx\/index.php?rest_route=\/wp\/v2\/users\/2"}],"replies":[{"embeddable":true,"href":"https:\/\/l21.mx\/index.php?rest_route=%2Fwp%2Fv2%2Fcomments&post=10609"}],"version-history":[{"count":0,"href":"https:\/\/l21.mx\/index.php?rest_route=\/wp\/v2\/posts\/10609\/revisions"}],"wp:featuredmedia":[{"embeddable":true,"href":"https:\/\/l21.mx\/index.php?rest_route=\/wp\/v2\/media\/10612"}],"wp:attachment":[{"href":"https:\/\/l21.mx\/index.php?rest_route=%2Fwp%2Fv2%2Fmedia&parent=10609"}],"wp:term":[{"taxonomy":"category","embeddable":true,"href":"https:\/\/l21.mx\/index.php?rest_route=%2Fwp%2Fv2%2Fcategories&post=10609"},{"taxonomy":"post_tag","embeddable":true,"href":"https:\/\/l21.mx\/index.php?rest_route=%2Fwp%2Fv2%2Ftags&post=10609"}],"curies":[{"name":"wp","href":"https:\/\/api.w.org\/{rel}","templated":true}]}}