{"id":10654,"date":"2015-09-03T17:01:09","date_gmt":"2015-09-03T22:01:09","guid":{"rendered":"http:\/\/innovatori.space\/lat21\/?p=10654"},"modified":"2015-09-03T17:01:18","modified_gmt":"2015-09-03T22:01:18","slug":"nombramientos-sptiembre-2015","status":"publish","type":"post","link":"https:\/\/l21.mx\/?p=10654","title":{"rendered":"Nombramientos Septiembre 2015"},"content":{"rendered":"<p style=\"text-align: center;\">ASOCIACIONES<br \/>\n<a href=\"http:\/\/l21.mx\/wp-content\/uploads\/2015\/09\/Dar\u00edo-Flota.png\" data-rel=\"penci-gallery-image-content\" ><img fetchpriority=\"high\" decoding=\"async\" class=\"aligncenter size-medium wp-image-10662\" title=\"Dar\u00edo Flota\" src=\"http:\/\/l21.mx\/wp-content\/uploads\/2015\/09\/Dar\u00edo-Flota-208x300.png\" alt=\"\" width=\"208\" height=\"300\" srcset=\"https:\/\/l21.mx\/wp-content\/uploads\/2015\/09\/Dar\u00edo-Flota-208x300.png 208w, https:\/\/l21.mx\/wp-content\/uploads\/2015\/09\/Dar\u00edo-Flota.png 380w\" sizes=\"(max-width: 208px) 100vw, 208px\" \/><\/a><\/p>\n<p style=\"text-align: center;\"><strong>Dar\u00edo Flota\u00a0<\/strong><\/p>\n<ul>\n<li>es el nuevo presidente de la Asociaci\u00f3n de Mercadotecnia de Destinos de M\u00e9xico A.C. en sustituci\u00f3n de Luis Felipe Nu\u00f1o.<\/li>\n<li><strong>Lugar de origen:\u00a0<\/strong>M\u00e9rida, Yucat\u00e1n.<\/li>\n<li><strong>Arribo a Canc\u00fan:\u00a0<\/strong>1988<\/li>\n<li><strong>Estudios:\u00a0<\/strong>Ingenier\u00eda Industrial, Tecnol\u00f3gico de M\u00e9rida. Maestr\u00eda en Administraci\u00f3n y Mercadotecnia, Universidad La Salle.<\/li>\n<li><strong>Desarrollo profesional:\u00a0<\/strong><\/li>\n<li>Fideicomiso de Promoci\u00f3n Tur\u00edstica de Cozumel y\u00a0 Riviera Maya, Sedetur,<\/li>\n<li>Magnicharters, Aviomar.<\/li>\n<li><\/li>\n<\/ul>\n<p style=\"text-align: center;\">EMPRESAS<br \/>\n<a href=\"http:\/\/l21.mx\/wp-content\/uploads\/2015\/09\/Fernando-V\u00e1zquez-.png\" data-rel=\"penci-gallery-image-content\" ><img decoding=\"async\" class=\"aligncenter size-medium wp-image-10661\" title=\"Fernando V\u00e1zquez\" src=\"http:\/\/l21.mx\/wp-content\/uploads\/2015\/09\/Fernando-V\u00e1zquez--209x300.png\" alt=\"\" width=\"209\" height=\"300\" \/><\/a><strong>Fernando V\u00e1zquez\u00a0<\/strong><\/p>\n<ul>\n<li>asume la direcci\u00f3n general de Grupo Farrera Automotriz en sustituci\u00f3n de R\u00f3mulo Farrera.<\/li>\n<li><strong>Lugar de origen:<\/strong>\u00a0Tuxtla Guti\u00e9rrez, Chiapas.<\/li>\n<li><strong>Estudios:\u00a0<\/strong>Administraci\u00f3n de Empresas, Instituto Tecnol\u00f3gico de Monterrey; Posgrado en Alta Direcci\u00f3n de Empresas, IPADE.<\/li>\n<li><strong>Desarrollo profesional:\u00a0<\/strong>Grupo Farrera, Honda.<\/li>\n<li><\/li>\n<\/ul>\n<p style=\"text-align: center;\">HOTELES<br \/>\n<a href=\"http:\/\/l21.mx\/wp-content\/uploads\/2015\/09\/Mario-Mathieu.png\" data-rel=\"penci-gallery-image-content\" ><img decoding=\"async\" class=\"aligncenter size-medium wp-image-10660\" title=\"Mario Mathieu\" src=\"http:\/\/l21.mx\/wp-content\/uploads\/2015\/09\/Mario-Mathieu-212x300.png\" alt=\"\" width=\"212\" height=\"300\" \/><\/a><strong>Mario Mathieu<\/strong><\/p>\n<ul>\n<li>es nombrado director de Operaciones Regi\u00f3n Caribe de Karisma Hotels &amp; Resorts. (Puesto de nueva creaci\u00f3n).<\/li>\n<li><strong>Lugar de origen:<\/strong>\u00a0Montreal, Canad\u00e1.<\/li>\n<li><strong>Arribo a Riviera Maya:<\/strong>\u00a02011<\/li>\n<li><strong>Estudios:\u00a0<\/strong>Chef, Colegio Jacques Rousseau; entrenamiento de alta direcci\u00f3n, Universidad de Cornell.<\/li>\n<li><strong>Desarrollo profesional:\u00a0<\/strong>Fairmont Hotels and Resorts, Canad\u00e1 y M\u00e9xico; Resort Mundo Imperial, Acapulco, y Four Seasons Hotels and Resorts.<\/li>\n<\/ul>\n<p style=\"text-align: center;\">HOTELES<\/p>\n<p style=\"text-align: center;\"><a href=\"http:\/\/l21.mx\/wp-content\/uploads\/2015\/09\/Eric-Bacmeister-.png\" data-rel=\"penci-gallery-image-content\" ><img loading=\"lazy\" decoding=\"async\" class=\"aligncenter size-medium wp-image-10659\" title=\"Eric Bacmeister\" src=\"http:\/\/l21.mx\/wp-content\/uploads\/2015\/09\/Eric-Bacmeister--214x300.png\" alt=\"\" width=\"214\" height=\"300\" \/><\/a><\/p>\n<p style=\"text-align: center;\"><strong>Eric Bacmeister\u00a0<\/strong><\/p>\n<ul>\n<li>ocupa la direcci\u00f3n de Ventas All Inclusive de Live Aqua Canc\u00fan y Fiesta Americana Condesa Canc\u00fan en sustituci\u00f3n de Ana Gon.<\/li>\n<li><strong>Lugar de origen:\u00a0<\/strong>Ciudad de M\u00e9xico.<\/li>\n<li><strong>Arribo a Canc\u00fan:<\/strong>\u00a02015<\/li>\n<li><strong>Estudios:\u00a0<\/strong>Licenciado en Administraci\u00f3n Hotelera, Escuela Panamericana de Hoteler\u00eda de la Ciudad de M\u00e9xico.<\/li>\n<li><strong>Desarrollo profesional:\u00a0<\/strong>Hoteles Radisson, Westin, Meli\u00e1, Presidente InterContinental, Hoteles Pueblo Bonito y Arriva Hospitality Group.<\/li>\n<li><\/li>\n<\/ul>\n<p style=\"text-align: center;\">ASOCIACIONES<\/p>\n<p style=\"text-align: center;\"><a href=\"http:\/\/l21.mx\/wp-content\/uploads\/2015\/09\/Mar\u00eda-de-Montserrat-Cer\u00f3n-.png\" data-rel=\"penci-gallery-image-content\" ><img loading=\"lazy\" decoding=\"async\" class=\"aligncenter size-medium wp-image-10655\" title=\"Mar\u00eda de Montserrat Cer\u00f3n\" src=\"http:\/\/l21.mx\/wp-content\/uploads\/2015\/09\/Mar\u00eda-de-Montserrat-Cer\u00f3n--217x300.png\" alt=\"\" width=\"217\" height=\"300\" srcset=\"https:\/\/l21.mx\/wp-content\/uploads\/2015\/09\/Mar\u00eda-de-Montserrat-Cer\u00f3n--217x300.png 217w, https:\/\/l21.mx\/wp-content\/uploads\/2015\/09\/Mar\u00eda-de-Montserrat-Cer\u00f3n-.png 383w\" sizes=\"(max-width: 217px) 100vw, 217px\" \/><\/a><strong>Mar\u00eda de\u00a0<\/strong><strong>Montserrat Cer\u00f3n\u00a0<\/strong><\/p>\n<ul>\n<li>es la directora de la Asociaci\u00f3n de Plazas Comerciales del Sureste. (Puesto de nueva creaci\u00f3n).<\/li>\n<li><strong>Lugar de origen:\u00a0<\/strong>Ciudad de M\u00e9xico.<\/li>\n<li><strong>Arribo a Canc\u00fan:\u00a0<\/strong>1991<\/li>\n<li><strong>Estudios:<\/strong>\u00a0Licenciada en Administraci\u00f3n de Empresas, Universidad Panamericana.<\/li>\n<li><strong>Desarrollo profesional:\u00a0<\/strong>You Can Learn Global, Posadas de M\u00e9xico, DIF Benito.<\/li>\n<li><\/li>\n<\/ul>\n<p style=\"text-align: center;\">EMPRESAS<\/p>\n<p style=\"text-align: center;\"><a href=\"http:\/\/l21.mx\/wp-content\/uploads\/2015\/09\/alejandro-candiani.png\" data-rel=\"penci-gallery-image-content\" ><img loading=\"lazy\" decoding=\"async\" class=\"aligncenter size-medium wp-image-10656\" title=\"alejandro candiani\" src=\"http:\/\/l21.mx\/wp-content\/uploads\/2015\/09\/alejandro-candiani-216x300.png\" alt=\"\" width=\"216\" height=\"300\" srcset=\"https:\/\/l21.mx\/wp-content\/uploads\/2015\/09\/alejandro-candiani-216x300.png 216w, https:\/\/l21.mx\/wp-content\/uploads\/2015\/09\/alejandro-candiani.png 377w\" sizes=\"(max-width: 216px) 100vw, 216px\" \/><\/a><strong>Alejandro Candiani\u00a0<\/strong><\/p>\n<ul>\n<li>ocupa el cargo de gerente de La Europea Zona Hotelera en sustituci\u00f3n de Ulises \u00c1lvarez.<\/li>\n<li><strong>Lugar de origen:\u00a0<\/strong>Ciudad de M\u00e9xico.<\/li>\n<li><strong>Arribo a Canc\u00fan:<\/strong>\u00a02000<\/li>\n<li><strong>Estudios:\u00a0<\/strong>Licenciatura en Administraci\u00f3n de Empresas, INEA en l\u00ednea.<\/li>\n<li><strong>Desarrollo profesional:\u00a0<\/strong>Distribuidora Java, Importadora Cheng Corp., Ferre.<\/li>\n<li><\/li>\n<\/ul>\n<p style=\"text-align: center;\">ORGANISMOS<\/p>\n<p style=\"text-align: center;\"><a href=\"http:\/\/l21.mx\/wp-content\/uploads\/2015\/09\/Cristina-Rosado.png\" data-rel=\"penci-gallery-image-content\" ><img loading=\"lazy\" decoding=\"async\" class=\"aligncenter size-medium wp-image-10657\" title=\"Cristina Rosado\" src=\"http:\/\/l21.mx\/wp-content\/uploads\/2015\/09\/Cristina-Rosado-218x300.png\" alt=\"\" width=\"218\" height=\"300\" srcset=\"https:\/\/l21.mx\/wp-content\/uploads\/2015\/09\/Cristina-Rosado-218x300.png 218w, https:\/\/l21.mx\/wp-content\/uploads\/2015\/09\/Cristina-Rosado.png 377w\" sizes=\"(max-width: 218px) 100vw, 218px\" \/><\/a><strong>Cristina Rosado<\/strong><\/p>\n<ul>\n<li>asume la gerencia de Relaciones P\u00fablicas para Latinoam\u00e9rica y Asia de la OVC de Canc\u00fan en sustituci\u00f3n de Erika Mitzunaga.<\/li>\n<li><strong>Lugar de origen:\u00a0<\/strong>Canc\u00fan, Q. Roo.<\/li>\n<li><strong>Estudios:\u00a0<\/strong>Licenciatura en Turismo, College of the North Atlantic, Canad\u00e1.<\/li>\n<li><strong>Desarrollo profesional:\u00a0<\/strong>OVC, Hotel Villas del Palmar.<\/li>\n<li><\/li>\n<\/ul>\n<p style=\"text-align: center;\">EMPRESAS<\/p>\n<p style=\"text-align: center;\"><a href=\"http:\/\/l21.mx\/wp-content\/uploads\/2015\/09\/Bertha-Elena-Romo.png\" data-rel=\"penci-gallery-image-content\" ><img loading=\"lazy\" decoding=\"async\" class=\"aligncenter size-medium wp-image-10658\" title=\"Bertha Elena Romo\" src=\"http:\/\/l21.mx\/wp-content\/uploads\/2015\/09\/Bertha-Elena-Romo-212x300.png\" alt=\"\" width=\"212\" height=\"300\" \/><\/a><strong>Bertha Elena Romo\u00a0<\/strong><\/p>\n<ul>\n<li>es la nueva gerente de ventas de La Europea, en sustituci\u00f3n de Miguel de la Cruz.<\/li>\n<li><strong>Lugar de origen:\u00a0<\/strong>Monclova, Coahuila.<\/li>\n<li><strong>Arribo a Canc\u00fan:\u00a0<\/strong>2012<\/li>\n<li><strong>Estudios:<\/strong>\u00a0Ingenier\u00eda en Sistemas Computacionales, Maestr\u00eda en Planificaci\u00f3n de Empresas y Desarrollo Regional, Instituto Tecnol\u00f3gico de M\u00e9rida.<\/li>\n<li><strong>Desarrollo profesional:\u00a0<\/strong>La Madrile\u00f1a, Cervecer\u00eda Cuauht\u00e9moc Moctezuma- Heineken de M\u00e9xico, Kraft Foods de M\u00e9xico.<\/li>\n<\/ul>\n","protected":false},"excerpt":{"rendered":"<p>ASOCIACIONES Dar\u00edo Flota\u00a0 es el nuevo presidente de la Asociaci\u00f3n de Mercadotecnia de Destinos de M\u00e9xico&hellip;<\/p>\n","protected":false},"author":2,"featured_media":10662,"comment_status":"open","ping_status":"open","sticky":false,"template":"","format":"standard","meta":{"_acf_changed":false,"_lmt_disableupdate":"","_lmt_disable":"","_mbp_gutenberg_autopost":false,"footnotes":""},"categories":[9],"tags":[],"class_list":["post-10654","post","type-post","status-publish","format-standard","has-post-thumbnail","hentry","category-nombramientos"],"acf":[],"_links":{"self":[{"href":"https:\/\/l21.mx\/index.php?rest_route=\/wp\/v2\/posts\/10654","targetHints":{"allow":["GET"]}}],"collection":[{"href":"https:\/\/l21.mx\/index.php?rest_route=\/wp\/v2\/posts"}],"about":[{"href":"https:\/\/l21.mx\/index.php?rest_route=\/wp\/v2\/types\/post"}],"author":[{"embeddable":true,"href":"https:\/\/l21.mx\/index.php?rest_route=\/wp\/v2\/users\/2"}],"replies":[{"embeddable":true,"href":"https:\/\/l21.mx\/index.php?rest_route=%2Fwp%2Fv2%2Fcomments&post=10654"}],"version-history":[{"count":0,"href":"https:\/\/l21.mx\/index.php?rest_route=\/wp\/v2\/posts\/10654\/revisions"}],"wp:featuredmedia":[{"embeddable":true,"href":"https:\/\/l21.mx\/index.php?rest_route=\/wp\/v2\/media\/10662"}],"wp:attachment":[{"href":"https:\/\/l21.mx\/index.php?rest_route=%2Fwp%2Fv2%2Fmedia&parent=10654"}],"wp:term":[{"taxonomy":"category","embeddable":true,"href":"https:\/\/l21.mx\/index.php?rest_route=%2Fwp%2Fv2%2Fcategories&post=10654"},{"taxonomy":"post_tag","embeddable":true,"href":"https:\/\/l21.mx\/index.php?rest_route=%2Fwp%2Fv2%2Ftags&post=10654"}],"curies":[{"name":"wp","href":"https:\/\/api.w.org\/{rel}","templated":true}]}}