{"id":1073,"date":"2012-12-12T12:52:01","date_gmt":"2012-12-12T18:52:01","guid":{"rendered":"http:\/\/innovatori.space\/lat21\/?p=1073"},"modified":"2012-12-13T11:18:11","modified_gmt":"2012-12-13T17:18:11","slug":"anuncia-gobierno-del-estado-itinerario-de-actividades-por-renacer-mundo-maya-2012","status":"publish","type":"post","link":"https:\/\/l21.mx\/?p=1073","title":{"rendered":"Anuncia gobierno del Estado itinerario de actividades por \u201cRenacer Mundo Maya 2012\u201d"},"content":{"rendered":"<p><em><a href=\"http:\/\/l21.mx\/wp-content\/uploads\/2012\/12\/conf.jpg\" data-rel=\"penci-gallery-image-content\" ><img fetchpriority=\"high\" decoding=\"async\" class=\"aligncenter size-large wp-image-1066\" title=\"conf\" src=\"http:\/\/l21.mx\/wp-content\/uploads\/2012\/12\/conf-1024x555.jpg\" alt=\"\" width=\"1024\" height=\"555\" \/><\/a>*Destacan para<\/em><em>\u00a0el 20 de diciembre las presentaciones de dos de los m\u00e1s grandes cantautores de <strong>M\u00e9xico<\/strong>: <strong>Juan Gabriel, en el Malec\u00f3n Tajamar, en Canc\u00fan, y Armando Manzanero, en Punta Sur, Isla Mujeres<\/strong><\/em><\/p>\n<p><em>*<\/em><em>El <strong>21 de diciembre<\/strong>, en <strong>Puerto Morelos<\/strong>, se har\u00e1 la colocaci\u00f3n de la C\u00e1psula del Tiempo en el \u201cSantuario de la Esperanza\u201d, en donde se incluir\u00e1n 250 mensajes de reconocidos personajes y la comunidad en general<\/em><\/p>\n<p><em>*<\/em><em>El <strong>22 de diciembre<\/strong>,\u00a0<\/em><em>en<strong> Tulum<\/strong>, se efectuar\u00e1 la coronaci\u00f3n de la <strong>Pir\u00e1mide de los Pensamientos Positivos<\/strong>, una infraestructura de 18 metros de altura elaborada con 700 mil botellas de pl\u00e1stico (PET)<\/em><\/p>\n<p><em>*El secretario de Turismo, Juan Carlos Gonz\u00e1lez Hern\u00e1ndez, estim\u00f3 que\u00a0<\/em><em>el 2012 cerrar\u00eda con una derrama econ\u00f3mica global en el Estado de 10 mil millones de d\u00f3lares<\/em><\/p>\n<p><strong>CANC\u00daN, Quintana Roo, 11 de diciembre.<\/strong>\u2014 El <strong>Gobierno del Estado<\/strong>, por medio de la Secretar\u00eda Estatal de Turismo, anunci\u00f3 una serie de eventos que marcan el momento c\u00faspide de los festejos \u00a0de este a\u00f1o, denominado \u201c<strong>Renacer Mundo Maya 2012<\/strong>\u201d, con actividades organizadas por los tres \u00f3rdenes de gobierno y el sector privado, que contribuir\u00e1n a una ocupaci\u00f3n hotelera general superior al 95 por ciento.<\/p>\n<p>El <strong>20 de diciembre<\/strong>, en el Malec\u00f3n Tajamar, en <strong>Canc\u00fan<\/strong>, se contar\u00e1 con la presentaci\u00f3n estelar del afamado cantautor mexicano, Juan Gabriel; en la misma fecha, en Punta Sur, en Isla Mujeres, Armando Manzanero ofrecer\u00e1 un concierto. Ambos eventos ser\u00e1n gratuitos, con boletos que se entregar\u00e1n previamente.<\/p>\n<p>En la misma fecha, en <strong>Cozumel<\/strong>, se llevar\u00e1 al cabo el evento <strong>Amanecer del Mundo Maya<\/strong>, que es la colocaci\u00f3n de una C\u00e1psula del Tiempo en la que se depositar\u00e1n fotos, pensamientos y filmaciones; todo enmarcado en un programa de actividades culturales.<\/p>\n<p>As\u00ed lo dio a conocer en rueda de prensa, el secretario estatal de Turismo, Juan Carlos Gonz\u00e1lez Hern\u00e1ndez, acompa\u00f1ado del director de la Oficina de Visitantes y Convenciones de Canc\u00fan (OVC), Jes\u00fas Almaguer Salazar; del vicepresidente del Grupo Xcaret, Carlos Constandse Madrazo; de la directora de Promoci\u00f3n y Mercadotecnia del Fideicomiso de Promoci\u00f3n Tur\u00edstica de la Riviera Maya, Lizzie Cole Guerrera; el arque\u00f3logo Luis Joaqu\u00edn Leira Guillermo, investigador del Instituto Nacional de Antropolog\u00eda e Historia (INAH) Quintana Roo y del promotor Hermes Noyola Onofre.<\/p>\n<p>Indic\u00f3 tambi\u00e9n que el 21 de diciembre, en Puerto Morelos, alrededor del mediod\u00eda se har\u00e1 la colocaci\u00f3n de la C\u00e1psula del Tiempo en el \u201cSantuario de la Esperanza\u201d, ubicada a 800 metros del puente, en donde se incluir\u00e1n 250 mensajes de reconocidos personajes del \u00e1mbito art\u00edstico, cultural, deportivo, acad\u00e9mico y comunidad en general de nivel local e internacional.<\/p>\n<p>Ese mismo d\u00eda, en Canc\u00fan, se realizar\u00e1n conferencias sobre la <strong>Cultura Maya<\/strong> y la celebraci\u00f3n de inicio de la Nueva Era, impartidas por expertos en la material del INAH en las instalaciones del <strong>Museo Maya<\/strong> de este polo tur\u00edstico.<\/p>\n<p>Adem\u00e1s, en <strong>Xcaret<\/strong>, se efectuar\u00e1 una celebraci\u00f3n relativa a la Nueva Era. El programa incluye la bienvenida \u201cPortal del Tiempo\u201d; recorrido por las cavernas \u201cViajando al Xibalb\u00e1\u201d; Ceremonia Renacer 2012; Exhibici\u00f3n de Productos de Comunidades Mayas; el fest\u00edn \u201cTributo a la pesca\u201d; Demostraci\u00f3n ritual maya 2012\u00a0 y la despedida, Reflexi\u00f3n de cambio de conciencia y compromisos.<\/p>\n<p>El 22 de diciembre, en Tulum, se efectuar\u00e1 la coronaci\u00f3n de la Pir\u00e1mide de los Pensamientos Positivos, elaborada con 700 mil botellas de pl\u00e1stico (PET), de 18 metros de altura.<\/p>\n<p>El titular de la Sedetur indic\u00f3 que para la organizaci\u00f3n y promoci\u00f3n de estas actividades se invirtieron alrededor de 20 millones de pesos, eventos que, de acuerdo con las reservaciones hoteleras para la \u00faltima quincena de diciembre, permitir\u00e1n a <strong>Quintana Roo<\/strong> alcanzar un promedio de ocupaci\u00f3n hotelera general superior al 95 por ciento y terminar el a\u00f1o 2012 con una derrama econ\u00f3mica global de 10 mil millones de d\u00f3lares.<\/p>\n<p>El funcionario coment\u00f3 tambi\u00e9n que del 29 de diciembre del 2012 al 13 de enero del 2013 se efectuar\u00e1n diversos eventos privados que incluyen conciertos art\u00edsticos en Canc\u00fan y <strong>Playa del Carmen<\/strong>, entre los que destacan la presentaci\u00f3n de <strong>David Guetta<\/strong>, de<strong> Tiesto<\/strong>,<strong> <\/strong>y<strong> Usher.<\/strong><\/p>\n","protected":false},"excerpt":{"rendered":"<p>*Destacan para\u00a0el 20 de diciembre las presentaciones de dos de los m\u00e1s grandes cantautores de M\u00e9xico:&hellip;<\/p>\n","protected":false},"author":2,"featured_media":0,"comment_status":"open","ping_status":"open","sticky":false,"template":"","format":"standard","meta":{"_acf_changed":false,"_lmt_disableupdate":"","_lmt_disable":"","_mbp_gutenberg_autopost":false,"footnotes":""},"categories":[23],"tags":[],"class_list":["post-1073","post","type-post","status-publish","format-standard","hentry","category-noticias"],"acf":[],"_links":{"self":[{"href":"https:\/\/l21.mx\/index.php?rest_route=\/wp\/v2\/posts\/1073","targetHints":{"allow":["GET"]}}],"collection":[{"href":"https:\/\/l21.mx\/index.php?rest_route=\/wp\/v2\/posts"}],"about":[{"href":"https:\/\/l21.mx\/index.php?rest_route=\/wp\/v2\/types\/post"}],"author":[{"embeddable":true,"href":"https:\/\/l21.mx\/index.php?rest_route=\/wp\/v2\/users\/2"}],"replies":[{"embeddable":true,"href":"https:\/\/l21.mx\/index.php?rest_route=%2Fwp%2Fv2%2Fcomments&post=1073"}],"version-history":[{"count":0,"href":"https:\/\/l21.mx\/index.php?rest_route=\/wp\/v2\/posts\/1073\/revisions"}],"wp:attachment":[{"href":"https:\/\/l21.mx\/index.php?rest_route=%2Fwp%2Fv2%2Fmedia&parent=1073"}],"wp:term":[{"taxonomy":"category","embeddable":true,"href":"https:\/\/l21.mx\/index.php?rest_route=%2Fwp%2Fv2%2Fcategories&post=1073"},{"taxonomy":"post_tag","embeddable":true,"href":"https:\/\/l21.mx\/index.php?rest_route=%2Fwp%2Fv2%2Ftags&post=1073"}],"curies":[{"name":"wp","href":"https:\/\/api.w.org\/{rel}","templated":true}]}}