{"id":10780,"date":"2015-09-08T11:53:41","date_gmt":"2015-09-08T16:53:41","guid":{"rendered":"http:\/\/innovatori.space\/lat21\/?p=10780"},"modified":"2015-09-08T11:54:17","modified_gmt":"2015-09-08T16:54:17","slug":"a-su-salud","status":"publish","type":"post","link":"https:\/\/l21.mx\/?p=10780","title":{"rendered":"A su salud"},"content":{"rendered":"<p><strong><a href=\"http:\/\/l21.mx\/wp-content\/uploads\/2015\/09\/cerveza-artesanal-en-Quintana-Roo.jpg\" data-rel=\"penci-gallery-image-content\" ><img decoding=\"async\" class=\"alignleft size-medium wp-image-10783\" title=\"cerveza-artesanal-en-Quintana-Roo\" src=\"http:\/\/l21.mx\/wp-content\/uploads\/2015\/09\/cerveza-artesanal-en-Quintana-Roo-155x300.jpg\" alt=\"\" width=\"155\" height=\"300\" srcset=\"https:\/\/l21.mx\/wp-content\/uploads\/2015\/09\/cerveza-artesanal-en-Quintana-Roo-155x300.jpg 155w, https:\/\/l21.mx\/wp-content\/uploads\/2015\/09\/cerveza-artesanal-en-Quintana-Roo.jpg 410w\" sizes=\"(max-width: 155px) 100vw, 155px\" \/><\/a>Con varias marcas en el mercado, la producci\u00f3n de cerveza artesanal en Quintana Roo sube como la espuma<\/strong><\/p>\n<p>La venta de cerveza artesanal en M\u00e9xico reporta a la fecha un 40 por ciento de crecimiento, y aunque en entidades del norte del pa\u00eds es ya un producto m\u00e1s consolidado, la bebida en Quintana Roo y la Pen\u00ednsula de Yucat\u00e1n poco a poco gana terreno.<\/p>\n<p>Conscientes de la bonanza del mercado, en el que M\u00e9xico se ubica como alto consumidor, productor y exportador mundial de cerveza, y el Caribe mexicano entre los destinos con alta preferencia por este producto -luego de la ciudad de M\u00e9xico y Guadalajara-, el segmento es un nicho que vale oro.<\/p>\n<p>En pleno arranque, pero con notorio avance, logr\u00f3 conformarse en poco tiempo la asociaci\u00f3n Cerveceros Unidos de Quintana Roo, que integran al menos siete empresas que en conjunto producen unos 10 mil litros de cerveza artesanal al mes, explica Carlos Orva\u00f1anos Rea, presidente de la\u00a0 agrupaci\u00f3n.<\/p>\n<p>Destac\u00f3 que el tema de la cerveza artesanal en el estado es reciente, con los primeros esfuerzos de productores locales como Miguel Nadal, con la marca Curvato; Alejandro Lira, con Akumal y su empresa con la cerveza Tulum, adem\u00e1s de las cervezas Canc\u00fan, de Daniel Arroyo,\u00a0 Mundo Maya y Pescadores.<\/p>\n<p>\u201cLa idea de conformarnos en una asociaci\u00f3n es la de promover el producto artesanal de calidad, con est\u00e1ndares altos, con sabores y con una imagen propia, mexicana, muy del Sureste y muy de Quintana Roo, tanto en el \u00e1mbito local como tur\u00edstico para ir abriendo mercado, pues ha sido dif\u00edcil debido a que el mercado es controlado por los grandes productores de cerveza.<\/p>\n<p>\u201cTenemos una producci\u00f3n que va de cinco mil a 10 mil litros mensuales, es decir, entre 500 y mil cajas de 24 cervezas, aunque ya hay al menos tres empresas de Yucat\u00e1n interesadas en integrarse a nuestra asociaci\u00f3n con marcas como Ceiba y Patito, por lo que podr\u00eda convertirse en un esfuerzo m\u00e1s amplio de producci\u00f3n y de promoci\u00f3n peninsular\u201d, indic\u00f3.<\/p>\n<p>Reconoci\u00f3 que a pesar de dificultades como la penetraci\u00f3n en el mercado y los impuestos y permisos para vender alcohol, \u201cvamos por buen camino, ya nos integramos al Consejo Coordinador Empresarial del Caribe (CCEC) para hacer sinergia con restauranteros y hoteleros, que comienzan a abrirse a la posibilidad de introducir la cerveza artesanal\u201d.<\/p>\n<p>Orva\u00f1anos Rea reconoci\u00f3 que no es un producto barato, por todo lo que implica su producci\u00f3n, \u201cno nos pueden meter en el mismo caj\u00f3n con las que se producen de manera industrial, no se puede comparar un vino tinto franc\u00e9s con mezcal oaxaque\u00f1o.<\/p>\n<p>\u201cEn nuestras plantas nosotros le entramos en directo, con productos de calidad, y generamos en promedio entre cinco y diez puestos de trabajo por empresa en la entidad\u201d, subray\u00f3.<\/p>\n<p>\u201cEs el momento de la industria, la gente lo ver\u00e1 en dos o tres a\u00f1os, veremos un crecimiento fuerte de las cervezas artesanales en la medida en que los hoteles y restaurantes nos abran sus puertas\u201d.<strong> (Norma Anaya)<\/strong><\/p>\n<p>&nbsp;<\/p>\n<p>&nbsp;<\/p>\n<p>&nbsp;<\/p>\n<p>&nbsp;<\/p>\n<p>&nbsp;<\/p>\n<p>&nbsp;<\/p>\n<p>&nbsp;<\/p>\n<p>&nbsp;<\/p>\n<p>&nbsp;<\/p>\n<p>&nbsp;<\/p>\n<p>&nbsp;<\/p>\n<p><strong>\u00a0<\/strong><\/p>\n<div><strong><br \/>\n<\/strong><\/div>\n","protected":false},"excerpt":{"rendered":"<p>Con varias marcas en el mercado, la producci\u00f3n de cerveza artesanal en Quintana Roo sube como&hellip;<\/p>\n","protected":false},"author":2,"featured_media":10783,"comment_status":"open","ping_status":"open","sticky":false,"template":"","format":"standard","meta":{"_acf_changed":false,"_lmt_disableupdate":"","_lmt_disable":"","_mbp_gutenberg_autopost":false,"footnotes":""},"categories":[4,23],"tags":[],"class_list":["post-10780","post","type-post","status-publish","format-standard","has-post-thumbnail","hentry","category-empresas-y-negocios","category-noticias"],"acf":[],"yoast_head":"<!-- This site is optimized with the Yoast SEO plugin v27.3 - https:\/\/yoast.com\/product\/yoast-seo-wordpress\/ -->\n<title>A su salud  | Revista Latitud 21<\/title>\n<meta name=\"description\" content=\"L21, Emprendedores y Negocios en el Caribe Mexicano, es la revista l\u00edder entre el Sector Empresarial y Tur\u00edstico del Caribe Mexicano.\" \/>\n<meta name=\"robots\" content=\"index, follow, max-snippet:-1, max-image-preview:large, max-video-preview:-1\" \/>\n<link rel=\"canonical\" href=\"https:\/\/l21.mx\/?p=10780\" \/>\n<meta name=\"twitter:card\" content=\"summary_large_image\" \/>\n<meta name=\"twitter:title\" content=\"A su salud  | Revista Latitud 21\" \/>\n<meta name=\"twitter:description\" content=\"L21, Emprendedores y Negocios en el Caribe Mexicano, es la revista l\u00edder entre el Sector Empresarial y Tur\u00edstico del Caribe Mexicano.\" \/>\n<meta name=\"twitter:image\" content=\"https:\/\/l21.mx\/wp-content\/uploads\/2015\/09\/cerveza-artesanal-en-Quintana-Roo.jpg\" \/>\n<meta name=\"twitter:creator\" content=\"@Latitud21mx\" \/>\n<meta name=\"twitter:site\" content=\"@Latitud21mx\" \/>\n<meta name=\"twitter:label1\" content=\"Escrito por\" \/>\n\t<meta name=\"twitter:data1\" content=\"Latitud21 Redacci\u00f3n\" \/>\n\t<meta name=\"twitter:label2\" content=\"Tiempo de lectura\" \/>\n\t<meta name=\"twitter:data2\" content=\"3 minutos\" \/>\n<script type=\"application\/ld+json\" class=\"yoast-schema-graph\">{\"@context\":\"https:\\\/\\\/schema.org\",\"@graph\":[{\"@type\":\"Article\",\"@id\":\"https:\\\/\\\/l21.mx\\\/?p=10780#article\",\"isPartOf\":{\"@id\":\"https:\\\/\\\/l21.mx\\\/?p=10780\"},\"author\":{\"name\":\"Latitud21 Redacci\u00f3n\",\"@id\":\"https:\\\/\\\/l21.mx\\\/#\\\/schema\\\/person\\\/4b571cc212089f95579f3b66253728f1\"},\"headline\":\"A su salud\",\"datePublished\":\"2015-09-08T16:53:41+00:00\",\"dateModified\":\"2015-09-08T16:54:17+00:00\",\"mainEntityOfPage\":{\"@id\":\"https:\\\/\\\/l21.mx\\\/?p=10780\"},\"wordCount\":537,\"commentCount\":0,\"publisher\":{\"@id\":\"https:\\\/\\\/l21.mx\\\/#organization\"},\"image\":{\"@id\":\"https:\\\/\\\/l21.mx\\\/?p=10780#primaryimage\"},\"thumbnailUrl\":\"https:\\\/\\\/l21.mx\\\/wp-content\\\/uploads\\\/2015\\\/09\\\/cerveza-artesanal-en-Quintana-Roo.jpg\",\"articleSection\":[\"Empresas y Negocios\",\"Noticias\"],\"inLanguage\":\"es\",\"potentialAction\":[{\"@type\":\"CommentAction\",\"name\":\"Comment\",\"target\":[\"https:\\\/\\\/l21.mx\\\/?p=10780#respond\"]}]},{\"@type\":\"WebPage\",\"@id\":\"https:\\\/\\\/l21.mx\\\/?p=10780\",\"url\":\"https:\\\/\\\/l21.mx\\\/?p=10780\",\"name\":\"A su salud | Revista Latitud 21\",\"isPartOf\":{\"@id\":\"https:\\\/\\\/l21.mx\\\/#website\"},\"primaryImageOfPage\":{\"@id\":\"https:\\\/\\\/l21.mx\\\/?p=10780#primaryimage\"},\"image\":{\"@id\":\"https:\\\/\\\/l21.mx\\\/?p=10780#primaryimage\"},\"thumbnailUrl\":\"https:\\\/\\\/l21.mx\\\/wp-content\\\/uploads\\\/2015\\\/09\\\/cerveza-artesanal-en-Quintana-Roo.jpg\",\"datePublished\":\"2015-09-08T16:53:41+00:00\",\"dateModified\":\"2015-09-08T16:54:17+00:00\",\"description\":\"L21, Emprendedores y Negocios en el Caribe Mexicano, es la revista l\u00edder entre el Sector Empresarial y Tur\u00edstico del Caribe Mexicano.\",\"breadcrumb\":{\"@id\":\"https:\\\/\\\/l21.mx\\\/?p=10780#breadcrumb\"},\"inLanguage\":\"es\",\"potentialAction\":[{\"@type\":\"ReadAction\",\"target\":[\"https:\\\/\\\/l21.mx\\\/?p=10780\"]}]},{\"@type\":\"ImageObject\",\"inLanguage\":\"es\",\"@id\":\"https:\\\/\\\/l21.mx\\\/?p=10780#primaryimage\",\"url\":\"https:\\\/\\\/l21.mx\\\/wp-content\\\/uploads\\\/2015\\\/09\\\/cerveza-artesanal-en-Quintana-Roo.jpg\",\"contentUrl\":\"https:\\\/\\\/l21.mx\\\/wp-content\\\/uploads\\\/2015\\\/09\\\/cerveza-artesanal-en-Quintana-Roo.jpg\",\"width\":410,\"height\":793},{\"@type\":\"BreadcrumbList\",\"@id\":\"https:\\\/\\\/l21.mx\\\/?p=10780#breadcrumb\",\"itemListElement\":[{\"@type\":\"ListItem\",\"position\":1,\"name\":\"Portada\",\"item\":\"https:\\\/\\\/l21.mx\\\/\"},{\"@type\":\"ListItem\",\"position\":2,\"name\":\"A su salud\"}]},{\"@type\":\"WebSite\",\"@id\":\"https:\\\/\\\/l21.mx\\\/#website\",\"url\":\"https:\\\/\\\/l21.mx\\\/\",\"name\":\"Revista Latitud 21\",\"description\":\"Emprendedores  y negocios en el Caribe Mexicano\",\"publisher\":{\"@id\":\"https:\\\/\\\/l21.mx\\\/#organization\"},\"potentialAction\":[{\"@type\":\"SearchAction\",\"target\":{\"@type\":\"EntryPoint\",\"urlTemplate\":\"https:\\\/\\\/l21.mx\\\/?s={search_term_string}\"},\"query-input\":{\"@type\":\"PropertyValueSpecification\",\"valueRequired\":true,\"valueName\":\"search_term_string\"}}],\"inLanguage\":\"es\"},{\"@type\":\"Organization\",\"@id\":\"https:\\\/\\\/l21.mx\\\/#organization\",\"name\":\"Grupo Editorial Latitud 21 SA de CV\",\"url\":\"https:\\\/\\\/l21.mx\\\/\",\"logo\":{\"@type\":\"ImageObject\",\"inLanguage\":\"es\",\"@id\":\"https:\\\/\\\/l21.mx\\\/#\\\/schema\\\/logo\\\/image\\\/\",\"url\":\"https:\\\/\\\/l21.mx\\\/wp-content\\\/uploads\\\/2020\\\/10\\\/logo-l21-baja.jpg\",\"contentUrl\":\"https:\\\/\\\/l21.mx\\\/wp-content\\\/uploads\\\/2020\\\/10\\\/logo-l21-baja.jpg\",\"width\":250,\"height\":250,\"caption\":\"Grupo Editorial Latitud 21 SA de CV\"},\"image\":{\"@id\":\"https:\\\/\\\/l21.mx\\\/#\\\/schema\\\/logo\\\/image\\\/\"},\"sameAs\":[\"https:\\\/\\\/www.facebook.com\\\/RevistaLatitud21\\\/\",\"https:\\\/\\\/x.com\\\/Latitud21mx\"]},{\"@type\":\"Person\",\"@id\":\"https:\\\/\\\/l21.mx\\\/#\\\/schema\\\/person\\\/4b571cc212089f95579f3b66253728f1\",\"name\":\"Latitud21 Redacci\u00f3n\",\"url\":\"https:\\\/\\\/l21.mx\\\/?author=2\"}]}<\/script>\n<!-- \/ Yoast SEO plugin. -->","yoast_head_json":{"title":"A su salud  | Revista Latitud 21","description":"L21, Emprendedores y Negocios en el Caribe Mexicano, es la revista l\u00edder entre el Sector Empresarial y Tur\u00edstico del Caribe Mexicano.","robots":{"index":"index","follow":"follow","max-snippet":"max-snippet:-1","max-image-preview":"max-image-preview:large","max-video-preview":"max-video-preview:-1"},"canonical":"https:\/\/l21.mx\/?p=10780","twitter_card":"summary_large_image","twitter_title":"A su salud  | Revista Latitud 21","twitter_description":"L21, Emprendedores y Negocios en el Caribe Mexicano, es la revista l\u00edder entre el Sector Empresarial y Tur\u00edstico del Caribe Mexicano.","twitter_image":"https:\/\/l21.mx\/wp-content\/uploads\/2015\/09\/cerveza-artesanal-en-Quintana-Roo.jpg","twitter_creator":"@Latitud21mx","twitter_site":"@Latitud21mx","twitter_misc":{"Escrito por":"Latitud21 Redacci\u00f3n","Tiempo de lectura":"3 minutos"},"schema":{"@context":"https:\/\/schema.org","@graph":[{"@type":"Article","@id":"https:\/\/l21.mx\/?p=10780#article","isPartOf":{"@id":"https:\/\/l21.mx\/?p=10780"},"author":{"name":"Latitud21 Redacci\u00f3n","@id":"https:\/\/l21.mx\/#\/schema\/person\/4b571cc212089f95579f3b66253728f1"},"headline":"A su salud","datePublished":"2015-09-08T16:53:41+00:00","dateModified":"2015-09-08T16:54:17+00:00","mainEntityOfPage":{"@id":"https:\/\/l21.mx\/?p=10780"},"wordCount":537,"commentCount":0,"publisher":{"@id":"https:\/\/l21.mx\/#organization"},"image":{"@id":"https:\/\/l21.mx\/?p=10780#primaryimage"},"thumbnailUrl":"https:\/\/l21.mx\/wp-content\/uploads\/2015\/09\/cerveza-artesanal-en-Quintana-Roo.jpg","articleSection":["Empresas y Negocios","Noticias"],"inLanguage":"es","potentialAction":[{"@type":"CommentAction","name":"Comment","target":["https:\/\/l21.mx\/?p=10780#respond"]}]},{"@type":"WebPage","@id":"https:\/\/l21.mx\/?p=10780","url":"https:\/\/l21.mx\/?p=10780","name":"A su salud | Revista Latitud 21","isPartOf":{"@id":"https:\/\/l21.mx\/#website"},"primaryImageOfPage":{"@id":"https:\/\/l21.mx\/?p=10780#primaryimage"},"image":{"@id":"https:\/\/l21.mx\/?p=10780#primaryimage"},"thumbnailUrl":"https:\/\/l21.mx\/wp-content\/uploads\/2015\/09\/cerveza-artesanal-en-Quintana-Roo.jpg","datePublished":"2015-09-08T16:53:41+00:00","dateModified":"2015-09-08T16:54:17+00:00","description":"L21, Emprendedores y Negocios en el Caribe Mexicano, es la revista l\u00edder entre el Sector Empresarial y Tur\u00edstico del Caribe Mexicano.","breadcrumb":{"@id":"https:\/\/l21.mx\/?p=10780#breadcrumb"},"inLanguage":"es","potentialAction":[{"@type":"ReadAction","target":["https:\/\/l21.mx\/?p=10780"]}]},{"@type":"ImageObject","inLanguage":"es","@id":"https:\/\/l21.mx\/?p=10780#primaryimage","url":"https:\/\/l21.mx\/wp-content\/uploads\/2015\/09\/cerveza-artesanal-en-Quintana-Roo.jpg","contentUrl":"https:\/\/l21.mx\/wp-content\/uploads\/2015\/09\/cerveza-artesanal-en-Quintana-Roo.jpg","width":410,"height":793},{"@type":"BreadcrumbList","@id":"https:\/\/l21.mx\/?p=10780#breadcrumb","itemListElement":[{"@type":"ListItem","position":1,"name":"Portada","item":"https:\/\/l21.mx\/"},{"@type":"ListItem","position":2,"name":"A su salud"}]},{"@type":"WebSite","@id":"https:\/\/l21.mx\/#website","url":"https:\/\/l21.mx\/","name":"Revista Latitud 21","description":"Emprendedores  y negocios en el Caribe Mexicano","publisher":{"@id":"https:\/\/l21.mx\/#organization"},"potentialAction":[{"@type":"SearchAction","target":{"@type":"EntryPoint","urlTemplate":"https:\/\/l21.mx\/?s={search_term_string}"},"query-input":{"@type":"PropertyValueSpecification","valueRequired":true,"valueName":"search_term_string"}}],"inLanguage":"es"},{"@type":"Organization","@id":"https:\/\/l21.mx\/#organization","name":"Grupo Editorial Latitud 21 SA de CV","url":"https:\/\/l21.mx\/","logo":{"@type":"ImageObject","inLanguage":"es","@id":"https:\/\/l21.mx\/#\/schema\/logo\/image\/","url":"https:\/\/l21.mx\/wp-content\/uploads\/2020\/10\/logo-l21-baja.jpg","contentUrl":"https:\/\/l21.mx\/wp-content\/uploads\/2020\/10\/logo-l21-baja.jpg","width":250,"height":250,"caption":"Grupo Editorial Latitud 21 SA de CV"},"image":{"@id":"https:\/\/l21.mx\/#\/schema\/logo\/image\/"},"sameAs":["https:\/\/www.facebook.com\/RevistaLatitud21\/","https:\/\/x.com\/Latitud21mx"]},{"@type":"Person","@id":"https:\/\/l21.mx\/#\/schema\/person\/4b571cc212089f95579f3b66253728f1","name":"Latitud21 Redacci\u00f3n","url":"https:\/\/l21.mx\/?author=2"}]}},"amp_enabled":true,"_links":{"self":[{"href":"https:\/\/l21.mx\/index.php?rest_route=\/wp\/v2\/posts\/10780","targetHints":{"allow":["GET"]}}],"collection":[{"href":"https:\/\/l21.mx\/index.php?rest_route=\/wp\/v2\/posts"}],"about":[{"href":"https:\/\/l21.mx\/index.php?rest_route=\/wp\/v2\/types\/post"}],"author":[{"embeddable":true,"href":"https:\/\/l21.mx\/index.php?rest_route=\/wp\/v2\/users\/2"}],"replies":[{"embeddable":true,"href":"https:\/\/l21.mx\/index.php?rest_route=%2Fwp%2Fv2%2Fcomments&post=10780"}],"version-history":[{"count":0,"href":"https:\/\/l21.mx\/index.php?rest_route=\/wp\/v2\/posts\/10780\/revisions"}],"wp:featuredmedia":[{"embeddable":true,"href":"https:\/\/l21.mx\/index.php?rest_route=\/wp\/v2\/media\/10783"}],"wp:attachment":[{"href":"https:\/\/l21.mx\/index.php?rest_route=%2Fwp%2Fv2%2Fmedia&parent=10780"}],"wp:term":[{"taxonomy":"category","embeddable":true,"href":"https:\/\/l21.mx\/index.php?rest_route=%2Fwp%2Fv2%2Fcategories&post=10780"},{"taxonomy":"post_tag","embeddable":true,"href":"https:\/\/l21.mx\/index.php?rest_route=%2Fwp%2Fv2%2Ftags&post=10780"}],"curies":[{"name":"wp","href":"https:\/\/api.w.org\/{rel}","templated":true}]}}