{"id":10819,"date":"2015-09-08T12:52:57","date_gmt":"2015-09-08T17:52:57","guid":{"rendered":"http:\/\/innovatori.space\/lat21\/?p=10819"},"modified":"2015-09-08T12:52:57","modified_gmt":"2015-09-08T17:52:57","slug":"cancun-la-habana-cancun","status":"publish","type":"post","link":"https:\/\/l21.mx\/?p=10819","title":{"rendered":"Canc\u00fan-La Habana-Canc\u00fan"},"content":{"rendered":"<p><a href=\"http:\/\/l21.mx\/wp-content\/uploads\/2015\/09\/Canc\u00fan-La-Habana-Canc\u00fan.jpg\" data-rel=\"penci-gallery-image-content\" ><img fetchpriority=\"high\" decoding=\"async\" class=\"alignleft size-medium wp-image-10821\" title=\"Canc\u00fan-La-Habana-Canc\u00fan\" src=\"http:\/\/l21.mx\/wp-content\/uploads\/2015\/09\/Canc\u00fan-La-Habana-Canc\u00fan-300x216.jpg\" alt=\"\" width=\"300\" height=\"216\" \/><\/a>La ruta Canc\u00fan-La Habana-Canc\u00fan que inici\u00f3 la aerol\u00ednea mexicana Interjet abre una nueva posibilidad para que un mayor n\u00famero de estadounidenses y sobre todo los 1.2 millones de cubanos que radican en Florida puedan viajar a Cuba utilizando a M\u00e9xico como puente.<\/p>\n<p>Asimismo, la l\u00ednea a\u00e9rea propiedad del Grupo Alem\u00e1n (Galem) cambi\u00f3 el horario del vuelo Canc\u00fan-Miami, que ahora se realizar\u00e1 por la noche.<\/p>\n<p>Gabriela Jim\u00e9nez, directora de Relaciones Institucionales de Galem, coment\u00f3 que \u201cla nueva ruta\u00a0 que operar\u00e1\u00a0 con un vuelo diario y de manera permanente refleja el compromiso de la aerol\u00ednea por fortalecer la conectividad del pa\u00eds y Quintana Roo con destinos importantes a nivel internacional como Miami y La Habana\u201d.<\/p>\n<p>Pablo\u00a0 Gonz\u00e1lez, director de ventas de Interjet en La Florida, dijo que de acuerdo al censo de 2010, en ese estado hay 1.2 millones de cubanos, de los cuales 800 mil radican en el Condado Dade y que por la ley de embargo de Estados Unidos tienen que ir a La Habana a trav\u00e9s de un tercer pa\u00eds y triangular sus viajes con escalas en Nassau, Gran Caim\u00e1n y Freeport.<\/p>\n<p>\u201cLos cubanos no pueden viajar m\u00e1s de una vez al a\u00f1o de manera directa a la isla debido a la legislaci\u00f3n estadounidense, adem\u00e1s tienen que justificar su viaje con conceptos como ayuda humanitaria\u201d.<\/p>\n<p>En el primer semestre del a\u00f1o Interjet moviliz\u00f3 a casi 500 mil turistas en las rutas que conecta desde Canc\u00fan a Miami, Toluca, M\u00e9xico, Guadalajara y Monterrey, cifra que podr\u00eda llegar a un mill\u00f3n 200 mil al cerrar 2015, coment\u00f3 Gabriela Jim\u00e9nez.<\/p>\n<div><\/div>\n","protected":false},"excerpt":{"rendered":"<p>La ruta Canc\u00fan-La Habana-Canc\u00fan que inici\u00f3 la aerol\u00ednea mexicana Interjet abre una nueva posibilidad para que&hellip;<\/p>\n","protected":false},"author":2,"featured_media":10821,"comment_status":"open","ping_status":"open","sticky":false,"template":"","format":"standard","meta":{"_acf_changed":false,"_lmt_disableupdate":"","_lmt_disable":"","_mbp_gutenberg_autopost":false,"footnotes":""},"categories":[4],"tags":[],"class_list":["post-10819","post","type-post","status-publish","format-standard","has-post-thumbnail","hentry","category-empresas-y-negocios"],"acf":[],"_links":{"self":[{"href":"https:\/\/l21.mx\/index.php?rest_route=\/wp\/v2\/posts\/10819","targetHints":{"allow":["GET"]}}],"collection":[{"href":"https:\/\/l21.mx\/index.php?rest_route=\/wp\/v2\/posts"}],"about":[{"href":"https:\/\/l21.mx\/index.php?rest_route=\/wp\/v2\/types\/post"}],"author":[{"embeddable":true,"href":"https:\/\/l21.mx\/index.php?rest_route=\/wp\/v2\/users\/2"}],"replies":[{"embeddable":true,"href":"https:\/\/l21.mx\/index.php?rest_route=%2Fwp%2Fv2%2Fcomments&post=10819"}],"version-history":[{"count":0,"href":"https:\/\/l21.mx\/index.php?rest_route=\/wp\/v2\/posts\/10819\/revisions"}],"wp:featuredmedia":[{"embeddable":true,"href":"https:\/\/l21.mx\/index.php?rest_route=\/wp\/v2\/media\/10821"}],"wp:attachment":[{"href":"https:\/\/l21.mx\/index.php?rest_route=%2Fwp%2Fv2%2Fmedia&parent=10819"}],"wp:term":[{"taxonomy":"category","embeddable":true,"href":"https:\/\/l21.mx\/index.php?rest_route=%2Fwp%2Fv2%2Fcategories&post=10819"},{"taxonomy":"post_tag","embeddable":true,"href":"https:\/\/l21.mx\/index.php?rest_route=%2Fwp%2Fv2%2Ftags&post=10819"}],"curies":[{"name":"wp","href":"https:\/\/api.w.org\/{rel}","templated":true}]}}