{"id":10823,"date":"2015-09-08T12:54:18","date_gmt":"2015-09-08T17:54:18","guid":{"rendered":"http:\/\/innovatori.space\/lat21\/?p=10823"},"modified":"2015-09-08T12:54:18","modified_gmt":"2015-09-08T17:54:18","slug":"centro-microsoft","status":"publish","type":"post","link":"https:\/\/l21.mx\/?p=10823","title":{"rendered":"Centro Microsoft"},"content":{"rendered":"<p>&nbsp;<\/p>\n<p><a href=\"http:\/\/l21.mx\/wp-content\/uploads\/2015\/09\/Centro-Microsoft.jpg\" data-rel=\"penci-gallery-image-content\" ><img decoding=\"async\" class=\"alignleft size-full wp-image-10824\" title=\"Centro-Microsoft\" src=\"http:\/\/l21.mx\/wp-content\/uploads\/2015\/09\/Centro-Microsoft.jpg\" alt=\"\" width=\"167\" height=\"108\" \/><\/a>Con una inversi\u00f3n inicial estimada en 18 millones de d\u00f3lares y luego de algunos retrasos se inaugur\u00f3 en Canc\u00fan el Centro de Innovaci\u00f3n de Microsoft en Tecnolog\u00edas Tur\u00edsticas (MIC), y el Consejo Nacional de Ciencia y Tecnolog\u00eda (Conacyt) entreg\u00f3 la Agenda Estatal de Innovaci\u00f3n para Quintana Roo.<\/p>\n<p>Jes\u00fas D\u00edaz Garaygordobil, director nacional de Tecnolog\u00eda de Microsoft, explic\u00f3 que los trabajos que se desarrollan en el MIC-Canc\u00fan generar\u00e1n nuevas capacidades en la forma de ofrecer servicios tur\u00edsticos, no solo para Canc\u00fan sino para el estado, M\u00e9xico y el mundo.<\/p>\n<p>\u201cEs una instalaci\u00f3n con tecnolog\u00eda de punta para estimular la econom\u00eda local mediante el desarrollo de software y la transmisi\u00f3n del conocimiento de la asociaci\u00f3n con la industria, la academia y, desde luego, el gobierno\u201d, agreg\u00f3.<\/p>\n<p>El\u00edas Micha Zaga, director adjunto de Desarrollo Regional del Conacyt, entreg\u00f3 al gobierno de la entidad la Agenda Estatal de Innovaci\u00f3n para Quintana Roo y dijo que en su elaboraci\u00f3n participaron 66 instituciones y m\u00e1s de 100 personas y establece una visi\u00f3n de futuro.<\/p>\n<p>Explic\u00f3 que la Agenda busca que la entidad sea en el mediano plazo (2025, pero con proyectos acotados a 2018) \u201cun l\u00edder internacional mediante la diversificaci\u00f3n sectorial, a partir de las industrias existentes y la promoci\u00f3n de sectores emergentes\u201d. El objetivo final es el desarrollo de empresas locales competitivas que generen empleos, bienestar social y riqueza en el estado.<\/p>\n<div><\/div>\n","protected":false},"excerpt":{"rendered":"<p>&nbsp; Con una inversi\u00f3n inicial estimada en 18 millones de d\u00f3lares y luego de algunos retrasos&hellip;<\/p>\n","protected":false},"author":2,"featured_media":10824,"comment_status":"open","ping_status":"open","sticky":false,"template":"","format":"standard","meta":{"_acf_changed":false,"_lmt_disableupdate":"","_lmt_disable":"","_mbp_gutenberg_autopost":false,"footnotes":""},"categories":[4],"tags":[],"class_list":["post-10823","post","type-post","status-publish","format-standard","has-post-thumbnail","hentry","category-empresas-y-negocios"],"acf":[],"_links":{"self":[{"href":"https:\/\/l21.mx\/index.php?rest_route=\/wp\/v2\/posts\/10823","targetHints":{"allow":["GET"]}}],"collection":[{"href":"https:\/\/l21.mx\/index.php?rest_route=\/wp\/v2\/posts"}],"about":[{"href":"https:\/\/l21.mx\/index.php?rest_route=\/wp\/v2\/types\/post"}],"author":[{"embeddable":true,"href":"https:\/\/l21.mx\/index.php?rest_route=\/wp\/v2\/users\/2"}],"replies":[{"embeddable":true,"href":"https:\/\/l21.mx\/index.php?rest_route=%2Fwp%2Fv2%2Fcomments&post=10823"}],"version-history":[{"count":0,"href":"https:\/\/l21.mx\/index.php?rest_route=\/wp\/v2\/posts\/10823\/revisions"}],"wp:featuredmedia":[{"embeddable":true,"href":"https:\/\/l21.mx\/index.php?rest_route=\/wp\/v2\/media\/10824"}],"wp:attachment":[{"href":"https:\/\/l21.mx\/index.php?rest_route=%2Fwp%2Fv2%2Fmedia&parent=10823"}],"wp:term":[{"taxonomy":"category","embeddable":true,"href":"https:\/\/l21.mx\/index.php?rest_route=%2Fwp%2Fv2%2Fcategories&post=10823"},{"taxonomy":"post_tag","embeddable":true,"href":"https:\/\/l21.mx\/index.php?rest_route=%2Fwp%2Fv2%2Ftags&post=10823"}],"curies":[{"name":"wp","href":"https:\/\/api.w.org\/{rel}","templated":true}]}}