{"id":1122,"date":"2013-01-07T13:43:08","date_gmt":"2013-01-07T19:43:08","guid":{"rendered":"http:\/\/innovatori.space\/lat21\/?p=1122"},"modified":"2013-01-07T13:43:08","modified_gmt":"2013-01-07T19:43:08","slug":"vecchi-sapori-%e2%86%91%e2%86%91","status":"publish","type":"post","link":"https:\/\/l21.mx\/?p=1122","title":{"rendered":"Vecchi Sapori  \u2191\u2191"},"content":{"rendered":"<p>Cafeter\u00eda especializada en comida italiana, con la direcci\u00f3n culinaria del chef Dar\u00edo Seminara quien instala su primer negocio en M\u00e9xico, con un men\u00fa\u00a0 que incluye: jugos, desayunos, ensaladas, paninis y pastas hechas en casa. Capacidad: 25 personas. Superficie: 34m2. Empleos directos 4, indirectos 25. Av. Nichupt\u00e9, SM 19, Plaza Atrium PB, local 107. Tel. 883-95-06.\u00a0 seminaradario@hotmail.com<\/p>\n<p><a href=\"http:\/\/l21.mx\/wp-content\/uploads\/2013\/01\/vecchi-sapori.tif\"><img decoding=\"async\" class=\"aligncenter size-full wp-image-1124\" title=\"vecchi sapori\" src=\"http:\/\/l21.mx\/wp-content\/uploads\/2013\/01\/vecchi-sapori.tif\" alt=\"canc\u00fan &quot;revista latitud21&quot; latitud21 &quot;Caribe Mexicano&quot; latitud 21 &quot;Grupo editorial Latitud21&quot;\" \/><\/a><\/p>\n<p>[editor]sube-y-baja[\/editor]<\/p>\n","protected":false},"excerpt":{"rendered":"<p>Cafeter\u00eda especializada en comida italiana, con la direcci\u00f3n culinaria del chef Dar\u00edo Seminara quien instala su&hellip;<\/p>\n","protected":false},"author":2,"featured_media":1124,"comment_status":"open","ping_status":"open","sticky":false,"template":"","format":"standard","meta":{"_acf_changed":false,"_lmt_disableupdate":"","_lmt_disable":"","_mbp_gutenberg_autopost":false,"footnotes":""},"categories":[10],"tags":[],"class_list":["post-1122","post","type-post","status-publish","format-standard","has-post-thumbnail","hentry","category-sube-y-baja"],"acf":[],"_links":{"self":[{"href":"https:\/\/l21.mx\/index.php?rest_route=\/wp\/v2\/posts\/1122","targetHints":{"allow":["GET"]}}],"collection":[{"href":"https:\/\/l21.mx\/index.php?rest_route=\/wp\/v2\/posts"}],"about":[{"href":"https:\/\/l21.mx\/index.php?rest_route=\/wp\/v2\/types\/post"}],"author":[{"embeddable":true,"href":"https:\/\/l21.mx\/index.php?rest_route=\/wp\/v2\/users\/2"}],"replies":[{"embeddable":true,"href":"https:\/\/l21.mx\/index.php?rest_route=%2Fwp%2Fv2%2Fcomments&post=1122"}],"version-history":[{"count":0,"href":"https:\/\/l21.mx\/index.php?rest_route=\/wp\/v2\/posts\/1122\/revisions"}],"wp:featuredmedia":[{"embeddable":true,"href":"https:\/\/l21.mx\/index.php?rest_route=\/wp\/v2\/media\/1124"}],"wp:attachment":[{"href":"https:\/\/l21.mx\/index.php?rest_route=%2Fwp%2Fv2%2Fmedia&parent=1122"}],"wp:term":[{"taxonomy":"category","embeddable":true,"href":"https:\/\/l21.mx\/index.php?rest_route=%2Fwp%2Fv2%2Fcategories&post=1122"},{"taxonomy":"post_tag","embeddable":true,"href":"https:\/\/l21.mx\/index.php?rest_route=%2Fwp%2Fv2%2Ftags&post=1122"}],"curies":[{"name":"wp","href":"https:\/\/api.w.org\/{rel}","templated":true}]}}