{"id":1126,"date":"2013-01-07T13:45:34","date_gmt":"2013-01-07T19:45:34","guid":{"rendered":"http:\/\/innovatori.space\/lat21\/?p=1126"},"modified":"2013-01-07T13:45:34","modified_gmt":"2013-01-07T19:45:34","slug":"gonzalez-pliego-gutierrez-abogados-%e2%86%91%e2%86%91","status":"publish","type":"post","link":"https:\/\/l21.mx\/?p=1126","title":{"rendered":"Gonz\u00e1lez Pliego &#038; Guti\u00e9rrez-Abogados  \u2191\u2191"},"content":{"rendered":"<p>Este despacho con m\u00e1s de 15 a\u00f1os de fundado en Quintana Roo estrena instalaciones en Playa del Carmen. Su portafolio de servicios incluye asistencia legal en forma multidisciplinaria en litigio y asesor\u00eda legal empresarial en materia penal, civil, mercantil, administrativa, laboral, ambiental y corporativa. Cuenta con \u00e1reas de recepci\u00f3n,\u00a0 de trabajo, privados y sala de juntas en una superficie de 90 m2. Empleos directos 15,\u00a0 indirectos 14. Plaza Progreso, local 54, segundo piso, lote 001-1, manzana 293, calle 27 Sur, carretera federal 307 y calle Caobas, Playa del Carmen. Tel. (984) 803-19-86. despachomontiel@hotmail.com<\/p>\n<p><a href=\"http:\/\/l21.mx\/wp-content\/uploads\/2013\/01\/NUEVOSUBE-DESPACHO-DE-ABOGADOS.jpg\" data-rel=\"penci-gallery-image-content\" ><img fetchpriority=\"high\" decoding=\"async\" class=\"aligncenter size-full wp-image-1128\" title=\"DESPACHO DE ABOGADOS\" src=\"http:\/\/l21.mx\/wp-content\/uploads\/2013\/01\/NUEVOSUBE-DESPACHO-DE-ABOGADOS.jpg\" alt=\"canc\u00fan &quot;revista latitud21&quot; latitud21 &quot;Caribe Mexicano&quot; latitud 21 &quot;Grupo editorial Latitud21&quot;\" width=\"637\" height=\"478\" srcset=\"https:\/\/l21.mx\/wp-content\/uploads\/2013\/01\/NUEVOSUBE-DESPACHO-DE-ABOGADOS.jpg 637w, https:\/\/l21.mx\/wp-content\/uploads\/2013\/01\/NUEVOSUBE-DESPACHO-DE-ABOGADOS-300x225.jpg 300w, https:\/\/l21.mx\/wp-content\/uploads\/2013\/01\/NUEVOSUBE-DESPACHO-DE-ABOGADOS-113x85.jpg 113w, https:\/\/l21.mx\/wp-content\/uploads\/2013\/01\/NUEVOSUBE-DESPACHO-DE-ABOGADOS-600x450.jpg 600w, https:\/\/l21.mx\/wp-content\/uploads\/2013\/01\/NUEVOSUBE-DESPACHO-DE-ABOGADOS-167x125.jpg 167w, https:\/\/l21.mx\/wp-content\/uploads\/2013\/01\/NUEVOSUBE-DESPACHO-DE-ABOGADOS-80x60.jpg 80w\" sizes=\"(max-width: 637px) 100vw, 637px\" \/><\/a><\/p>\n<p>[editor]sube-y-baja[\/editor]<\/p>\n<p>&nbsp;<\/p>\n","protected":false},"excerpt":{"rendered":"<p>Este despacho con m\u00e1s de 15 a\u00f1os de fundado en Quintana Roo estrena instalaciones en Playa&hellip;<\/p>\n","protected":false},"author":2,"featured_media":1128,"comment_status":"open","ping_status":"open","sticky":false,"template":"","format":"standard","meta":{"_acf_changed":false,"_lmt_disableupdate":"","_lmt_disable":"","_mbp_gutenberg_autopost":false,"footnotes":""},"categories":[10],"tags":[],"class_list":["post-1126","post","type-post","status-publish","format-standard","has-post-thumbnail","hentry","category-sube-y-baja"],"acf":[],"_links":{"self":[{"href":"https:\/\/l21.mx\/index.php?rest_route=\/wp\/v2\/posts\/1126","targetHints":{"allow":["GET"]}}],"collection":[{"href":"https:\/\/l21.mx\/index.php?rest_route=\/wp\/v2\/posts"}],"about":[{"href":"https:\/\/l21.mx\/index.php?rest_route=\/wp\/v2\/types\/post"}],"author":[{"embeddable":true,"href":"https:\/\/l21.mx\/index.php?rest_route=\/wp\/v2\/users\/2"}],"replies":[{"embeddable":true,"href":"https:\/\/l21.mx\/index.php?rest_route=%2Fwp%2Fv2%2Fcomments&post=1126"}],"version-history":[{"count":0,"href":"https:\/\/l21.mx\/index.php?rest_route=\/wp\/v2\/posts\/1126\/revisions"}],"wp:featuredmedia":[{"embeddable":true,"href":"https:\/\/l21.mx\/index.php?rest_route=\/wp\/v2\/media\/1128"}],"wp:attachment":[{"href":"https:\/\/l21.mx\/index.php?rest_route=%2Fwp%2Fv2%2Fmedia&parent=1126"}],"wp:term":[{"taxonomy":"category","embeddable":true,"href":"https:\/\/l21.mx\/index.php?rest_route=%2Fwp%2Fv2%2Fcategories&post=1126"},{"taxonomy":"post_tag","embeddable":true,"href":"https:\/\/l21.mx\/index.php?rest_route=%2Fwp%2Fv2%2Ftags&post=1126"}],"curies":[{"name":"wp","href":"https:\/\/api.w.org\/{rel}","templated":true}]}}