{"id":11294,"date":"2015-10-07T10:17:18","date_gmt":"2015-10-07T15:17:18","guid":{"rendered":"http:\/\/innovatori.space\/lat21\/?p=11294"},"modified":"2015-10-07T10:17:18","modified_gmt":"2015-10-07T15:17:18","slug":"volaris-conecta-a-cancun-con-costa-rica","status":"publish","type":"post","link":"https:\/\/l21.mx\/?p=11294","title":{"rendered":"Volaris conecta a Canc\u00fan con Costa Rica"},"content":{"rendered":"<p><a href=\"http:\/\/l21.mx\/wp-content\/uploads\/2015\/10\/Volaris-conecta-a-Canc\u00fan-con-Costa-Rica.jpg\" data-rel=\"penci-gallery-image-content\" ><img fetchpriority=\"high\" decoding=\"async\" class=\"aligncenter size-large wp-image-11297\" title=\"Volaris-conecta-a-Canc\u00fan-con-Costa-Rica\" src=\"http:\/\/l21.mx\/wp-content\/uploads\/2015\/10\/Volaris-conecta-a-Canc\u00fan-con-Costa-Rica-1024x484.jpg\" alt=\"\" width=\"1024\" height=\"484\" srcset=\"https:\/\/l21.mx\/wp-content\/uploads\/2015\/10\/Volaris-conecta-a-Canc\u00fan-con-Costa-Rica-1024x484.jpg 1024w, https:\/\/l21.mx\/wp-content\/uploads\/2015\/10\/Volaris-conecta-a-Canc\u00fan-con-Costa-Rica-300x142.jpg 300w, https:\/\/l21.mx\/wp-content\/uploads\/2015\/10\/Volaris-conecta-a-Canc\u00fan-con-Costa-Rica-768x363.jpg 768w, https:\/\/l21.mx\/wp-content\/uploads\/2015\/10\/Volaris-conecta-a-Canc\u00fan-con-Costa-Rica-1170x553.jpg 1170w, https:\/\/l21.mx\/wp-content\/uploads\/2015\/10\/Volaris-conecta-a-Canc\u00fan-con-Costa-Rica-585x277.jpg 585w, https:\/\/l21.mx\/wp-content\/uploads\/2015\/10\/Volaris-conecta-a-Canc\u00fan-con-Costa-Rica.jpg 1178w\" sizes=\"(max-width: 1024px) 100vw, 1024px\" \/><\/a><\/p>\n<p>La aerol\u00ednea de bajo costo Volaris concret\u00f3 en septiembre pasado su incursi\u00f3n en Costa Rica con dos nuevas rutas que conectan al pa\u00eds centroamericano con las ciudades de Canc\u00fan y Guadalajara.<\/p>\n<p>Jos\u00e9 Luis Su\u00e1rez, director de Servicio y Venta al Cliente de la compa\u00f1\u00eda a\u00e9rea, dijo: \u201cEstamos muy emocionados de inaugurar nuestro segundo destino en Centroam\u00e9rica, ahora en Costa Rica, que es pura vida. Esta es una prueba m\u00e1s del compromiso de Volaris por ofrecer conectividad con precios que hacen viajar a nuestros clientes\u201d.<\/p>\n<p>Mauricio Ventura, ministro de Turismo de Costa Rica, extern\u00f3 que la apertura de las rutas desde Canc\u00fan y Guadalajara fortalece las acciones para potenciar el turismo entre ambos destinos, as\u00ed como la posibilidad de hacer conexiones a distintos puntos de M\u00e9xico y Estados Unidos.<\/p>\n<p>\u201cLa incorporaci\u00f3n de la aerol\u00ednea introduce un componente de competitividad en las tarifas de los boletos a Costa Rica, siendo M\u00e9xico el principal pa\u00eds emisor de turistas de Latinoam\u00e9rica que ingresan por v\u00eda a\u00e9rea\u201d, apunt\u00f3.<\/p>\n<p>La aerol\u00ednea tendr\u00e1\u00a0 dos frecuencias a la semana entre San-Jos\u00e9 y Canc\u00fan, los jueves y domingos, y dos m\u00e1s que cubrir\u00e1n la ruta San Jos\u00e9- Guadalajara.<\/p>\n<p>Volaris brinda m\u00e1s de 270 vuelos diarios a 61 destinos en M\u00e9xico y Estados Unidos y ahora Centroam\u00e9rica, y desde sus inicios en 2006 ya transport\u00f3 a m\u00e1s de 50 millones de pasajeros.<\/p>\n","protected":false},"excerpt":{"rendered":"<p>La aerol\u00ednea de bajo costo Volaris concret\u00f3 en septiembre pasado su incursi\u00f3n en Costa Rica con&hellip;<\/p>\n","protected":false},"author":2,"featured_media":11297,"comment_status":"open","ping_status":"open","sticky":false,"template":"","format":"standard","meta":{"_acf_changed":false,"_lmt_disableupdate":"","_lmt_disable":"","_mbp_gutenberg_autopost":false,"footnotes":""},"categories":[4,23],"tags":[],"class_list":["post-11294","post","type-post","status-publish","format-standard","has-post-thumbnail","hentry","category-empresas-y-negocios","category-noticias"],"acf":[],"_links":{"self":[{"href":"https:\/\/l21.mx\/index.php?rest_route=\/wp\/v2\/posts\/11294","targetHints":{"allow":["GET"]}}],"collection":[{"href":"https:\/\/l21.mx\/index.php?rest_route=\/wp\/v2\/posts"}],"about":[{"href":"https:\/\/l21.mx\/index.php?rest_route=\/wp\/v2\/types\/post"}],"author":[{"embeddable":true,"href":"https:\/\/l21.mx\/index.php?rest_route=\/wp\/v2\/users\/2"}],"replies":[{"embeddable":true,"href":"https:\/\/l21.mx\/index.php?rest_route=%2Fwp%2Fv2%2Fcomments&post=11294"}],"version-history":[{"count":0,"href":"https:\/\/l21.mx\/index.php?rest_route=\/wp\/v2\/posts\/11294\/revisions"}],"wp:featuredmedia":[{"embeddable":true,"href":"https:\/\/l21.mx\/index.php?rest_route=\/wp\/v2\/media\/11297"}],"wp:attachment":[{"href":"https:\/\/l21.mx\/index.php?rest_route=%2Fwp%2Fv2%2Fmedia&parent=11294"}],"wp:term":[{"taxonomy":"category","embeddable":true,"href":"https:\/\/l21.mx\/index.php?rest_route=%2Fwp%2Fv2%2Fcategories&post=11294"},{"taxonomy":"post_tag","embeddable":true,"href":"https:\/\/l21.mx\/index.php?rest_route=%2Fwp%2Fv2%2Ftags&post=11294"}],"curies":[{"name":"wp","href":"https:\/\/api.w.org\/{rel}","templated":true}]}}