{"id":11347,"date":"2015-10-07T12:05:30","date_gmt":"2015-10-07T17:05:30","guid":{"rendered":"http:\/\/innovatori.space\/lat21\/?p=11347"},"modified":"2015-10-07T12:05:30","modified_gmt":"2015-10-07T17:05:30","slug":"sombra-aqui-sombra-alla","status":"publish","type":"post","link":"https:\/\/l21.mx\/?p=11347","title":{"rendered":"Sombra aqu\u00ed, sombra all\u00e1\u2026"},"content":{"rendered":"<p><a href=\"http:\/\/l21.mx\/wp-content\/uploads\/2015\/10\/Sombra-aqui-sombra-alla.jpg\" data-rel=\"penci-gallery-image-content\" ><img fetchpriority=\"high\" decoding=\"async\" class=\"aligncenter size-large wp-image-11350\" title=\"Sombra-aqui-sombra-alla\" src=\"http:\/\/l21.mx\/wp-content\/uploads\/2015\/10\/Sombra-aqui-sombra-alla-1024x680.jpg\" alt=\"\" width=\"1024\" height=\"680\" srcset=\"https:\/\/l21.mx\/wp-content\/uploads\/2015\/10\/Sombra-aqui-sombra-alla-1024x680.jpg 1024w, https:\/\/l21.mx\/wp-content\/uploads\/2015\/10\/Sombra-aqui-sombra-alla-300x199.jpg 300w, https:\/\/l21.mx\/wp-content\/uploads\/2015\/10\/Sombra-aqui-sombra-alla-768x510.jpg 768w, https:\/\/l21.mx\/wp-content\/uploads\/2015\/10\/Sombra-aqui-sombra-alla-1170x777.jpg 1170w, https:\/\/l21.mx\/wp-content\/uploads\/2015\/10\/Sombra-aqui-sombra-alla-585x389.jpg 585w, https:\/\/l21.mx\/wp-content\/uploads\/2015\/10\/Sombra-aqui-sombra-alla-263x175.jpg 263w, https:\/\/l21.mx\/wp-content\/uploads\/2015\/10\/Sombra-aqui-sombra-alla.jpg 1200w\" sizes=\"(max-width: 1024px) 100vw, 1024px\" \/><\/a><\/p>\n<p><strong>La marca francesa de cosm\u00e9ticos Sephora se contagia del Caribe mexicano y adem\u00e1s de su reciente apertura en Playa del Carmen ya proyecta su incursi\u00f3n en Canc\u00fan<\/strong><\/p>\n<p>Atra\u00edda por el potencial tur\u00edstico de Quintana Roo, la cadena francesa de cosm\u00e9ticos Sephora perfila su crecimiento en M\u00e9xico con la apertura de su primera sucursal en Playa del Carmen, y en los pr\u00f3ximos dos a\u00f1os contempla ampliar su presencia con instalaciones en Canc\u00fan, M\u00e9rida y Veracruz.<\/p>\n<p>Fundada en 1970 por Dominique Mandonnaud, Sephora, ahora propiedad de Louis Vuitton y Mo\u00ebt Hennessy, opera cerca de mil 900 tiendas en 29 pa\u00edses con una base de m\u00e1s de 360 sucursales tan solo en Estados Unidos y Canad\u00e1, mientras que en M\u00e9xico tiene presencia con 10 filiales distribuidas en el Distrito Federal, Puebla, Quer\u00e9taro y Guadalajara.<\/p>\n<p>Natalia Z\u00e1rate, gerente general de Sephora M\u00e9xico, consider\u00f3 que en la regi\u00f3n de Am\u00e9rica, que comprende Canad\u00e1, Estados Unidos, M\u00e9xico y Brasil, \u201cel mercado mexicano lidera en este momento el desarrollo de la empresa a doble d\u00edgito, por encima del canadiense, que mantiene un importante crecimiento en los \u00faltimos a\u00f1os en la regi\u00f3n\u201d.<\/p>\n<p>Sin embargo, a\u00f1adi\u00f3 que Estados Unidos y Francia son los mercados principales que impulsan el crecimiento de la empresa a nivel global. \u201cM\u00e9xico es un pa\u00eds con un importante potencial de desarrollo para la firma. Actualmente estamos en negociaciones con diferentes plazas comerciales de Canc\u00fan a fin de concretar una apertura en el destino, y en 2016 se contempla inaugurar otra en Veracruz\u201d, precis\u00f3.<\/p>\n<p>Sephora, con miras a continuar con su crecimiento en territorio nacional, cuenta con 140 marcas de belleza, de las cuales 40 son exclusivas de la empresa. \u201cLo importante del proyecto y del grupo corporativo es que la calidad de las tiendas y el material que utilizamos para la elaboraci\u00f3n de los productos est\u00e1n al nivel de otras compa\u00f1\u00edas internacionales\u201d, destac\u00f3 Z\u00e1rate.<\/p>\n<p>Las tiendas en las que se encuentra la marca de belleza son un espacio en el que\u00a0 el consumidor, sin importar si es hombre o mujer, \u201cva a encontrar color y productos adecuados para el cuidado del cabello y piel, as\u00ed como fragancias que le permitan celebrar y experimentar su propia belleza a niveles internacionales y bajo la supervisi\u00f3n de <em>Cast Members<\/em>, que recibieron capacitaci\u00f3n por parte de especialistas durante varias semanas\u201d.<\/p>\n<p>Con presencia en Playa del Carmen, en un espacio de 640 metros cuadrados, la emblem\u00e1tica marca de belleza enfrenta la competencia con calidad en el servicio e innovaci\u00f3n de productos para atender las principales necesidades de los clientes.<\/p>\n<p>\u201cEn el mercado de prestigio y belleza esta zona es la n\u00famero dos, despu\u00e9s de Ciudad de M\u00e9xico, por ser sitio tur\u00edstico, y en Quintana Roo se vende mucho este tipo de productos\u201d, concluy\u00f3.<strong> (Marlene Hern\u00e1ndez)<\/strong><\/p>\n<p>&nbsp;<\/p>\n","protected":false},"excerpt":{"rendered":"<p>La marca francesa de cosm\u00e9ticos Sephora se contagia del Caribe mexicano y adem\u00e1s de su reciente&hellip;<\/p>\n","protected":false},"author":2,"featured_media":11350,"comment_status":"open","ping_status":"open","sticky":false,"template":"","format":"standard","meta":{"_acf_changed":false,"_lmt_disableupdate":"","_lmt_disable":"","_mbp_gutenberg_autopost":false,"footnotes":""},"categories":[4,23,1],"tags":[],"class_list":["post-11347","post","type-post","status-publish","format-standard","has-post-thumbnail","hentry","category-empresas-y-negocios","category-noticias","category-sin-categoria"],"acf":[],"_links":{"self":[{"href":"https:\/\/l21.mx\/index.php?rest_route=\/wp\/v2\/posts\/11347","targetHints":{"allow":["GET"]}}],"collection":[{"href":"https:\/\/l21.mx\/index.php?rest_route=\/wp\/v2\/posts"}],"about":[{"href":"https:\/\/l21.mx\/index.php?rest_route=\/wp\/v2\/types\/post"}],"author":[{"embeddable":true,"href":"https:\/\/l21.mx\/index.php?rest_route=\/wp\/v2\/users\/2"}],"replies":[{"embeddable":true,"href":"https:\/\/l21.mx\/index.php?rest_route=%2Fwp%2Fv2%2Fcomments&post=11347"}],"version-history":[{"count":0,"href":"https:\/\/l21.mx\/index.php?rest_route=\/wp\/v2\/posts\/11347\/revisions"}],"wp:featuredmedia":[{"embeddable":true,"href":"https:\/\/l21.mx\/index.php?rest_route=\/wp\/v2\/media\/11350"}],"wp:attachment":[{"href":"https:\/\/l21.mx\/index.php?rest_route=%2Fwp%2Fv2%2Fmedia&parent=11347"}],"wp:term":[{"taxonomy":"category","embeddable":true,"href":"https:\/\/l21.mx\/index.php?rest_route=%2Fwp%2Fv2%2Fcategories&post=11347"},{"taxonomy":"post_tag","embeddable":true,"href":"https:\/\/l21.mx\/index.php?rest_route=%2Fwp%2Fv2%2Ftags&post=11347"}],"curies":[{"name":"wp","href":"https:\/\/api.w.org\/{rel}","templated":true}]}}