{"id":11443,"date":"2015-10-13T18:51:43","date_gmt":"2015-10-13T23:51:43","guid":{"rendered":"http:\/\/innovatori.space\/lat21\/?p=11443"},"modified":"2015-10-21T09:41:10","modified_gmt":"2015-10-21T14:41:10","slug":"corazon-oaxaqueno","status":"publish","type":"post","link":"https:\/\/l21.mx\/?p=11443","title":{"rendered":"\u2191\u2191 Coraz\u00f3n Oaxaque\u00f1o"},"content":{"rendered":"<p>&nbsp;<\/p>\n<p><a href=\"http:\/\/l21.mx\/wp-content\/uploads\/2015\/10\/Coraz\u00f3n-Oaxaque\u00f1o1.jpg\" data-rel=\"penci-gallery-image-content\" ><img fetchpriority=\"high\" decoding=\"async\" class=\"aligncenter size-large wp-image-11446\" title=\"Coraz\u00f3n-Oaxaque\u00f1o\" src=\"http:\/\/l21.mx\/wp-content\/uploads\/2015\/10\/Coraz\u00f3n-Oaxaque\u00f1o1-1024x680.jpg\" alt=\"\" width=\"1024\" height=\"680\" srcset=\"https:\/\/l21.mx\/wp-content\/uploads\/2015\/10\/Coraz\u00f3n-Oaxaque\u00f1o1-1024x680.jpg 1024w, https:\/\/l21.mx\/wp-content\/uploads\/2015\/10\/Coraz\u00f3n-Oaxaque\u00f1o1-300x199.jpg 300w, https:\/\/l21.mx\/wp-content\/uploads\/2015\/10\/Coraz\u00f3n-Oaxaque\u00f1o1-768x510.jpg 768w, https:\/\/l21.mx\/wp-content\/uploads\/2015\/10\/Coraz\u00f3n-Oaxaque\u00f1o1-1170x777.jpg 1170w, https:\/\/l21.mx\/wp-content\/uploads\/2015\/10\/Coraz\u00f3n-Oaxaque\u00f1o1-585x389.jpg 585w, https:\/\/l21.mx\/wp-content\/uploads\/2015\/10\/Coraz\u00f3n-Oaxaque\u00f1o1-263x175.jpg 263w, https:\/\/l21.mx\/wp-content\/uploads\/2015\/10\/Coraz\u00f3n-Oaxaque\u00f1o1.jpg 1200w\" sizes=\"(max-width: 1024px) 100vw, 1024px\" \/><\/a><\/p>\n<p>Un nuevo espacio que rinde tributo a la gastronom\u00eda, al folclor, la artesan\u00eda, el arte y el mezcal de la cultura zapoteca. Su locaci\u00f3n de Canc\u00fan se suma a la de la colonia Condesa, en la ciudad de M\u00e9xico, y a la de Oaxaca capital. Su instalaci\u00f3n alcanz\u00f3 una inversi\u00f3n estimada en cuatro millones de pesos. Cuenta con capacidad para atender c\u00f3modamente a 100 comensales entre su terraza e interior. Gener\u00f3 alrededor de 15 empleos indirectos y 12 directos. Plaza La Roca-Cumbres, Boulevard Luis Donaldo Colosio, Mza. 109, SM 310. Tel. (998) 882-11-68. Facebook: corazonOaxaquenoCancun Twitter: @CorazonOax #saborZapoteco<\/p>\n<div><\/div>\n","protected":false},"excerpt":{"rendered":"<p>&nbsp; Un nuevo espacio que rinde tributo a la gastronom\u00eda, al folclor, la artesan\u00eda, el arte&hellip;<\/p>\n","protected":false},"author":2,"featured_media":11446,"comment_status":"open","ping_status":"open","sticky":false,"template":"","format":"standard","meta":{"_acf_changed":false,"_lmt_disableupdate":"","_lmt_disable":"","_mbp_gutenberg_autopost":false,"footnotes":""},"categories":[10],"tags":[],"class_list":["post-11443","post","type-post","status-publish","format-standard","has-post-thumbnail","hentry","category-sube-y-baja"],"acf":[],"_links":{"self":[{"href":"https:\/\/l21.mx\/index.php?rest_route=\/wp\/v2\/posts\/11443","targetHints":{"allow":["GET"]}}],"collection":[{"href":"https:\/\/l21.mx\/index.php?rest_route=\/wp\/v2\/posts"}],"about":[{"href":"https:\/\/l21.mx\/index.php?rest_route=\/wp\/v2\/types\/post"}],"author":[{"embeddable":true,"href":"https:\/\/l21.mx\/index.php?rest_route=\/wp\/v2\/users\/2"}],"replies":[{"embeddable":true,"href":"https:\/\/l21.mx\/index.php?rest_route=%2Fwp%2Fv2%2Fcomments&post=11443"}],"version-history":[{"count":0,"href":"https:\/\/l21.mx\/index.php?rest_route=\/wp\/v2\/posts\/11443\/revisions"}],"wp:featuredmedia":[{"embeddable":true,"href":"https:\/\/l21.mx\/index.php?rest_route=\/wp\/v2\/media\/11446"}],"wp:attachment":[{"href":"https:\/\/l21.mx\/index.php?rest_route=%2Fwp%2Fv2%2Fmedia&parent=11443"}],"wp:term":[{"taxonomy":"category","embeddable":true,"href":"https:\/\/l21.mx\/index.php?rest_route=%2Fwp%2Fv2%2Fcategories&post=11443"},{"taxonomy":"post_tag","embeddable":true,"href":"https:\/\/l21.mx\/index.php?rest_route=%2Fwp%2Fv2%2Ftags&post=11443"}],"curies":[{"name":"wp","href":"https:\/\/api.w.org\/{rel}","templated":true}]}}