{"id":1146,"date":"2013-01-07T16:36:58","date_gmt":"2013-01-07T22:36:58","guid":{"rendered":"http:\/\/innovatori.space\/lat21\/?p=1146"},"modified":"2013-01-07T16:36:58","modified_gmt":"2013-01-07T22:36:58","slug":"expo-bienes-raices","status":"publish","type":"post","link":"https:\/\/l21.mx\/?p=1146","title":{"rendered":"Expo bienes ra\u00edces"},"content":{"rendered":"<p><a href=\"http:\/\/l21.mx\/wp-content\/uploads\/2013\/01\/EXPHOTEL-B2B-2.jpg\" data-rel=\"penci-gallery-image-content\" ><img decoding=\"async\" class=\"alignleft size-full wp-image-1147\" title=\"Exphotel\" src=\"http:\/\/l21.mx\/wp-content\/uploads\/2013\/01\/EXPHOTEL-B2B-2.jpg\" alt=\"canc\u00fan &quot;revista latitud21&quot; latitud21 &quot;Caribe Mexicano&quot; latitud 21 &quot;Grupo editorial Latitud21&quot;\" width=\"167\" height=\"108\" srcset=\"https:\/\/l21.mx\/wp-content\/uploads\/2013\/01\/EXPHOTEL-B2B-2.jpg 167w, https:\/\/l21.mx\/wp-content\/uploads\/2013\/01\/EXPHOTEL-B2B-2-131x85.jpg 131w, https:\/\/l21.mx\/wp-content\/uploads\/2013\/01\/EXPHOTEL-B2B-2-80x51.jpg 80w\" sizes=\"(max-width: 167px) 100vw, 167px\" \/><\/a><span style=\"color: #993300;\"><strong>Qu\u00e9:<\/strong> <\/span><strong>Expo bienes ra\u00edces<\/strong><\/p>\n<p><span style=\"color: #993300;\"><strong>D\u00f3nde:<\/strong> <\/span><strong>Hotel B2B<\/strong><\/p>\n<p><strong><span style=\"color: #993300;\">Cu\u00e1ndo:<\/span> Diciembre 2012<\/strong><\/p>\n<p>&nbsp;<\/p>\n<p>M\u00e1s de 50 stands de profesionales del sector inmobiliario de vivienda media y de lujo, notar\u00edas, representantes de bancos y otros servicios se reunieron durante dos jornadas para mostrar las ofertas de los diferentes desarrolladores. De igual forma durante el evento se dictaron conferencias sobre temas como neuromarketing y marketing con el objetivo de capacitar mejor a los expositores. Los organizadores: Jos\u00e9 Urtiaga y Norma Arrebanal, refirieron que\u00a0 esta primera expo tiene como objetivo mostrar la gran variedad de oferta que tiene la zona norte de Quintana Roo, integrar al sector y apoyar el incremento de conocimientos de sus participantes. Asimismo se llevaron a cabo rifas entre los participantes que presentaron proyectos inmobiliarios asentados en\u00a0 Canc\u00fan, Playa del Carmen y Puerto Aventuras.<\/p>\n<div>\n<p>[editor]bitacora[\/editor]<\/p>\n<\/div>\n","protected":false},"excerpt":{"rendered":"<p>Qu\u00e9: Expo bienes ra\u00edces D\u00f3nde: Hotel B2B Cu\u00e1ndo: Diciembre 2012 &nbsp; M\u00e1s de 50 stands de&hellip;<\/p>\n","protected":false},"author":2,"featured_media":1148,"comment_status":"open","ping_status":"open","sticky":false,"template":"","format":"standard","meta":{"_acf_changed":false,"_lmt_disableupdate":"","_lmt_disable":"","_mbp_gutenberg_autopost":false,"footnotes":""},"categories":[1],"tags":[],"class_list":["post-1146","post","type-post","status-publish","format-standard","has-post-thumbnail","hentry","category-sin-categoria"],"acf":[],"_links":{"self":[{"href":"https:\/\/l21.mx\/index.php?rest_route=\/wp\/v2\/posts\/1146","targetHints":{"allow":["GET"]}}],"collection":[{"href":"https:\/\/l21.mx\/index.php?rest_route=\/wp\/v2\/posts"}],"about":[{"href":"https:\/\/l21.mx\/index.php?rest_route=\/wp\/v2\/types\/post"}],"author":[{"embeddable":true,"href":"https:\/\/l21.mx\/index.php?rest_route=\/wp\/v2\/users\/2"}],"replies":[{"embeddable":true,"href":"https:\/\/l21.mx\/index.php?rest_route=%2Fwp%2Fv2%2Fcomments&post=1146"}],"version-history":[{"count":0,"href":"https:\/\/l21.mx\/index.php?rest_route=\/wp\/v2\/posts\/1146\/revisions"}],"wp:featuredmedia":[{"embeddable":true,"href":"https:\/\/l21.mx\/index.php?rest_route=\/wp\/v2\/media\/1148"}],"wp:attachment":[{"href":"https:\/\/l21.mx\/index.php?rest_route=%2Fwp%2Fv2%2Fmedia&parent=1146"}],"wp:term":[{"taxonomy":"category","embeddable":true,"href":"https:\/\/l21.mx\/index.php?rest_route=%2Fwp%2Fv2%2Fcategories&post=1146"},{"taxonomy":"post_tag","embeddable":true,"href":"https:\/\/l21.mx\/index.php?rest_route=%2Fwp%2Fv2%2Ftags&post=1146"}],"curies":[{"name":"wp","href":"https:\/\/api.w.org\/{rel}","templated":true}]}}