{"id":1156,"date":"2013-01-07T16:41:10","date_gmt":"2013-01-07T22:41:10","guid":{"rendered":"http:\/\/innovatori.space\/lat21\/?p=1156"},"modified":"2013-01-07T16:41:10","modified_gmt":"2013-01-07T22:41:10","slug":"i-congreso-internacional-sobre-turismo-sostenible-riviera-maya","status":"publish","type":"post","link":"https:\/\/l21.mx\/?p=1156","title":{"rendered":"I Congreso Internacional sobre Turismo Sostenible Riviera  Maya"},"content":{"rendered":"<p><strong><span style=\"color: #993300;\"><a href=\"http:\/\/l21.mx\/wp-content\/uploads\/2013\/01\/TURISMO-SUSTENTABLE-2.jpg\" data-rel=\"penci-gallery-image-content\" ><img decoding=\"async\" class=\"alignleft size-full wp-image-1157\" title=\"turismo sustentable\" src=\"http:\/\/l21.mx\/wp-content\/uploads\/2013\/01\/TURISMO-SUSTENTABLE-2.jpg\" alt=\"canc\u00fan &quot;revista latitud21&quot; latitud21 &quot;Caribe Mexicano&quot; latitud 21 &quot;Grupo editorial Latitud21&quot;\" width=\"167\" height=\"108\" srcset=\"https:\/\/l21.mx\/wp-content\/uploads\/2013\/01\/TURISMO-SUSTENTABLE-2.jpg 167w, https:\/\/l21.mx\/wp-content\/uploads\/2013\/01\/TURISMO-SUSTENTABLE-2-131x85.jpg 131w, https:\/\/l21.mx\/wp-content\/uploads\/2013\/01\/TURISMO-SUSTENTABLE-2-80x51.jpg 80w\" sizes=\"(max-width: 167px) 100vw, 167px\" \/><\/a>Qu\u00e9:<\/span> I Congreso Internacional sobre Turismo Sostenible Riviera\u00a0 Maya<\/strong><\/p>\n<p><strong><span style=\"color: #993300;\">D\u00f3nde:<\/span>Diversas sedes en Tulum<\/strong><\/p>\n<p><strong><span style=\"color: #993300;\">Cu\u00e1ndo:<\/span> Noviembre 2012<\/strong><\/p>\n<p>Diversos especialistas, cient\u00edficos y representantes de los sectores social, acad\u00e9mico, empresarial y gubernamental se reunieron en la Riviera Maya para discutir las directrices a seguir en torno a temas como transporte, desarrollo urbano, uso de energ\u00eda, agua, residuos, inclusi\u00f3n social, entre otros aspectos, con miras a hacer de Tulum un laboratorio enfocado a desarrollar pol\u00edticas y pr\u00e1cticas sustentables. Aqu\u00ed se sentaron las bases de un modelo de desarrollo sostenible que genere riqueza, sea motor de paz y a la vez\u00a0 preserve el capital natural y la riqueza cultural y social de las comunidades que habitan en Tulum. Durante el evento se visualizaron propuestas y soluciones para cumplir con los objetivos mencionados en una Declaratoria entregada a las autoridades, firmada por los actores y las partes comprometidas, con el compromiso de que\u00a0 adoptar\u00e1n pol\u00edticas p\u00fablicas para fomentar el turismo sostenible.<\/p>\n<div>\n<p>[editor]bitacora[\/editor]<\/p>\n<\/div>\n","protected":false},"excerpt":{"rendered":"<p>Qu\u00e9: I Congreso Internacional sobre Turismo Sostenible Riviera\u00a0 Maya D\u00f3nde:Diversas sedes en Tulum Cu\u00e1ndo: Noviembre 2012&hellip;<\/p>\n","protected":false},"author":2,"featured_media":1158,"comment_status":"open","ping_status":"open","sticky":false,"template":"","format":"standard","meta":{"_acf_changed":false,"_lmt_disableupdate":"","_lmt_disable":"","_mbp_gutenberg_autopost":false,"footnotes":""},"categories":[1],"tags":[],"class_list":["post-1156","post","type-post","status-publish","format-standard","has-post-thumbnail","hentry","category-sin-categoria"],"acf":[],"_links":{"self":[{"href":"https:\/\/l21.mx\/index.php?rest_route=\/wp\/v2\/posts\/1156","targetHints":{"allow":["GET"]}}],"collection":[{"href":"https:\/\/l21.mx\/index.php?rest_route=\/wp\/v2\/posts"}],"about":[{"href":"https:\/\/l21.mx\/index.php?rest_route=\/wp\/v2\/types\/post"}],"author":[{"embeddable":true,"href":"https:\/\/l21.mx\/index.php?rest_route=\/wp\/v2\/users\/2"}],"replies":[{"embeddable":true,"href":"https:\/\/l21.mx\/index.php?rest_route=%2Fwp%2Fv2%2Fcomments&post=1156"}],"version-history":[{"count":0,"href":"https:\/\/l21.mx\/index.php?rest_route=\/wp\/v2\/posts\/1156\/revisions"}],"wp:featuredmedia":[{"embeddable":true,"href":"https:\/\/l21.mx\/index.php?rest_route=\/wp\/v2\/media\/1158"}],"wp:attachment":[{"href":"https:\/\/l21.mx\/index.php?rest_route=%2Fwp%2Fv2%2Fmedia&parent=1156"}],"wp:term":[{"taxonomy":"category","embeddable":true,"href":"https:\/\/l21.mx\/index.php?rest_route=%2Fwp%2Fv2%2Fcategories&post=1156"},{"taxonomy":"post_tag","embeddable":true,"href":"https:\/\/l21.mx\/index.php?rest_route=%2Fwp%2Fv2%2Ftags&post=1156"}],"curies":[{"name":"wp","href":"https:\/\/api.w.org\/{rel}","templated":true}]}}