{"id":12712,"date":"2015-11-26T15:40:44","date_gmt":"2015-11-26T21:40:44","guid":{"rendered":"http:\/\/innovatori.space\/lat21\/?p=12712"},"modified":"2015-11-26T15:42:41","modified_gmt":"2015-11-26T21:42:41","slug":"renueva-imagen-parque-xcaret","status":"publish","type":"post","link":"https:\/\/l21.mx\/?p=12712","title":{"rendered":"Renueva Imagen Parque Xcaret"},"content":{"rendered":"<p><a href=\"http:\/\/l21.mx\/wp-content\/uploads\/2015\/11\/GUACAMAYA-XCARET.jpg\" data-rel=\"penci-gallery-image-content\" ><img fetchpriority=\"high\" decoding=\"async\" class=\"alignleft size-medium wp-image-12714\" title=\"GUACAMAYA-XCARET\" src=\"http:\/\/l21.mx\/wp-content\/uploads\/2015\/11\/GUACAMAYA-XCARET-300x199.jpg\" alt=\"\" width=\"300\" height=\"199\" \/><\/a>\u25cf Exitoso programa de reintroducci\u00f3n de la guacamaya roja se refleja en nuevo logotipo.<br \/>\n\u25cf Fortalece su identidad como Embajada de M\u00e9xico ante el mundo.<\/p>\n<p>El parque Xcaret, de Canc\u00fan y la Riviera Maya, inform\u00f3 que a partir del 1o. de diciembre tendr\u00e1 lugar la difusi\u00f3n de su nuevo logotipo.<br \/>\nEn la nueva imagen distintiva de Xcaret se incluye una guacamaya roja que sustituye al tuc\u00e1n. El programa de reproducci\u00f3n de la guacamaya roja desarrollado por Xcaret, durante m\u00e1s de 22 a\u00f1os, ha permitido reintroducir la especie en las selvas de Chiapas y Veracruz. Gracias a esta iniciativa, la poblaci\u00f3n en vida silvestre en M\u00e9xico se ha incrementado en un 52% en los \u00faltimos 3 a\u00f1os, un logro sin precedente por tratarse de una especie en peligro de extinci\u00f3n.<br \/>\n<a href=\"http:\/\/l21.mx\/wp-content\/uploads\/2015\/11\/Logotipo-Xcaret-2016-021.jpg\" data-rel=\"penci-gallery-image-content\" ><img decoding=\"async\" class=\"alignleft size-medium wp-image-12716\" title=\"Logotipo-Xcaret-2016-02\" src=\"http:\/\/l21.mx\/wp-content\/uploads\/2015\/11\/Logotipo-Xcaret-2016-021-300x117.jpg\" alt=\"\" width=\"300\" height=\"117\" srcset=\"https:\/\/l21.mx\/wp-content\/uploads\/2015\/11\/Logotipo-Xcaret-2016-021-300x117.jpg 300w, https:\/\/l21.mx\/wp-content\/uploads\/2015\/11\/Logotipo-Xcaret-2016-021-768x300.jpg 768w, https:\/\/l21.mx\/wp-content\/uploads\/2015\/11\/Logotipo-Xcaret-2016-021-585x229.jpg 585w, https:\/\/l21.mx\/wp-content\/uploads\/2015\/11\/Logotipo-Xcaret-2016-021.jpg 800w\" sizes=\"(max-width: 300px) 100vw, 300px\" \/><\/a>El incremento en tama\u00f1o de la palabra M\u00e9xico es otra modificaci\u00f3n que se aplic\u00f3 al logotipo, en apego a la identidad forjada durante los \u00faltimos 25 a\u00f1os: Xcaret es una Embajada de M\u00e9xico que diariamente presenta lo m\u00e1s representativo de su historia, cultura y naturaleza, ante m\u00e1s de 1.3 millones de visitantes que recibe anualmente.<br \/>\nACERCA DE XCARET<br \/>\nXcaret es un majestuoso parque a la orilla del mar, con actividades \u00fanicas en medio de la selva, en donde sus visitantes se divierten descubriendo el patrimonio natural y cultural de M\u00e9xico, a trav\u00e9s de r\u00edos subterr\u00e1neos, su fauna silvestre terrestre y acu\u00e1tica, gastronom\u00eda y expresiones art\u00edsticas.<\/p>\n","protected":false},"excerpt":{"rendered":"<p>\u25cf Exitoso programa de reintroducci\u00f3n de la guacamaya roja se refleja en nuevo logotipo. \u25cf Fortalece&hellip;<\/p>\n","protected":false},"author":2,"featured_media":12719,"comment_status":"open","ping_status":"open","sticky":false,"template":"","format":"standard","meta":{"_acf_changed":false,"_lmt_disableupdate":"","_lmt_disable":"","_mbp_gutenberg_autopost":false,"footnotes":""},"categories":[4,23,8],"tags":[],"class_list":["post-12712","post","type-post","status-publish","format-standard","has-post-thumbnail","hentry","category-empresas-y-negocios","category-noticias","category-turismo"],"acf":[],"yoast_head":"<!-- This site is optimized with the Yoast SEO plugin v27.3 - https:\/\/yoast.com\/product\/yoast-seo-wordpress\/ -->\n<title>Renueva Imagen Parque Xcaret | Revista Latitud 21<\/title>\n<meta name=\"description\" content=\"L21, Emprendedores y Negocios en el Caribe Mexicano, es la revista l\u00edder entre el Sector Empresarial y Tur\u00edstico del Caribe Mexicano.\" \/>\n<meta name=\"robots\" content=\"index, follow, max-snippet:-1, max-image-preview:large, max-video-preview:-1\" \/>\n<link rel=\"canonical\" href=\"https:\/\/l21.mx\/?p=12712\" \/>\n<meta name=\"twitter:card\" content=\"summary_large_image\" \/>\n<meta name=\"twitter:title\" content=\"Renueva Imagen Parque Xcaret | Revista Latitud 21\" \/>\n<meta name=\"twitter:description\" content=\"L21, Emprendedores y Negocios en el Caribe Mexicano, es la revista l\u00edder entre el Sector Empresarial y Tur\u00edstico del Caribe Mexicano.\" \/>\n<meta name=\"twitter:image\" content=\"https:\/\/l21.mx\/wp-content\/uploads\/2015\/11\/xcaret.jpg\" \/>\n<meta name=\"twitter:creator\" content=\"@Latitud21mx\" \/>\n<meta name=\"twitter:site\" content=\"@Latitud21mx\" \/>\n<meta name=\"twitter:label1\" content=\"Escrito por\" \/>\n\t<meta name=\"twitter:data1\" content=\"Latitud21 Redacci\u00f3n\" \/>\n\t<meta name=\"twitter:label2\" content=\"Tiempo de lectura\" \/>\n\t<meta name=\"twitter:data2\" content=\"1 minuto\" \/>\n<script type=\"application\/ld+json\" class=\"yoast-schema-graph\">{\"@context\":\"https:\\\/\\\/schema.org\",\"@graph\":[{\"@type\":\"Article\",\"@id\":\"https:\\\/\\\/l21.mx\\\/?p=12712#article\",\"isPartOf\":{\"@id\":\"https:\\\/\\\/l21.mx\\\/?p=12712\"},\"author\":{\"name\":\"Latitud21 Redacci\u00f3n\",\"@id\":\"https:\\\/\\\/l21.mx\\\/#\\\/schema\\\/person\\\/4b571cc212089f95579f3b66253728f1\"},\"headline\":\"Renueva Imagen Parque Xcaret\",\"datePublished\":\"2015-11-26T21:40:44+00:00\",\"dateModified\":\"2015-11-26T21:42:41+00:00\",\"mainEntityOfPage\":{\"@id\":\"https:\\\/\\\/l21.mx\\\/?p=12712\"},\"wordCount\":257,\"commentCount\":0,\"publisher\":{\"@id\":\"https:\\\/\\\/l21.mx\\\/#organization\"},\"image\":{\"@id\":\"https:\\\/\\\/l21.mx\\\/?p=12712#primaryimage\"},\"thumbnailUrl\":\"https:\\\/\\\/l21.mx\\\/wp-content\\\/uploads\\\/2015\\\/11\\\/xcaret.jpg\",\"articleSection\":[\"Empresas y Negocios\",\"Noticias\",\"Turismo\"],\"inLanguage\":\"es\",\"potentialAction\":[{\"@type\":\"CommentAction\",\"name\":\"Comment\",\"target\":[\"https:\\\/\\\/l21.mx\\\/?p=12712#respond\"]}]},{\"@type\":\"WebPage\",\"@id\":\"https:\\\/\\\/l21.mx\\\/?p=12712\",\"url\":\"https:\\\/\\\/l21.mx\\\/?p=12712\",\"name\":\"Renueva Imagen Parque Xcaret | Revista Latitud 21\",\"isPartOf\":{\"@id\":\"https:\\\/\\\/l21.mx\\\/#website\"},\"primaryImageOfPage\":{\"@id\":\"https:\\\/\\\/l21.mx\\\/?p=12712#primaryimage\"},\"image\":{\"@id\":\"https:\\\/\\\/l21.mx\\\/?p=12712#primaryimage\"},\"thumbnailUrl\":\"https:\\\/\\\/l21.mx\\\/wp-content\\\/uploads\\\/2015\\\/11\\\/xcaret.jpg\",\"datePublished\":\"2015-11-26T21:40:44+00:00\",\"dateModified\":\"2015-11-26T21:42:41+00:00\",\"description\":\"L21, Emprendedores y Negocios en el Caribe Mexicano, es la revista l\u00edder entre el Sector Empresarial y Tur\u00edstico del Caribe Mexicano.\",\"breadcrumb\":{\"@id\":\"https:\\\/\\\/l21.mx\\\/?p=12712#breadcrumb\"},\"inLanguage\":\"es\",\"potentialAction\":[{\"@type\":\"ReadAction\",\"target\":[\"https:\\\/\\\/l21.mx\\\/?p=12712\"]}]},{\"@type\":\"ImageObject\",\"inLanguage\":\"es\",\"@id\":\"https:\\\/\\\/l21.mx\\\/?p=12712#primaryimage\",\"url\":\"https:\\\/\\\/l21.mx\\\/wp-content\\\/uploads\\\/2015\\\/11\\\/xcaret.jpg\",\"contentUrl\":\"https:\\\/\\\/l21.mx\\\/wp-content\\\/uploads\\\/2015\\\/11\\\/xcaret.jpg\",\"width\":167,\"height\":108},{\"@type\":\"BreadcrumbList\",\"@id\":\"https:\\\/\\\/l21.mx\\\/?p=12712#breadcrumb\",\"itemListElement\":[{\"@type\":\"ListItem\",\"position\":1,\"name\":\"Portada\",\"item\":\"https:\\\/\\\/l21.mx\\\/\"},{\"@type\":\"ListItem\",\"position\":2,\"name\":\"Renueva Imagen Parque Xcaret\"}]},{\"@type\":\"WebSite\",\"@id\":\"https:\\\/\\\/l21.mx\\\/#website\",\"url\":\"https:\\\/\\\/l21.mx\\\/\",\"name\":\"Revista Latitud 21\",\"description\":\"Emprendedores  y negocios en el Caribe Mexicano\",\"publisher\":{\"@id\":\"https:\\\/\\\/l21.mx\\\/#organization\"},\"potentialAction\":[{\"@type\":\"SearchAction\",\"target\":{\"@type\":\"EntryPoint\",\"urlTemplate\":\"https:\\\/\\\/l21.mx\\\/?s={search_term_string}\"},\"query-input\":{\"@type\":\"PropertyValueSpecification\",\"valueRequired\":true,\"valueName\":\"search_term_string\"}}],\"inLanguage\":\"es\"},{\"@type\":\"Organization\",\"@id\":\"https:\\\/\\\/l21.mx\\\/#organization\",\"name\":\"Grupo Editorial Latitud 21 SA de CV\",\"url\":\"https:\\\/\\\/l21.mx\\\/\",\"logo\":{\"@type\":\"ImageObject\",\"inLanguage\":\"es\",\"@id\":\"https:\\\/\\\/l21.mx\\\/#\\\/schema\\\/logo\\\/image\\\/\",\"url\":\"https:\\\/\\\/l21.mx\\\/wp-content\\\/uploads\\\/2020\\\/10\\\/logo-l21-baja.jpg\",\"contentUrl\":\"https:\\\/\\\/l21.mx\\\/wp-content\\\/uploads\\\/2020\\\/10\\\/logo-l21-baja.jpg\",\"width\":250,\"height\":250,\"caption\":\"Grupo Editorial Latitud 21 SA de CV\"},\"image\":{\"@id\":\"https:\\\/\\\/l21.mx\\\/#\\\/schema\\\/logo\\\/image\\\/\"},\"sameAs\":[\"https:\\\/\\\/www.facebook.com\\\/RevistaLatitud21\\\/\",\"https:\\\/\\\/x.com\\\/Latitud21mx\"]},{\"@type\":\"Person\",\"@id\":\"https:\\\/\\\/l21.mx\\\/#\\\/schema\\\/person\\\/4b571cc212089f95579f3b66253728f1\",\"name\":\"Latitud21 Redacci\u00f3n\",\"url\":\"https:\\\/\\\/l21.mx\\\/?author=2\"}]}<\/script>\n<!-- \/ Yoast SEO plugin. -->","yoast_head_json":{"title":"Renueva Imagen Parque Xcaret | Revista Latitud 21","description":"L21, Emprendedores y Negocios en el Caribe Mexicano, es la revista l\u00edder entre el Sector Empresarial y Tur\u00edstico del Caribe Mexicano.","robots":{"index":"index","follow":"follow","max-snippet":"max-snippet:-1","max-image-preview":"max-image-preview:large","max-video-preview":"max-video-preview:-1"},"canonical":"https:\/\/l21.mx\/?p=12712","twitter_card":"summary_large_image","twitter_title":"Renueva Imagen Parque Xcaret | Revista Latitud 21","twitter_description":"L21, Emprendedores y Negocios en el Caribe Mexicano, es la revista l\u00edder entre el Sector Empresarial y Tur\u00edstico del Caribe Mexicano.","twitter_image":"https:\/\/l21.mx\/wp-content\/uploads\/2015\/11\/xcaret.jpg","twitter_creator":"@Latitud21mx","twitter_site":"@Latitud21mx","twitter_misc":{"Escrito por":"Latitud21 Redacci\u00f3n","Tiempo de lectura":"1 minuto"},"schema":{"@context":"https:\/\/schema.org","@graph":[{"@type":"Article","@id":"https:\/\/l21.mx\/?p=12712#article","isPartOf":{"@id":"https:\/\/l21.mx\/?p=12712"},"author":{"name":"Latitud21 Redacci\u00f3n","@id":"https:\/\/l21.mx\/#\/schema\/person\/4b571cc212089f95579f3b66253728f1"},"headline":"Renueva Imagen Parque Xcaret","datePublished":"2015-11-26T21:40:44+00:00","dateModified":"2015-11-26T21:42:41+00:00","mainEntityOfPage":{"@id":"https:\/\/l21.mx\/?p=12712"},"wordCount":257,"commentCount":0,"publisher":{"@id":"https:\/\/l21.mx\/#organization"},"image":{"@id":"https:\/\/l21.mx\/?p=12712#primaryimage"},"thumbnailUrl":"https:\/\/l21.mx\/wp-content\/uploads\/2015\/11\/xcaret.jpg","articleSection":["Empresas y Negocios","Noticias","Turismo"],"inLanguage":"es","potentialAction":[{"@type":"CommentAction","name":"Comment","target":["https:\/\/l21.mx\/?p=12712#respond"]}]},{"@type":"WebPage","@id":"https:\/\/l21.mx\/?p=12712","url":"https:\/\/l21.mx\/?p=12712","name":"Renueva Imagen Parque Xcaret | Revista Latitud 21","isPartOf":{"@id":"https:\/\/l21.mx\/#website"},"primaryImageOfPage":{"@id":"https:\/\/l21.mx\/?p=12712#primaryimage"},"image":{"@id":"https:\/\/l21.mx\/?p=12712#primaryimage"},"thumbnailUrl":"https:\/\/l21.mx\/wp-content\/uploads\/2015\/11\/xcaret.jpg","datePublished":"2015-11-26T21:40:44+00:00","dateModified":"2015-11-26T21:42:41+00:00","description":"L21, Emprendedores y Negocios en el Caribe Mexicano, es la revista l\u00edder entre el Sector Empresarial y Tur\u00edstico del Caribe Mexicano.","breadcrumb":{"@id":"https:\/\/l21.mx\/?p=12712#breadcrumb"},"inLanguage":"es","potentialAction":[{"@type":"ReadAction","target":["https:\/\/l21.mx\/?p=12712"]}]},{"@type":"ImageObject","inLanguage":"es","@id":"https:\/\/l21.mx\/?p=12712#primaryimage","url":"https:\/\/l21.mx\/wp-content\/uploads\/2015\/11\/xcaret.jpg","contentUrl":"https:\/\/l21.mx\/wp-content\/uploads\/2015\/11\/xcaret.jpg","width":167,"height":108},{"@type":"BreadcrumbList","@id":"https:\/\/l21.mx\/?p=12712#breadcrumb","itemListElement":[{"@type":"ListItem","position":1,"name":"Portada","item":"https:\/\/l21.mx\/"},{"@type":"ListItem","position":2,"name":"Renueva Imagen Parque Xcaret"}]},{"@type":"WebSite","@id":"https:\/\/l21.mx\/#website","url":"https:\/\/l21.mx\/","name":"Revista Latitud 21","description":"Emprendedores  y negocios en el Caribe Mexicano","publisher":{"@id":"https:\/\/l21.mx\/#organization"},"potentialAction":[{"@type":"SearchAction","target":{"@type":"EntryPoint","urlTemplate":"https:\/\/l21.mx\/?s={search_term_string}"},"query-input":{"@type":"PropertyValueSpecification","valueRequired":true,"valueName":"search_term_string"}}],"inLanguage":"es"},{"@type":"Organization","@id":"https:\/\/l21.mx\/#organization","name":"Grupo Editorial Latitud 21 SA de CV","url":"https:\/\/l21.mx\/","logo":{"@type":"ImageObject","inLanguage":"es","@id":"https:\/\/l21.mx\/#\/schema\/logo\/image\/","url":"https:\/\/l21.mx\/wp-content\/uploads\/2020\/10\/logo-l21-baja.jpg","contentUrl":"https:\/\/l21.mx\/wp-content\/uploads\/2020\/10\/logo-l21-baja.jpg","width":250,"height":250,"caption":"Grupo Editorial Latitud 21 SA de CV"},"image":{"@id":"https:\/\/l21.mx\/#\/schema\/logo\/image\/"},"sameAs":["https:\/\/www.facebook.com\/RevistaLatitud21\/","https:\/\/x.com\/Latitud21mx"]},{"@type":"Person","@id":"https:\/\/l21.mx\/#\/schema\/person\/4b571cc212089f95579f3b66253728f1","name":"Latitud21 Redacci\u00f3n","url":"https:\/\/l21.mx\/?author=2"}]}},"amp_enabled":true,"_links":{"self":[{"href":"https:\/\/l21.mx\/index.php?rest_route=\/wp\/v2\/posts\/12712","targetHints":{"allow":["GET"]}}],"collection":[{"href":"https:\/\/l21.mx\/index.php?rest_route=\/wp\/v2\/posts"}],"about":[{"href":"https:\/\/l21.mx\/index.php?rest_route=\/wp\/v2\/types\/post"}],"author":[{"embeddable":true,"href":"https:\/\/l21.mx\/index.php?rest_route=\/wp\/v2\/users\/2"}],"replies":[{"embeddable":true,"href":"https:\/\/l21.mx\/index.php?rest_route=%2Fwp%2Fv2%2Fcomments&post=12712"}],"version-history":[{"count":0,"href":"https:\/\/l21.mx\/index.php?rest_route=\/wp\/v2\/posts\/12712\/revisions"}],"wp:featuredmedia":[{"embeddable":true,"href":"https:\/\/l21.mx\/index.php?rest_route=\/wp\/v2\/media\/12719"}],"wp:attachment":[{"href":"https:\/\/l21.mx\/index.php?rest_route=%2Fwp%2Fv2%2Fmedia&parent=12712"}],"wp:term":[{"taxonomy":"category","embeddable":true,"href":"https:\/\/l21.mx\/index.php?rest_route=%2Fwp%2Fv2%2Fcategories&post=12712"},{"taxonomy":"post_tag","embeddable":true,"href":"https:\/\/l21.mx\/index.php?rest_route=%2Fwp%2Fv2%2Ftags&post=12712"}],"curies":[{"name":"wp","href":"https:\/\/api.w.org\/{rel}","templated":true}]}}