{"id":1294,"date":"2013-01-09T13:47:48","date_gmt":"2013-01-09T19:47:48","guid":{"rendered":"http:\/\/innovatori.space\/lat21\/?p=1294"},"modified":"2013-01-09T13:51:05","modified_gmt":"2013-01-09T19:51:05","slug":"nombramientos-enero-2013","status":"publish","type":"post","link":"https:\/\/l21.mx\/?p=1294","title":{"rendered":"Nombramientos Enero 2013"},"content":{"rendered":"<p><span style=\"color: #993300;\"><strong><a href=\"http:\/\/l21.mx\/wp-content\/uploads\/2013\/01\/claudia-ruiz-massieu-salinas.jpg\" data-rel=\"penci-gallery-image-content\" ><img fetchpriority=\"high\" decoding=\"async\" class=\"alignleft size-medium wp-image-1295\" title=\"claudia ruiz massieu salinas\" src=\"http:\/\/l21.mx\/wp-content\/uploads\/2013\/01\/claudia-ruiz-massieu-salinas-203x300.jpg\" alt=\"canc\u00fan &quot;revista latitud21&quot; latitud21 &quot;Caribe Mexicano&quot; latitud 21 &quot;Grupo editorial Latitud21&quot;\" width=\"203\" height=\"300\" srcset=\"https:\/\/l21.mx\/wp-content\/uploads\/2013\/01\/claudia-ruiz-massieu-salinas-203x300.jpg 203w, https:\/\/l21.mx\/wp-content\/uploads\/2013\/01\/claudia-ruiz-massieu-salinas-57x85.jpg 57w, https:\/\/l21.mx\/wp-content\/uploads\/2013\/01\/claudia-ruiz-massieu-salinas-80x117.jpg 80w, https:\/\/l21.mx\/wp-content\/uploads\/2013\/01\/claudia-ruiz-massieu-salinas.jpg 382w\" sizes=\"(max-width: 203px) 100vw, 203px\" \/><\/a>GOBIERNO FEDERAL<\/strong><\/span><\/p>\n<p>Claudia Ruiz Massieu Salinas es la nueva Secretaria de Turismo Federal en sustituci\u00f3n\u00a0de Gloria Guevara Manzo.<\/p>\n<p><strong><span style=\"color: #993300;\">Lugar de origen:\u00a0<\/span><\/strong>Ciudad de M\u00e9xico.<\/p>\n<p><strong><span style=\"color: #993300;\">Estudios:\u00a0<\/span><\/strong>Derecho, Universidad Iberoamericana.\u00a0Ciencia Pol\u00edtica, Centro de Estudios Pol\u00edticos\u00a0y Constitucionales de Madrid, Espa\u00f1a.<\/p>\n<p><strong><span style=\"color: #993300;\">Desarrollo profesional:\u00a0<\/span><\/strong>LXI Legislatura del Congreso de la Uni\u00f3n,\u00a0PGR, PRI, Fundaci\u00f3n Colosio.<\/p>\n<p>&nbsp;<\/p>\n<p><span style=\"color: #993300;\"><strong><a href=\"http:\/\/l21.mx\/wp-content\/uploads\/2013\/01\/marin-gomez-barraza.jpg\" data-rel=\"penci-gallery-image-content\" ><img decoding=\"async\" class=\"alignright size-medium wp-image-1296\" title=\"marin gomez barraza\" src=\"http:\/\/l21.mx\/wp-content\/uploads\/2013\/01\/marin-gomez-barraza-202x300.jpg\" alt=\"canc\u00fan &quot;revista latitud21&quot; latitud21 &quot;Caribe Mexicano&quot; latitud 21 &quot;Grupo editorial Latitud21&quot;\" width=\"202\" height=\"300\" srcset=\"https:\/\/l21.mx\/wp-content\/uploads\/2013\/01\/marin-gomez-barraza-202x300.jpg 202w, https:\/\/l21.mx\/wp-content\/uploads\/2013\/01\/marin-gomez-barraza-57x85.jpg 57w, https:\/\/l21.mx\/wp-content\/uploads\/2013\/01\/marin-gomez-barraza-167x247.jpg 167w, https:\/\/l21.mx\/wp-content\/uploads\/2013\/01\/marin-gomez-barraza-80x118.jpg 80w, https:\/\/l21.mx\/wp-content\/uploads\/2013\/01\/marin-gomez-barraza.jpg 379w\" sizes=\"(max-width: 202px) 100vw, 202px\" \/><\/a><\/strong><\/span><\/p>\n<p><span style=\"color: #993300;\"><strong>GOBIERNO FEDERAL<\/strong><\/span><\/p>\n<p><strong>Mart\u00edn G\u00f3mez Barraza<\/strong> fue designado\u00a0nuevo director general del Fondo\u00a0Nacional de Fomento al Turismo\u00a0en sustituci\u00f3n de Alejandro Carrillo.<\/p>\n<p><strong><span style=\"color: #993300;\">Estudios:\u00a0<\/span><\/strong>Derecho, Universidad Iberoamericana.<\/p>\n<p><strong><span style=\"color: #993300;\">Desarrollo profesional:\u00a0<\/span><\/strong>Senado de la Rep\u00fablica; Secretar\u00eda\u00a0de Gobernaci\u00f3n, Fonatur.<\/p>\n<p>&nbsp;<\/p>\n<p>&nbsp;<\/p>\n<p>&nbsp;<\/p>\n<p><strong><span style=\"color: #993300;\"><a href=\"http:\/\/l21.mx\/wp-content\/uploads\/2013\/01\/carlos-joaquin-gonzalez.jpg\" data-rel=\"penci-gallery-image-content\" ><img decoding=\"async\" class=\"alignright size-medium wp-image-1297\" title=\"carlos joaquin gonzalez\" src=\"http:\/\/l21.mx\/wp-content\/uploads\/2013\/01\/carlos-joaquin-gonzalez-203x300.jpg\" alt=\"canc\u00fan &quot;revista latitud21&quot; latitud21 &quot;Caribe Mexicano&quot; latitud 21 &quot;Grupo editorial Latitud21&quot;\" width=\"203\" height=\"300\" srcset=\"https:\/\/l21.mx\/wp-content\/uploads\/2013\/01\/carlos-joaquin-gonzalez-203x300.jpg 203w, https:\/\/l21.mx\/wp-content\/uploads\/2013\/01\/carlos-joaquin-gonzalez-57x85.jpg 57w, https:\/\/l21.mx\/wp-content\/uploads\/2013\/01\/carlos-joaquin-gonzalez-80x117.jpg 80w, https:\/\/l21.mx\/wp-content\/uploads\/2013\/01\/carlos-joaquin-gonzalez.jpg 384w\" sizes=\"(max-width: 203px) 100vw, 203px\" \/><\/a>GOBIERNO FEDERAL<\/span><\/strong><\/p>\n<p><strong>Carlos Joaqu\u00edn Gonz\u00e1lez<\/strong> fue nombrado subsecretario de Operaci\u00f3n Tur\u00edstica\u00a0en lugar de Fernando Olivera.<\/p>\n<p><strong><span style=\"color: #993300;\">Lugar de origen:\u00a0<\/span><\/strong>Cozumel, Quintana Roo.<\/p>\n<p><strong><span style=\"color: #993300;\">Estudios:\u00a0<\/span><\/strong>Contadur\u00eda P\u00fablica, Universidad Aut\u00f3noma de Yucat\u00e1n. Alta direcci\u00f3n, Instituto de Estudios Superiores Tecnol\u00f3gico de Monterrey.<\/p>\n<p><span style=\"color: #993300;\"><strong>Desarrollo profesional:\u00a0<\/strong><\/span>Presidencia municipal de Solidaridad, C\u00e1mara de Diputados, Secretar\u00eda de turismo de Quintana Roo.<\/p>\n<p>&nbsp;<\/p>\n<p><strong><span style=\"color: #993300;\"><a href=\"http:\/\/l21.mx\/wp-content\/uploads\/2013\/01\/pedro-joaquin-coldwell.jpg\" data-rel=\"penci-gallery-image-content\" ><img loading=\"lazy\" decoding=\"async\" class=\"alignleft size-medium wp-image-1298\" title=\"pedro joaquin coldwell\" src=\"http:\/\/l21.mx\/wp-content\/uploads\/2013\/01\/pedro-joaquin-coldwell-201x300.jpg\" alt=\"canc\u00fan &quot;revista latitud21&quot; latitud21 &quot;Caribe Mexicano&quot; latitud 21 &quot;Grupo editorial Latitud21&quot;\" width=\"201\" height=\"300\" srcset=\"https:\/\/l21.mx\/wp-content\/uploads\/2013\/01\/pedro-joaquin-coldwell-201x300.jpg 201w, https:\/\/l21.mx\/wp-content\/uploads\/2013\/01\/pedro-joaquin-coldwell-57x85.jpg 57w, https:\/\/l21.mx\/wp-content\/uploads\/2013\/01\/pedro-joaquin-coldwell-167x248.jpg 167w, https:\/\/l21.mx\/wp-content\/uploads\/2013\/01\/pedro-joaquin-coldwell-80x118.jpg 80w, https:\/\/l21.mx\/wp-content\/uploads\/2013\/01\/pedro-joaquin-coldwell.jpg 380w\" sizes=\"(max-width: 201px) 100vw, 201px\" \/><\/a>GOBIERNO FEDERAL<\/span><\/strong><\/p>\n<p><strong>Pedro Joaqu\u00edn Coldwell<\/strong> ocupa el cargo\u00a0de secretario de Energ\u00eda en lugar\u00a0de Jordy Herrera.<\/p>\n<p><strong><span style=\"color: #993300;\">Lugar de origen:\u00a0<\/span><\/strong>Cozumel, Quintana Roo.<\/p>\n<p><strong><span style=\"color: #993300;\">Estudios:\u00a0<\/span><\/strong>Derecho, Universidad Iberoamericana.<\/p>\n<p><strong><span style=\"color: #993300;\">Desarrollo profesional:\u00a0<\/span><\/strong>Secretar\u00eda de Turismo, Gobierno\u00a0de Quintana Roo, Congreso de la Uni\u00f3n,\u00a0PRI, Relaciones Exteriores.<\/p>\n<p>&nbsp;<\/p>\n<p>&nbsp;<\/p>\n<p><strong><span style=\"color: #993300;\"><a href=\"http:\/\/l21.mx\/wp-content\/uploads\/2013\/01\/luis-carreno.jpg\" data-rel=\"penci-gallery-image-content\" ><img loading=\"lazy\" decoding=\"async\" class=\"alignleft size-medium wp-image-1299\" title=\"luis carreno\" src=\"http:\/\/l21.mx\/wp-content\/uploads\/2013\/01\/luis-carreno-205x300.jpg\" alt=\"canc\u00fan &quot;revista latitud21&quot; latitud21 &quot;Caribe Mexicano&quot; latitud 21 &quot;Grupo editorial Latitud21&quot;\" width=\"205\" height=\"300\" srcset=\"https:\/\/l21.mx\/wp-content\/uploads\/2013\/01\/luis-carreno-205x300.jpg 205w, https:\/\/l21.mx\/wp-content\/uploads\/2013\/01\/luis-carreno-58x85.jpg 58w, https:\/\/l21.mx\/wp-content\/uploads\/2013\/01\/luis-carreno-167x243.jpg 167w, https:\/\/l21.mx\/wp-content\/uploads\/2013\/01\/luis-carreno-80x116.jpg 80w, https:\/\/l21.mx\/wp-content\/uploads\/2013\/01\/luis-carreno.jpg 387w\" sizes=\"(max-width: 205px) 100vw, 205px\" \/><\/a>EMPRESAS<\/span><\/strong><\/p>\n<p><strong>Luis Carre\u00f1o<\/strong> fue nombrado director de Ventas del Hotel Dreams Puerto Aventuras en sustituci\u00f3n de Hagen Sommer<\/p>\n<p><strong><span style=\"color: #993300;\">Lugar de Origen:\u00a0<\/span><\/strong>Monterrey<\/p>\n<p><strong><span style=\"color: #993300;\">Arribo a Canc\u00fan:\u00a0<\/span><\/strong>2007<\/p>\n<p><strong><span style=\"color: #993300;\">Estudios:\u00a0<\/span><\/strong>Lic. en Mercadotecnia,\u00a0Tecnol\u00f3gico de Monterrey.<\/p>\n<p><strong><span style=\"color: #993300;\">Desarrollo Profesional:\u00a0<\/span><\/strong>Dreams Tulum<\/p>\n<p>&nbsp;<\/p>\n<p><strong><span style=\"color: #993300;\"><a href=\"http:\/\/l21.mx\/wp-content\/uploads\/2013\/01\/jesus-rodriguez-alonso.jpg\" data-rel=\"penci-gallery-image-content\" ><img loading=\"lazy\" decoding=\"async\" class=\"alignright size-medium wp-image-1300\" title=\"jesus rodriguez alonso\" src=\"http:\/\/l21.mx\/wp-content\/uploads\/2013\/01\/jesus-rodriguez-alonso-206x300.jpg\" alt=\"canc\u00fan &quot;revista latitud21&quot; latitud21 &quot;Caribe Mexicano&quot; latitud 21 &quot;Grupo editorial Latitud21&quot;\" width=\"206\" height=\"300\" srcset=\"https:\/\/l21.mx\/wp-content\/uploads\/2013\/01\/jesus-rodriguez-alonso-206x300.jpg 206w, https:\/\/l21.mx\/wp-content\/uploads\/2013\/01\/jesus-rodriguez-alonso-58x85.jpg 58w, https:\/\/l21.mx\/wp-content\/uploads\/2013\/01\/jesus-rodriguez-alonso-167x242.jpg 167w, https:\/\/l21.mx\/wp-content\/uploads\/2013\/01\/jesus-rodriguez-alonso-80x116.jpg 80w, https:\/\/l21.mx\/wp-content\/uploads\/2013\/01\/jesus-rodriguez-alonso.jpg 387w\" sizes=\"(max-width: 206px) 100vw, 206px\" \/><\/a>EMPRESAS<\/span><\/strong><\/p>\n<p><strong>Jes\u00fas Rodr\u00edguez Alonso<\/strong> fue designado\u00a0director M\u00e9dico de Life Extension Clinique,\u00a0Riviera Maya. (Puesto de nueva creaci\u00f3n).<\/p>\n<p><strong><span style=\"color: #993300;\">Lugar de origen:\u00a0<\/span><\/strong>Valencia Espa\u00f1a.<\/p>\n<p><strong><span style=\"color: #993300;\">Arribo a Playa del Carmen:\u00a0<\/span><\/strong>2011.<\/p>\n<p><strong><span style=\"color: #993300;\">Estudios:\u00a0<\/span><\/strong>Doctor en Medicina, Harvard Medical School; M\u00e9dico\u00a0cirujano partero-home\u00f3pata, Universidad de Madrid.<\/p>\n<p><strong><span style=\"color: #993300;\">Desarrollo profesional:\u00a0<\/span><\/strong>Asociaci\u00f3n Espa\u00f1ola de M\u00e9dicos en M\u00e9xico.<\/p>\n<p>&nbsp;<\/p>\n<p><strong><span style=\"color: #993300;\"><a href=\"http:\/\/l21.mx\/wp-content\/uploads\/2013\/01\/gustavo-zansores.jpg\" data-rel=\"penci-gallery-image-content\" ><img loading=\"lazy\" decoding=\"async\" class=\"alignright size-medium wp-image-1301\" title=\"gustavo zansores\" src=\"http:\/\/l21.mx\/wp-content\/uploads\/2013\/01\/gustavo-zansores-204x300.jpg\" alt=\"canc\u00fan &quot;revista latitud21&quot; latitud21 &quot;Caribe Mexicano&quot; latitud 21 &quot;Grupo editorial Latitud21&quot;\" width=\"204\" height=\"300\" srcset=\"https:\/\/l21.mx\/wp-content\/uploads\/2013\/01\/gustavo-zansores-204x300.jpg 204w, https:\/\/l21.mx\/wp-content\/uploads\/2013\/01\/gustavo-zansores-58x85.jpg 58w, https:\/\/l21.mx\/wp-content\/uploads\/2013\/01\/gustavo-zansores-80x117.jpg 80w, https:\/\/l21.mx\/wp-content\/uploads\/2013\/01\/gustavo-zansores.jpg 388w\" sizes=\"(max-width: 204px) 100vw, 204px\" \/><\/a>TIENDAS DEPARTAMENTALES<\/span><\/strong><\/p>\n<p>Gustavo Sansores fue nombrado gerente de Liverpool Playa del Carmen\u00a0(Puesto de nueva creaci\u00f3n).<\/p>\n<p><strong><span style=\"color: #993300;\">Lugar de origen:\u00a0<\/span><\/strong>M\u00e9rida, Yucat\u00e1n.<\/p>\n<p><strong><span style=\"color: #993300;\">Arribo a Playa del Carmen:\u00a0<\/span><\/strong>2012<\/p>\n<p><strong><span style=\"color: #993300;\">Estudios:\u00a0<\/span><\/strong>Administraci\u00f3n de Empresa,\u00a0Tecnol\u00f3gico de Chetumal.<\/p>\n<p><strong><span style=\"color: #993300;\">Desarrollo profesional:\u00a0<\/span><\/strong>Chedraui, Office Depot.<\/p>\n<p>&nbsp;<\/p>\n<p><strong><span style=\"color: #993300;\"><a href=\"http:\/\/l21.mx\/wp-content\/uploads\/2013\/01\/cecilia-orozco.jpg\" data-rel=\"penci-gallery-image-content\" ><img loading=\"lazy\" decoding=\"async\" class=\"alignleft size-medium wp-image-1302\" title=\"cecilia orozco\" src=\"http:\/\/l21.mx\/wp-content\/uploads\/2013\/01\/cecilia-orozco-203x300.jpg\" alt=\"canc\u00fan &quot;revista latitud21&quot; latitud21 &quot;Caribe Mexicano&quot; latitud 21 &quot;Grupo editorial Latitud21&quot;\" width=\"203\" height=\"300\" srcset=\"https:\/\/l21.mx\/wp-content\/uploads\/2013\/01\/cecilia-orozco-203x300.jpg 203w, https:\/\/l21.mx\/wp-content\/uploads\/2013\/01\/cecilia-orozco-57x85.jpg 57w, https:\/\/l21.mx\/wp-content\/uploads\/2013\/01\/cecilia-orozco-80x117.jpg 80w, https:\/\/l21.mx\/wp-content\/uploads\/2013\/01\/cecilia-orozco.jpg 384w\" sizes=\"(max-width: 203px) 100vw, 203px\" \/><\/a>EMPRESAS<\/span><\/strong><\/p>\n<p><strong>Cecilia Orozco<\/strong> es la nueva\u00a0 coordinadora\u00a0de Relaciones P\u00fablicas\u00a0 de Grupo Dolphin Discovery\u00a0(Puesto de nueva creaci\u00f3n).<\/p>\n<p><strong><span style=\"color: #993300;\">Lugar de origen:\u00a0<\/span><\/strong>Ciudad de M\u00e9xico.<\/p>\n<p><strong><span style=\"color: #993300;\">Arribo a Canc\u00fan:\u00a0<\/span><\/strong>2004.<\/p>\n<p><strong><span style=\"color: #993300;\">Estudios:\u00a0<\/span><\/strong>Ciencias de la comunicaci\u00f3n, Universidad Salesiana.<\/p>\n<p><strong><span style=\"color: #993300;\">Desarrollo profesional:\u00a0<\/span><\/strong>Bepensa Bebidas, Hoteles Westin, Edelman de M\u00e9xico, Mastercar, Concanaco.<\/p>\n<p>&nbsp;<\/p>\n<p>[editor]nombramientos[\/editor]<\/p>\n<p>&nbsp;<\/p>\n<p>&nbsp;<\/p>\n<p>&nbsp;<\/p>\n<p>&nbsp;<\/p>\n<p>&nbsp;<\/p>\n<p>&nbsp;<\/p>\n<p>&nbsp;<\/p>\n<p>&nbsp;<\/p>\n<p>&nbsp;<\/p>\n","protected":false},"excerpt":{"rendered":"<p>GOBIERNO FEDERAL Claudia Ruiz Massieu Salinas es la nueva Secretaria de Turismo Federal en sustituci\u00f3n\u00a0de Gloria&hellip;<\/p>\n","protected":false},"author":2,"featured_media":1308,"comment_status":"open","ping_status":"open","sticky":false,"template":"","format":"standard","meta":{"_acf_changed":false,"_lmt_disableupdate":"","_lmt_disable":"","_mbp_gutenberg_autopost":false,"footnotes":""},"categories":[4,9],"tags":[],"class_list":["post-1294","post","type-post","status-publish","format-standard","has-post-thumbnail","hentry","category-empresas-y-negocios","category-nombramientos"],"acf":[],"_links":{"self":[{"href":"https:\/\/l21.mx\/index.php?rest_route=\/wp\/v2\/posts\/1294","targetHints":{"allow":["GET"]}}],"collection":[{"href":"https:\/\/l21.mx\/index.php?rest_route=\/wp\/v2\/posts"}],"about":[{"href":"https:\/\/l21.mx\/index.php?rest_route=\/wp\/v2\/types\/post"}],"author":[{"embeddable":true,"href":"https:\/\/l21.mx\/index.php?rest_route=\/wp\/v2\/users\/2"}],"replies":[{"embeddable":true,"href":"https:\/\/l21.mx\/index.php?rest_route=%2Fwp%2Fv2%2Fcomments&post=1294"}],"version-history":[{"count":0,"href":"https:\/\/l21.mx\/index.php?rest_route=\/wp\/v2\/posts\/1294\/revisions"}],"wp:featuredmedia":[{"embeddable":true,"href":"https:\/\/l21.mx\/index.php?rest_route=\/wp\/v2\/media\/1308"}],"wp:attachment":[{"href":"https:\/\/l21.mx\/index.php?rest_route=%2Fwp%2Fv2%2Fmedia&parent=1294"}],"wp:term":[{"taxonomy":"category","embeddable":true,"href":"https:\/\/l21.mx\/index.php?rest_route=%2Fwp%2Fv2%2Fcategories&post=1294"},{"taxonomy":"post_tag","embeddable":true,"href":"https:\/\/l21.mx\/index.php?rest_route=%2Fwp%2Fv2%2Ftags&post=1294"}],"curies":[{"name":"wp","href":"https:\/\/api.w.org\/{rel}","templated":true}]}}