{"id":13048,"date":"2015-12-02T17:50:11","date_gmt":"2015-12-02T23:50:11","guid":{"rendered":"http:\/\/innovatori.space\/lat21\/?p=13048"},"modified":"2015-12-02T17:50:11","modified_gmt":"2015-12-02T23:50:11","slug":"cinemex","status":"publish","type":"post","link":"https:\/\/l21.mx\/?p=13048","title":{"rendered":"\u2191\u2191Cinemex"},"content":{"rendered":"<p>&nbsp;<\/p>\n<p><a href=\"http:\/\/l21.mx\/wp-content\/uploads\/2015\/12\/cinemex-cancun.jpg\" data-rel=\"penci-gallery-image-content\" ><img fetchpriority=\"high\" decoding=\"async\" class=\"aligncenter size-full wp-image-13050\" title=\"cinemex-cancun\" src=\"http:\/\/l21.mx\/wp-content\/uploads\/2015\/12\/cinemex-cancun.jpg\" alt=\"\" width=\"401\" height=\"266\" srcset=\"https:\/\/l21.mx\/wp-content\/uploads\/2015\/12\/cinemex-cancun.jpg 401w, https:\/\/l21.mx\/wp-content\/uploads\/2015\/12\/cinemex-cancun-300x199.jpg 300w, https:\/\/l21.mx\/wp-content\/uploads\/2015\/12\/cinemex-cancun-263x175.jpg 263w\" sizes=\"(max-width: 401px) 100vw, 401px\" \/><\/a><\/p>\n<p>La firma operadora\u00a0 y desarrolladora de complejos de salas de cine abre en Canc\u00fan su quinto centro de proyecciones con una inversi\u00f3n de 50 mdp. Se construy\u00f3 sobre una superficie de tres mil metros cuadrados y cuenta con seis salas, dos de las cuales son 3D, y mil 16 butacas, adem\u00e1s de servicios de dulcer\u00eda y caf\u00e9 central gourmet. La cadena suma 285 complejos en el pa\u00eds con un total de dos mil 492 salas, 11 mil puestos de trabajo\u00a0 y una participaci\u00f3n del 35% del mercado. El proyecto gener\u00f3 30 empleos directos y 46 indirectos.\u00a0 Av. 20 de Noviembre, Mza. 1, Lte. 158, Tel. 01 800 710- 88-88. www.cinemex.com<\/p>\n<div><\/div>\n","protected":false},"excerpt":{"rendered":"<p>&nbsp; La firma operadora\u00a0 y desarrolladora de complejos de salas de cine abre en Canc\u00fan su&hellip;<\/p>\n","protected":false},"author":2,"featured_media":13050,"comment_status":"open","ping_status":"open","sticky":false,"template":"","format":"standard","meta":{"_acf_changed":false,"_lmt_disableupdate":"","_lmt_disable":"","_mbp_gutenberg_autopost":false,"footnotes":""},"categories":[10],"tags":[],"class_list":["post-13048","post","type-post","status-publish","format-standard","has-post-thumbnail","hentry","category-sube-y-baja"],"acf":[],"_links":{"self":[{"href":"https:\/\/l21.mx\/index.php?rest_route=\/wp\/v2\/posts\/13048","targetHints":{"allow":["GET"]}}],"collection":[{"href":"https:\/\/l21.mx\/index.php?rest_route=\/wp\/v2\/posts"}],"about":[{"href":"https:\/\/l21.mx\/index.php?rest_route=\/wp\/v2\/types\/post"}],"author":[{"embeddable":true,"href":"https:\/\/l21.mx\/index.php?rest_route=\/wp\/v2\/users\/2"}],"replies":[{"embeddable":true,"href":"https:\/\/l21.mx\/index.php?rest_route=%2Fwp%2Fv2%2Fcomments&post=13048"}],"version-history":[{"count":0,"href":"https:\/\/l21.mx\/index.php?rest_route=\/wp\/v2\/posts\/13048\/revisions"}],"wp:featuredmedia":[{"embeddable":true,"href":"https:\/\/l21.mx\/index.php?rest_route=\/wp\/v2\/media\/13050"}],"wp:attachment":[{"href":"https:\/\/l21.mx\/index.php?rest_route=%2Fwp%2Fv2%2Fmedia&parent=13048"}],"wp:term":[{"taxonomy":"category","embeddable":true,"href":"https:\/\/l21.mx\/index.php?rest_route=%2Fwp%2Fv2%2Fcategories&post=13048"},{"taxonomy":"post_tag","embeddable":true,"href":"https:\/\/l21.mx\/index.php?rest_route=%2Fwp%2Fv2%2Ftags&post=13048"}],"curies":[{"name":"wp","href":"https:\/\/api.w.org\/{rel}","templated":true}]}}