{"id":13063,"date":"2015-12-02T18:01:46","date_gmt":"2015-12-03T00:01:46","guid":{"rendered":"http:\/\/innovatori.space\/lat21\/?p=13063"},"modified":"2015-12-02T18:01:46","modified_gmt":"2015-12-03T00:01:46","slug":"%e2%86%91%e2%86%91-alianza-desafio","status":"publish","type":"post","link":"https:\/\/l21.mx\/?p=13063","title":{"rendered":"\u2191\u2191 Alianza Desaf\u00edo"},"content":{"rendered":"<p><a href=\"http:\/\/l21.mx\/wp-content\/uploads\/2015\/12\/Alianza-Desaf\u00edo.jpg\" data-rel=\"penci-gallery-image-content\" ><img fetchpriority=\"high\" decoding=\"async\" class=\"aligncenter size-full wp-image-13065\" title=\"Alianza-Desaf\u00edo\" src=\"http:\/\/l21.mx\/wp-content\/uploads\/2015\/12\/Alianza-Desaf\u00edo.jpg\" alt=\"\" width=\"486\" height=\"309\" srcset=\"https:\/\/l21.mx\/wp-content\/uploads\/2015\/12\/Alianza-Desaf\u00edo.jpg 486w, https:\/\/l21.mx\/wp-content\/uploads\/2015\/12\/Alianza-Desaf\u00edo-300x191.jpg 300w\" sizes=\"(max-width: 486px) 100vw, 486px\" \/><\/a>La empresa de desarrollo humano Alianza Desaf\u00edo abre puertas de su nuevo recinto con una inversi\u00f3n de tres millones de pesos. En una superficie de 450 m2, brinda los servicios de coaching empresarial, liderazgo y desarrollo humano con personal altamente capacitado. Tiene presencia en Monterrey, Ciudad de M\u00e9xico, Saltillo, Quer\u00e9taro, M\u00e9rida, Playa del Carmen y pr\u00f3ximamente Guadalajara. Gener\u00f3 70 fuentes de empleo indirectas y 20 permanentes. Los salones del recinto, todos con tecnolog\u00eda de punta en audio, est\u00e1n disponibles para arrendamiento. Av. Tulum, Plaza Terra Viva, primer piso, local 16; predio contiguo al hotel Ibis. Tels. 998 295-38-52\/54-56-58.<\/p>\n<div><\/div>\n","protected":false},"excerpt":{"rendered":"<p>La empresa de desarrollo humano Alianza Desaf\u00edo abre puertas de su nuevo recinto con una inversi\u00f3n&hellip;<\/p>\n","protected":false},"author":2,"featured_media":13065,"comment_status":"open","ping_status":"open","sticky":false,"template":"","format":"standard","meta":{"_acf_changed":false,"_lmt_disableupdate":"","_lmt_disable":"","_mbp_gutenberg_autopost":false,"footnotes":""},"categories":[10],"tags":[],"class_list":["post-13063","post","type-post","status-publish","format-standard","has-post-thumbnail","hentry","category-sube-y-baja"],"acf":[],"_links":{"self":[{"href":"https:\/\/l21.mx\/index.php?rest_route=\/wp\/v2\/posts\/13063","targetHints":{"allow":["GET"]}}],"collection":[{"href":"https:\/\/l21.mx\/index.php?rest_route=\/wp\/v2\/posts"}],"about":[{"href":"https:\/\/l21.mx\/index.php?rest_route=\/wp\/v2\/types\/post"}],"author":[{"embeddable":true,"href":"https:\/\/l21.mx\/index.php?rest_route=\/wp\/v2\/users\/2"}],"replies":[{"embeddable":true,"href":"https:\/\/l21.mx\/index.php?rest_route=%2Fwp%2Fv2%2Fcomments&post=13063"}],"version-history":[{"count":0,"href":"https:\/\/l21.mx\/index.php?rest_route=\/wp\/v2\/posts\/13063\/revisions"}],"wp:featuredmedia":[{"embeddable":true,"href":"https:\/\/l21.mx\/index.php?rest_route=\/wp\/v2\/media\/13065"}],"wp:attachment":[{"href":"https:\/\/l21.mx\/index.php?rest_route=%2Fwp%2Fv2%2Fmedia&parent=13063"}],"wp:term":[{"taxonomy":"category","embeddable":true,"href":"https:\/\/l21.mx\/index.php?rest_route=%2Fwp%2Fv2%2Fcategories&post=13063"},{"taxonomy":"post_tag","embeddable":true,"href":"https:\/\/l21.mx\/index.php?rest_route=%2Fwp%2Fv2%2Ftags&post=13063"}],"curies":[{"name":"wp","href":"https:\/\/api.w.org\/{rel}","templated":true}]}}