{"id":13087,"date":"2015-12-02T18:33:42","date_gmt":"2015-12-03T00:33:42","guid":{"rendered":"http:\/\/innovatori.space\/lat21\/?p=13087"},"modified":"2015-12-02T18:33:42","modified_gmt":"2015-12-03T00:33:42","slug":"nombramientos-diciembre-2015","status":"publish","type":"post","link":"https:\/\/l21.mx\/?p=13087","title":{"rendered":"Nombramientos Diciembre 2015"},"content":{"rendered":"<p style=\"text-align: center;\">HOTELES<\/p>\n<p style=\"text-align: center;\"><a href=\"http:\/\/l21.mx\/wp-content\/uploads\/2015\/12\/Alexandre-de-Brouwer-.png\" data-rel=\"penci-gallery-image-content\" ><img fetchpriority=\"high\" decoding=\"async\" class=\"aligncenter size-medium wp-image-13088\" title=\"Alexandre de Brouwer\" src=\"http:\/\/l21.mx\/wp-content\/uploads\/2015\/12\/Alexandre-de-Brouwer--203x300.png\" alt=\"\" width=\"203\" height=\"300\" \/><\/a><\/p>\n<p style=\"text-align: center;\"><strong>Alexandre\u00a0<\/strong><strong>de Brouwer\u00a0<\/strong><\/p>\n<ul>\n<li>ocupa la direcci\u00f3n general del hotel Hyatt Ziva Canc\u00fan. (Puesto de nueva creaci\u00f3n).<\/li>\n<li><strong>Lugar de origen:<\/strong>\u00a0Bruselas, B\u00e9lgica.<\/li>\n<li><strong>Arribo a Canc\u00fan:\u00a0<\/strong>1988.<\/li>\n<li><strong>Estudios:\u00a0<\/strong>Administraci\u00f3n Hotelera, Centro Internacional Glion, Suiza.<\/li>\n<li><strong>Desarrollo profesional:<\/strong>\u00a0Hyatt, AMResorts, NOW Resorts, Camino Real, Intercontinental, Caesar Park.<\/li>\n<\/ul>\n<p style=\"text-align: center;\">HOTELES<\/p>\n<p style=\"text-align: center;\"><a href=\"http:\/\/l21.mx\/wp-content\/uploads\/2015\/12\/Eric-de-Maeyer-.png\" data-rel=\"penci-gallery-image-content\" ><img decoding=\"async\" class=\"aligncenter size-medium wp-image-13089\" title=\"Eric de Maeyer\" src=\"http:\/\/l21.mx\/wp-content\/uploads\/2015\/12\/Eric-de-Maeyer--207x300.png\" alt=\"\" width=\"207\" height=\"300\" srcset=\"https:\/\/l21.mx\/wp-content\/uploads\/2015\/12\/Eric-de-Maeyer--207x300.png 207w, https:\/\/l21.mx\/wp-content\/uploads\/2015\/12\/Eric-de-Maeyer-.png 391w\" sizes=\"(max-width: 207px) 100vw, 207px\" \/><\/a><\/p>\n<p style=\"text-align: center;\"><strong>Eric de Maeyer\u00a0<\/strong><\/p>\n<ul>\n<li>es nombrado\u00a0 chef ejecutivo del hotel Fairmont Mayakoba en sustituci\u00f3n de Richard Silvester.<\/li>\n<li><strong>Lugar de origen:<\/strong>\u00a0Amberes, B\u00e9lgica.<\/li>\n<li><strong>Arribo a Riviera Maya:\u00a0<\/strong>2003<\/li>\n<li><strong>Estudios:<\/strong>\u00a0Hoteler\u00eda, Hotel School, Brujas, B\u00e9lgica; diploma culinario, Culinary Academy of Nice, Francia.<\/li>\n<li><strong>Desarrollo profesional:<\/strong>\u00a0Club Lounge Zuider Terras, B\u00e9lgica; Mazzarino, L\u2019Escargot Bistro Parisien y Le Crouton, Ciudad de M\u00e9xico; Universidad An\u00e1huac campus Ciudad de M\u00e9xico.<\/li>\n<\/ul>\n<p style=\"text-align: center;\">EMPRESAS<\/p>\n<p style=\"text-align: center;\"><a href=\"http:\/\/l21.mx\/wp-content\/uploads\/2015\/12\/Luis-Plattner-.png\" data-rel=\"penci-gallery-image-content\" ><img decoding=\"async\" class=\"aligncenter size-medium wp-image-13090\" title=\"Luis Plattner\" src=\"http:\/\/l21.mx\/wp-content\/uploads\/2015\/12\/Luis-Plattner--206x300.png\" alt=\"\" width=\"206\" height=\"300\" \/><\/a><\/p>\n<p style=\"text-align: center;\"><strong>Luis\u00a0<\/strong><strong>Plattner<\/strong><\/p>\n<ul>\n<li>es socio y director de Operaciones de la casa club Puerto Canc\u00fan 19 by KOI. (Puesto de nueva creaci\u00f3n).<\/li>\n<li><strong>Lugar de origen:\u00a0<\/strong>Ciudad de M\u00e9xico.<\/li>\n<li><strong>Arribo a Canc\u00fan:<\/strong>\u00a01988<\/li>\n<li><strong>Estudios:<\/strong>\u00a0Licenciatura en Administraci\u00f3n de Empresas Tur\u00edsticas, Escuela Panamericana de Hoteler\u00eda.<\/li>\n<li><strong>Desarrollo profesional:<\/strong>\u00a0Bulldog Caf\u00e9, Restaurante La Valentina, VIPS.<\/li>\n<\/ul>\n<p style=\"text-align: center;\">EMPRESAS<\/p>\n<p style=\"text-align: center;\"><a href=\"http:\/\/l21.mx\/wp-content\/uploads\/2015\/12\/Ana-Louceiro-.png\" data-rel=\"penci-gallery-image-content\" ><img loading=\"lazy\" decoding=\"async\" class=\"aligncenter size-medium wp-image-13091\" title=\"Ana Louceiro\" src=\"http:\/\/l21.mx\/wp-content\/uploads\/2015\/12\/Ana-Louceiro--210x300.png\" alt=\"\" width=\"210\" height=\"300\" srcset=\"https:\/\/l21.mx\/wp-content\/uploads\/2015\/12\/Ana-Louceiro--210x300.png 210w, https:\/\/l21.mx\/wp-content\/uploads\/2015\/12\/Ana-Louceiro-.png 392w\" sizes=\"(max-width: 210px) 100vw, 210px\" \/><\/a><\/p>\n<p style=\"text-align: center;\"><strong>Ana\u00a0<\/strong><strong>Louceiro\u00a0<\/strong><\/p>\n<ul>\n<li>es socia y directora de Finanzas de la casa club Puerto Canc\u00fan 19 by KOI. (Puesto de nueva creaci\u00f3n).<\/li>\n<li><strong>Lugar de origen:\u00a0<\/strong>Ciudad de M\u00e9xico.<\/li>\n<li><strong>Arribo a Canc\u00fan:\u00a0<\/strong>2013<\/li>\n<li><strong>Estudios:\u00a0<\/strong>Licenciatura en Administraci\u00f3n de Empresas,\u00a0 Universidad An\u00e1huac Ciudad de M\u00e9xico.<\/li>\n<li><strong>Desarrollo profesional:<\/strong>\u00a0Oasis Hotels &amp; Resorts, Polly\u00b4s Restaurants &amp; Pie, Baker\u00b4s Square.<\/li>\n<\/ul>\n<p style=\"text-align: center;\">FUNDACIONES<\/p>\n<p style=\"text-align: center;\"><a href=\"http:\/\/l21.mx\/wp-content\/uploads\/2015\/12\/Bibiana-\u00c1lvarez-.png\" data-rel=\"penci-gallery-image-content\" ><img loading=\"lazy\" decoding=\"async\" class=\"aligncenter size-medium wp-image-13092\" title=\"Bibiana \u00c1lvarez\" src=\"http:\/\/l21.mx\/wp-content\/uploads\/2015\/12\/Bibiana-\u00c1lvarez--206x300.png\" alt=\"\" width=\"206\" height=\"300\" srcset=\"https:\/\/l21.mx\/wp-content\/uploads\/2015\/12\/Bibiana-\u00c1lvarez--206x300.png 206w, https:\/\/l21.mx\/wp-content\/uploads\/2015\/12\/Bibiana-\u00c1lvarez-.png 394w\" sizes=\"(max-width: 206px) 100vw, 206px\" \/><\/a><\/p>\n<p style=\"text-align: center;\"><strong>Bibiana\u00a0<\/strong><strong>\u00c1lvarez\u00a0<\/strong><\/p>\n<ul>\n<li>asume el cargo de presidenta de la Fundaci\u00f3n Dolphin Discovery, en sustituci\u00f3n de Isabel Arroyo.<\/li>\n<li><strong>Lugar de origen:<\/strong>\u00a0Ciudad de M\u00e9xico.<\/li>\n<li><strong>Arribo a Canc\u00fan:\u00a0<\/strong>2015<\/li>\n<li><strong>Estudios:\u00a0<\/strong>Licenciada en Administraci\u00f3n de Empresas con especialidad en fundaciones, Universidad An\u00e1huac.<\/li>\n<li><strong>Desarrollo profesional:<\/strong>\u00a0Fundaci\u00f3n Telef\u00f3nica Movistar, Save the Children, Sedesol.<\/li>\n<\/ul>\n<p style=\"text-align: center;\">EMPRESAS<\/p>\n<p style=\"text-align: center;\"><a href=\"http:\/\/l21.mx\/wp-content\/uploads\/2015\/12\/Pablo-Vega.png\" data-rel=\"penci-gallery-image-content\" ><img loading=\"lazy\" decoding=\"async\" class=\"aligncenter size-medium wp-image-13095\" title=\"Pablo Vega\" src=\"http:\/\/l21.mx\/wp-content\/uploads\/2015\/12\/Pablo-Vega-207x300.png\" alt=\"\" width=\"207\" height=\"300\" srcset=\"https:\/\/l21.mx\/wp-content\/uploads\/2015\/12\/Pablo-Vega-207x300.png 207w, https:\/\/l21.mx\/wp-content\/uploads\/2015\/12\/Pablo-Vega.png 390w\" sizes=\"(max-width: 207px) 100vw, 207px\" \/><\/a><\/p>\n<p style=\"text-align: center;\"><strong>Pablo\u00a0<\/strong><strong>Vega\u00a0<\/strong><\/p>\n<ul>\n<li>es nombrado director de Tecnolog\u00edas de la Informaci\u00f3n de BestDay.com. (Puesto de nueva creaci\u00f3n).<\/li>\n<li><strong>Lugar de origen:\u00a0<\/strong>Barcelona, Espa\u00f1a.<\/li>\n<li><strong>Arribo a Canc\u00fan:<\/strong>\u00a02014<\/li>\n<li><strong>Estudios:\u00a0<\/strong>Ingeniero en Inform\u00e1tica, Universidad Polit\u00e9cnica de Catalu\u00f1a.<\/li>\n<li><strong>Desarrollo profesional:<\/strong>\u00a0ViajaNet, eDreams ODIGEO.<\/li>\n<\/ul>\n<p style=\"text-align: center;\">EMPRESAS<\/p>\n<p style=\"text-align: center;\"><a href=\"http:\/\/l21.mx\/wp-content\/uploads\/2015\/12\/Andr\u00e9s-Orva\u00f1anos.png\" data-rel=\"penci-gallery-image-content\" ><img loading=\"lazy\" decoding=\"async\" class=\"aligncenter size-medium wp-image-13094\" title=\"Andr\u00e9s Orva\u00f1anos\" src=\"http:\/\/l21.mx\/wp-content\/uploads\/2015\/12\/Andr\u00e9s-Orva\u00f1anos-204x300.png\" alt=\"\" width=\"204\" height=\"300\" \/><\/a><\/p>\n<p style=\"text-align: center;\"><strong>Andr\u00e9s\u00a0<\/strong><strong>Orva\u00f1anos\u00a0<\/strong><\/p>\n<ul>\n<li>es el nuevo director de Operaciones de Cervecer\u00eda Tulum (Puesto de nueva creaci\u00f3n).<\/li>\n<li><strong>Lugar de origen:<\/strong>\u00a0Ciudad de M\u00e9xico.<\/li>\n<li><strong>Arribo a Canc\u00fan:\u00a0<\/strong>2014<\/li>\n<li><strong>Estudios:<\/strong>\u00a0Licenciatura en Administraci\u00f3n de Empresas, Universidad An\u00e1huac; Estudios en Innovaci\u00f3n y Marketing, Universidad de Harvard.<\/li>\n<li><strong>Desarrollo profesional:<\/strong>\u00a0Citigroup-Banamex.<\/li>\n<\/ul>\n<p style=\"text-align: center;\">EMPRESAS<\/p>\n<p style=\"text-align: center;\"><a href=\"http:\/\/l21.mx\/wp-content\/uploads\/2015\/12\/Laura-Buenrostro-.png\" data-rel=\"penci-gallery-image-content\" ><img loading=\"lazy\" decoding=\"async\" class=\"aligncenter size-medium wp-image-13096\" title=\"Laura Buenrostro\" src=\"http:\/\/l21.mx\/wp-content\/uploads\/2015\/12\/Laura-Buenrostro--204x300.png\" alt=\"\" width=\"204\" height=\"300\" srcset=\"https:\/\/l21.mx\/wp-content\/uploads\/2015\/12\/Laura-Buenrostro--204x300.png 204w, https:\/\/l21.mx\/wp-content\/uploads\/2015\/12\/Laura-Buenrostro-.png 389w\" sizes=\"(max-width: 204px) 100vw, 204px\" \/><\/a><\/p>\n<p style=\"text-align: center;\"><strong>Laura\u00a0<\/strong><strong>Buenrostro\u00a0<\/strong><\/p>\n<ul>\n<li>es designada gerente de Operaciones de Leaf! Restaurant Organic Market &amp; Vintage Bar. (Puesto de nueva creaci\u00f3n).<\/li>\n<li><strong>Lugar de origen:<\/strong>\u00a0Ciudad de M\u00e9xico.<\/li>\n<li><strong>Arribo a Canc\u00fan:\u00a0<\/strong>2015<\/li>\n<li><strong>Estudios:\u00a0<\/strong>Especialidad en Administraci\u00f3n de Establecimientos de A&amp;B, Universidad Iberoamericana, e-Cornell.<\/li>\n<li><strong>Desarrollo profesional:\u00a0<\/strong>Marriott Hoteles, Fairmont, Desarrollo de Franquicias, Gloria Jeans, Coffees M\u00e9xico.<\/li>\n<\/ul>\n","protected":false},"excerpt":{"rendered":"<p>HOTELES Alexandre\u00a0de Brouwer\u00a0 ocupa la direcci\u00f3n general del hotel Hyatt Ziva Canc\u00fan. (Puesto de nueva creaci\u00f3n).&hellip;<\/p>\n","protected":false},"author":2,"featured_media":13097,"comment_status":"open","ping_status":"open","sticky":false,"template":"","format":"standard","meta":{"_acf_changed":false,"_lmt_disableupdate":"","_lmt_disable":"","_mbp_gutenberg_autopost":false,"footnotes":""},"categories":[4,9],"tags":[],"class_list":["post-13087","post","type-post","status-publish","format-standard","has-post-thumbnail","hentry","category-empresas-y-negocios","category-nombramientos"],"acf":[],"_links":{"self":[{"href":"https:\/\/l21.mx\/index.php?rest_route=\/wp\/v2\/posts\/13087","targetHints":{"allow":["GET"]}}],"collection":[{"href":"https:\/\/l21.mx\/index.php?rest_route=\/wp\/v2\/posts"}],"about":[{"href":"https:\/\/l21.mx\/index.php?rest_route=\/wp\/v2\/types\/post"}],"author":[{"embeddable":true,"href":"https:\/\/l21.mx\/index.php?rest_route=\/wp\/v2\/users\/2"}],"replies":[{"embeddable":true,"href":"https:\/\/l21.mx\/index.php?rest_route=%2Fwp%2Fv2%2Fcomments&post=13087"}],"version-history":[{"count":0,"href":"https:\/\/l21.mx\/index.php?rest_route=\/wp\/v2\/posts\/13087\/revisions"}],"wp:featuredmedia":[{"embeddable":true,"href":"https:\/\/l21.mx\/index.php?rest_route=\/wp\/v2\/media\/13097"}],"wp:attachment":[{"href":"https:\/\/l21.mx\/index.php?rest_route=%2Fwp%2Fv2%2Fmedia&parent=13087"}],"wp:term":[{"taxonomy":"category","embeddable":true,"href":"https:\/\/l21.mx\/index.php?rest_route=%2Fwp%2Fv2%2Fcategories&post=13087"},{"taxonomy":"post_tag","embeddable":true,"href":"https:\/\/l21.mx\/index.php?rest_route=%2Fwp%2Fv2%2Ftags&post=13087"}],"curies":[{"name":"wp","href":"https:\/\/api.w.org\/{rel}","templated":true}]}}