{"id":14539,"date":"2016-01-04T16:25:32","date_gmt":"2016-01-04T22:25:32","guid":{"rendered":"http:\/\/innovatori.space\/lat21\/?p=14539"},"modified":"2016-01-04T16:25:32","modified_gmt":"2016-01-04T22:25:32","slug":"iv-cumbre-odaee","status":"publish","type":"post","link":"https:\/\/l21.mx\/?p=14539","title":{"rendered":"IV Cumbre ODAEE"},"content":{"rendered":"<ul>\n<li><strong><a href=\"http:\/\/l21.mx\/wp-content\/uploads\/2016\/01\/IV-Cumbre-ODAEE.jpg\" data-rel=\"penci-gallery-image-content\" ><img fetchpriority=\"high\" decoding=\"async\" class=\"aligncenter size-large wp-image-14542\" title=\"IV-Cumbre-ODAEE\" src=\"http:\/\/l21.mx\/wp-content\/uploads\/2016\/01\/IV-Cumbre-ODAEE-1024x260.jpg\" alt=\"\" width=\"1024\" height=\"260\" srcset=\"https:\/\/l21.mx\/wp-content\/uploads\/2016\/01\/IV-Cumbre-ODAEE-1024x260.jpg 1024w, https:\/\/l21.mx\/wp-content\/uploads\/2016\/01\/IV-Cumbre-ODAEE-300x76.jpg 300w, https:\/\/l21.mx\/wp-content\/uploads\/2016\/01\/IV-Cumbre-ODAEE-768x195.jpg 768w, https:\/\/l21.mx\/wp-content\/uploads\/2016\/01\/IV-Cumbre-ODAEE-1170x297.jpg 1170w, https:\/\/l21.mx\/wp-content\/uploads\/2016\/01\/IV-Cumbre-ODAEE-585x149.jpg 585w, https:\/\/l21.mx\/wp-content\/uploads\/2016\/01\/IV-Cumbre-ODAEE.jpg 1200w\" sizes=\"(max-width: 1024px) 100vw, 1024px\" \/><\/a><\/strong><\/li>\n<li><strong>Qu\u00e9: IV Cumbre ODAEE<\/strong><\/li>\n<li><strong>D\u00f3nde: Hotel Paradisus Canc\u00fan<\/strong><\/li>\n<li><strong>Cu\u00e1ndo: Noviembre 2015<\/strong><\/li>\n<\/ul>\n<p>En el marco de la IV Cumbre de Altos Dirigentes de la Organizaci\u00f3n de las Am\u00e9ricas para la Excelencia Educativa (ODAEE) que se realiz\u00f3 en Canc\u00fan con la participaci\u00f3n de rectores de universidades, directores de instituciones de educaci\u00f3n superior, ministros y autoridades educativas de 22 pa\u00edses, el presidente de la ODAEE, Ubaldo Enrique Meza, dio a conocer que por\u00a0 iniciativa de las instituciones educativas de los estados que forman parte del organismo se gestiona ante la Organizaci\u00f3n de las Naciones Unidas para la Educaci\u00f3n, la Ciencia y la Cultura la creaci\u00f3n de un Centro Unesco en Quintana Roo, lo que esperan se concrete este a\u00f1o. Asimismo, en este marco se destac\u00f3 que las naciones que logran dar un salto en su desarrollo y en la calidad de vida de sus habitantes son las que impulsan transformaciones profundas en sus sistemas educativos. Se hizo \u00e9nfasis en la Reforma Educativa que se aplica en M\u00e9xico, que si bien enfrenta resistencias, poco a poco hay un convencimiento sobre la necesidad de impulsar los cambios por mucho tiempo postergados.<\/p>\n<div><\/div>\n","protected":false},"excerpt":{"rendered":"<p>Qu\u00e9: IV Cumbre ODAEE D\u00f3nde: Hotel Paradisus Canc\u00fan Cu\u00e1ndo: Noviembre 2015 En el marco de la&hellip;<\/p>\n","protected":false},"author":2,"featured_media":14542,"comment_status":"open","ping_status":"open","sticky":false,"template":"","format":"standard","meta":{"_acf_changed":false,"_lmt_disableupdate":"","_lmt_disable":"","_mbp_gutenberg_autopost":false,"footnotes":""},"categories":[1],"tags":[],"class_list":["post-14539","post","type-post","status-publish","format-standard","has-post-thumbnail","hentry","category-sin-categoria"],"acf":[],"_links":{"self":[{"href":"https:\/\/l21.mx\/index.php?rest_route=\/wp\/v2\/posts\/14539","targetHints":{"allow":["GET"]}}],"collection":[{"href":"https:\/\/l21.mx\/index.php?rest_route=\/wp\/v2\/posts"}],"about":[{"href":"https:\/\/l21.mx\/index.php?rest_route=\/wp\/v2\/types\/post"}],"author":[{"embeddable":true,"href":"https:\/\/l21.mx\/index.php?rest_route=\/wp\/v2\/users\/2"}],"replies":[{"embeddable":true,"href":"https:\/\/l21.mx\/index.php?rest_route=%2Fwp%2Fv2%2Fcomments&post=14539"}],"version-history":[{"count":0,"href":"https:\/\/l21.mx\/index.php?rest_route=\/wp\/v2\/posts\/14539\/revisions"}],"wp:featuredmedia":[{"embeddable":true,"href":"https:\/\/l21.mx\/index.php?rest_route=\/wp\/v2\/media\/14542"}],"wp:attachment":[{"href":"https:\/\/l21.mx\/index.php?rest_route=%2Fwp%2Fv2%2Fmedia&parent=14539"}],"wp:term":[{"taxonomy":"category","embeddable":true,"href":"https:\/\/l21.mx\/index.php?rest_route=%2Fwp%2Fv2%2Fcategories&post=14539"},{"taxonomy":"post_tag","embeddable":true,"href":"https:\/\/l21.mx\/index.php?rest_route=%2Fwp%2Fv2%2Ftags&post=14539"}],"curies":[{"name":"wp","href":"https:\/\/api.w.org\/{rel}","templated":true}]}}