{"id":14552,"date":"2016-01-04T16:52:42","date_gmt":"2016-01-04T22:52:42","guid":{"rendered":"http:\/\/innovatori.space\/lat21\/?p=14552"},"modified":"2016-01-04T16:52:42","modified_gmt":"2016-01-04T22:52:42","slug":"nombramientos-enero-2016","status":"publish","type":"post","link":"https:\/\/l21.mx\/?p=14552","title":{"rendered":"Nombramientos Enero 2016"},"content":{"rendered":"<p style=\"text-align: center;\">GOBIERNO<\/p>\n<p style=\"text-align: center;\"><a href=\"http:\/\/l21.mx\/wp-content\/uploads\/2016\/01\/Alejandro-D\u00edaz-de-Le\u00f3n-.png\" data-rel=\"penci-gallery-image-content\" ><img fetchpriority=\"high\" decoding=\"async\" class=\"aligncenter size-medium wp-image-14553\" title=\"Alejandro D\u00edaz de Le\u00f3n\" src=\"http:\/\/l21.mx\/wp-content\/uploads\/2016\/01\/Alejandro-D\u00edaz-de-Le\u00f3n--201x300.png\" alt=\"\" width=\"201\" height=\"300\" \/><\/a><\/p>\n<p style=\"text-align: center;\"><strong>Alejandro\u00a0<\/strong><strong>D\u00edaz de Le\u00f3n<\/strong><\/p>\n<ul>\n<li>es designado director general del Banco Nacional de Comercio Exterior (Bancomext) en sustituci\u00f3n de Enrique de la Madrid.<\/li>\n<li><strong>Lugar de origen:\u00a0<\/strong>Ciudad de M\u00e9xico.<\/li>\n<li><strong>Estudios:<\/strong>\u00a0Licenciado en Econom\u00eda, Instituto Tecnol\u00f3gico Aut\u00f3nomo de M\u00e9xico (ITAM); Maestr\u00eda en Administraci\u00f3n P\u00fablica, Universidad de Yale.<\/li>\n<li><strong>Desarrollo profesional:\u00a0<\/strong>Secretar\u00eda de Hacienda y Cr\u00e9dito P\u00fablico, Pensionissste,<\/li>\n<li>Banco de M\u00e9xico, ITAM.<\/li>\n<\/ul>\n<p style=\"text-align: center;\">ASOCIACIONES<\/p>\n<p style=\"text-align: center;\"><a href=\"http:\/\/l21.mx\/wp-content\/uploads\/2016\/01\/Carlos-Gosselin-.png\" data-rel=\"penci-gallery-image-content\" ><img decoding=\"async\" class=\"aligncenter size-medium wp-image-14554\" title=\"Carlos Gosselin\" src=\"http:\/\/l21.mx\/wp-content\/uploads\/2016\/01\/Carlos-Gosselin--209x300.png\" alt=\"\" width=\"209\" height=\"300\" srcset=\"https:\/\/l21.mx\/wp-content\/uploads\/2016\/01\/Carlos-Gosselin--209x300.png 209w, https:\/\/l21.mx\/wp-content\/uploads\/2016\/01\/Carlos-Gosselin-.png 376w\" sizes=\"(max-width: 209px) 100vw, 209px\" \/><\/a><\/p>\n<p style=\"text-align: center;\"><strong>Carlos\u00a0<\/strong><strong>Gosselin\u00a0<\/strong><\/p>\n<ul>\n<li>es electo presidente de la Asociaci\u00f3n de Hoteles de Canc\u00fan y Puerto Morelos (AHCYPM).<\/li>\n<li><strong>Lugar de origen:<\/strong>\u00a0Ciudad de M\u00e9xico.<\/li>\n<li><strong>Arribo a Canc\u00fan:\u00a0<\/strong>1996<\/li>\n<li><strong>Estudios:\u00a0<\/strong>Arquitectura, Universidad Nacional Aut\u00f3noma de M\u00e9xico (UNAM).<\/li>\n<li><strong>Desarrollo profesional:\u00a0<\/strong>Inmobilia CAME, Universidad La Salle, Indeco, Zo\u00ebtry Para\u00edso de la Bonita, AHCYPM.<\/li>\n<\/ul>\n<p style=\"text-align: center;\">GOBIERNO<\/p>\n<p style=\"text-align: center;\"><a href=\"http:\/\/l21.mx\/wp-content\/uploads\/2016\/01\/Edith-Araceli-Rodr\u00edguez-.png\" data-rel=\"penci-gallery-image-content\" ><img decoding=\"async\" class=\"aligncenter size-medium wp-image-14555\" title=\"Edith Araceli Rodr\u00edguez\" src=\"http:\/\/l21.mx\/wp-content\/uploads\/2016\/01\/Edith-Araceli-Rodr\u00edguez--208x300.png\" alt=\"\" width=\"208\" height=\"300\" srcset=\"https:\/\/l21.mx\/wp-content\/uploads\/2016\/01\/Edith-Araceli-Rodr\u00edguez--208x300.png 208w, https:\/\/l21.mx\/wp-content\/uploads\/2016\/01\/Edith-Araceli-Rodr\u00edguez-.png 376w\" sizes=\"(max-width: 208px) 100vw, 208px\" \/><\/a><\/p>\n<p style=\"text-align: center;\"><strong>Edith Araceli\u00a0<\/strong><strong>Rodr\u00edguez<\/strong><\/p>\n<ul>\n<li>asume el cargo de coordinadora de la Polic\u00eda Federal en Quintana Roo en sustituci\u00f3n de H\u00e9ctor Gonz\u00e1lez.<\/li>\n<li><strong>Lugar de origen:<\/strong>\u00a0Guadalajara, Jalisco.<\/li>\n<li><strong>Arribo a Canc\u00fan:<\/strong>\u00a02015<\/li>\n<li><strong>Estudios:<\/strong>\u00a0Licenciatura en Trabajo Social, Universidad de Guadalajara, Polic\u00eda Federal, Academia Superior de Seguridad P\u00fablica.<\/li>\n<li><strong>Desarrollo profesional:<\/strong>\u00a0Divisi\u00f3n de Gendarmer\u00eda, Polic\u00eda Federal, Embajada de M\u00e9xico en Colombia.<\/li>\n<\/ul>\n<p style=\"text-align: center;\">HOTELES<\/p>\n<p style=\"text-align: center;\"><a href=\"http:\/\/l21.mx\/wp-content\/uploads\/2016\/01\/\u00c1ngel-Ibarra-.png\" data-rel=\"penci-gallery-image-content\" ><img loading=\"lazy\" decoding=\"async\" class=\"aligncenter size-medium wp-image-14556\" title=\"\u00c1ngel Ibarra\" src=\"http:\/\/l21.mx\/wp-content\/uploads\/2016\/01\/\u00c1ngel-Ibarra--207x300.png\" alt=\"\" width=\"207\" height=\"300\" \/><\/a><\/p>\n<p style=\"text-align: center;\"><strong>\u00c1ngel\u00a0<\/strong><strong>Ibarra\u00a0<\/strong><\/p>\n<ul>\n<li>es el nuevo chef ejecutivo del hotel Hyatt Ziva Canc\u00fan. (Puesto de nueva creaci\u00f3n).<\/li>\n<li><strong>Lugar de origen:\u00a0<\/strong>Ciudad de M\u00e9xico.<\/li>\n<li><strong>Arribo a Canc\u00fan:\u00a0<\/strong>1999<\/li>\n<li><strong>Estudios:\u00a0<\/strong>Licenciado en Gastronom\u00eda, Culinary\u00a0 Institute of America; Chef de Cuisine Certificado, Academia Francesa de Cocina.<\/li>\n<li><strong>Desarrollo profesional:\u00a0<\/strong>Sandos Hotels &amp; Resorts, Excellence Group, AMResorts, JW Marriott, Hotel Nikko y Four Seasons.<\/li>\n<\/ul>\n<p style=\"text-align: center;\">EMPRESAS<\/p>\n<p style=\"text-align: center;\"><a href=\"http:\/\/l21.mx\/wp-content\/uploads\/2016\/01\/Miguel-\u00c1ngel-Cardona-.png\" data-rel=\"penci-gallery-image-content\" ><img loading=\"lazy\" decoding=\"async\" class=\"aligncenter size-medium wp-image-14557\" title=\"Miguel \u00c1ngel Cardona\" src=\"http:\/\/l21.mx\/wp-content\/uploads\/2016\/01\/Miguel-\u00c1ngel-Cardona--206x300.png\" alt=\"\" width=\"206\" height=\"300\" \/><\/a><\/p>\n<p style=\"text-align: center;\"><strong>Miguel \u00c1ngel\u00a0<\/strong><strong>Cardona<\/strong><\/p>\n<ul>\n<li>asume el cargo de gerente comercial de Avianca para M\u00e9xico, en sustituci\u00f3n de Pablo G\u00f3mez Texeira.<\/li>\n<li><strong>Lugar de origen:\u00a0<\/strong>Hermosillo, Sonora.<\/li>\n<li><strong>Estudios:\u00a0<\/strong>Licenciado en Administraci\u00f3n de Empresas, Tecnol\u00f3gico de Monterrey, Ciudad de M\u00e9xico.<\/li>\n<li><strong>Desarrollo profesional:\u00a0<\/strong>Viajes AMAC, American Airlines, Aerom\u00e9xico, Mexicana de Aviaci\u00f3n, hotel Radisson, Tecnol\u00f3gico de Monterrey.<\/li>\n<\/ul>\n<p style=\"text-align: center;\">CONSULADOS<\/p>\n<p style=\"text-align: center;\"><a href=\"http:\/\/l21.mx\/wp-content\/uploads\/2016\/01\/Sergio-Gonz\u00e1lez-Rubiera.png\" data-rel=\"penci-gallery-image-content\" ><img loading=\"lazy\" decoding=\"async\" class=\"aligncenter size-medium wp-image-14558\" title=\"Sergio Gonz\u00e1lez Rubiera\" src=\"http:\/\/l21.mx\/wp-content\/uploads\/2016\/01\/Sergio-Gonz\u00e1lez-Rubiera-205x300.png\" alt=\"\" width=\"205\" height=\"300\" \/><\/a><\/p>\n<p style=\"text-align: center;\"><strong>Sergio Gonz\u00e1lez Rubiera\u00a0<\/strong><\/p>\n<ul>\n<li>es nombrado c\u00f3nsul honorario de Noruega en Quintana Roo y Yucat\u00e1n. (Puesto de nueva creaci\u00f3n).<\/li>\n<li><strong>Lugar de origen:<\/strong>\u00a0Ciudad de M\u00e9xico.<\/li>\n<li><strong>Arribo a Canc\u00fan:\u00a0<\/strong>1987<\/li>\n<li><strong>Desarrollo profesional:<\/strong>\u00a0AMAV, Acti-Consultores, Viajes Meli\u00e1, American Express.<\/li>\n<\/ul>\n<p style=\"text-align: center;\">HOTELES<\/p>\n<p style=\"text-align: center;\"><a href=\"http:\/\/l21.mx\/wp-content\/uploads\/2016\/01\/Lorena-Vilchis-.png\" data-rel=\"penci-gallery-image-content\" ><img loading=\"lazy\" decoding=\"async\" class=\"aligncenter size-medium wp-image-14559\" title=\"Lorena Vilchis\" src=\"http:\/\/l21.mx\/wp-content\/uploads\/2016\/01\/Lorena-Vilchis--208x300.png\" alt=\"\" width=\"208\" height=\"300\" srcset=\"https:\/\/l21.mx\/wp-content\/uploads\/2016\/01\/Lorena-Vilchis--208x300.png 208w, https:\/\/l21.mx\/wp-content\/uploads\/2016\/01\/Lorena-Vilchis-.png 376w\" sizes=\"(max-width: 208px) 100vw, 208px\" \/><\/a><\/p>\n<p style=\"text-align: center;\"><strong>Lorena\u00a0<\/strong><strong>Vilchis<\/strong><\/p>\n<ul>\n<li>ocupa el cargo de directora de Ventas y Mercadotecnia en el hotel Hyatt Ziva Canc\u00fan. (Puesto de nueva creaci\u00f3n).<\/li>\n<li><strong>Lugar de origen:<\/strong>\u00a0Ciudad de M\u00e9xico.<\/li>\n<li><strong>Arribo a Canc\u00fan:\u00a0<\/strong>1988<\/li>\n<li><strong>Estudios:<\/strong>\u00a0Licenciatura en Administraci\u00f3n de Empresas Tur\u00edsticas, Universidad Hispano Mexicana.<\/li>\n<li><strong>Desarrollo profesional:<\/strong>\u00a0Live Aqua, Para\u00edso de la Bonita, Caesar Park.<\/li>\n<\/ul>\n<p style=\"text-align: center;\">ORGANISMOS<\/p>\n<p style=\"text-align: center;\"><a href=\"http:\/\/l21.mx\/wp-content\/uploads\/2016\/01\/Leonor-Alarc\u00f3n.png\" data-rel=\"penci-gallery-image-content\" ><img loading=\"lazy\" decoding=\"async\" class=\"aligncenter size-medium wp-image-14560\" title=\"Leonor Alarc\u00f3n\" src=\"http:\/\/l21.mx\/wp-content\/uploads\/2016\/01\/Leonor-Alarc\u00f3n-202x300.png\" alt=\"\" width=\"202\" height=\"300\" \/><\/a><\/p>\n<p style=\"text-align: center;\"><strong>Leonor\u00a0<\/strong><strong>Alarc\u00f3n\u00a0<\/strong><\/p>\n<ul>\n<li>es designada presidenta de la Confederaci\u00f3n Nacional Convivencia Femenina Tur\u00edstica (Confetur), cap\u00edtulo C aribe Mexicano. (Puesto de nueva creaci\u00f3n).<\/li>\n<li><strong>Lugar de origen:\u00a0<\/strong>Ciudad de M\u00e9xico.<\/li>\n<li><strong>Arribo a Canc\u00fan<\/strong>: 1986<\/li>\n<li><strong>Estudios<\/strong>: Licenciatura en Mercadotecnia, UNID.<\/li>\n<li><strong>Desarrollo profesional:\u00a0<\/strong>Servicios Din\u00e1micos Tur\u00edsticos, hoteles The Ritz Carlton, Hyatt Regency, Radisson Hacienda Canc\u00fan, Holiday Inn.<\/li>\n<\/ul>\n","protected":false},"excerpt":{"rendered":"<p>GOBIERNO Alejandro\u00a0D\u00edaz de Le\u00f3n es designado director general del Banco Nacional de Comercio Exterior (Bancomext) en&hellip;<\/p>\n","protected":false},"author":2,"featured_media":14561,"comment_status":"open","ping_status":"open","sticky":false,"template":"","format":"standard","meta":{"_acf_changed":false,"_lmt_disableupdate":"","_lmt_disable":"","_mbp_gutenberg_autopost":false,"footnotes":""},"categories":[9],"tags":[],"class_list":["post-14552","post","type-post","status-publish","format-standard","has-post-thumbnail","hentry","category-nombramientos"],"acf":[],"_links":{"self":[{"href":"https:\/\/l21.mx\/index.php?rest_route=\/wp\/v2\/posts\/14552","targetHints":{"allow":["GET"]}}],"collection":[{"href":"https:\/\/l21.mx\/index.php?rest_route=\/wp\/v2\/posts"}],"about":[{"href":"https:\/\/l21.mx\/index.php?rest_route=\/wp\/v2\/types\/post"}],"author":[{"embeddable":true,"href":"https:\/\/l21.mx\/index.php?rest_route=\/wp\/v2\/users\/2"}],"replies":[{"embeddable":true,"href":"https:\/\/l21.mx\/index.php?rest_route=%2Fwp%2Fv2%2Fcomments&post=14552"}],"version-history":[{"count":0,"href":"https:\/\/l21.mx\/index.php?rest_route=\/wp\/v2\/posts\/14552\/revisions"}],"wp:featuredmedia":[{"embeddable":true,"href":"https:\/\/l21.mx\/index.php?rest_route=\/wp\/v2\/media\/14561"}],"wp:attachment":[{"href":"https:\/\/l21.mx\/index.php?rest_route=%2Fwp%2Fv2%2Fmedia&parent=14552"}],"wp:term":[{"taxonomy":"category","embeddable":true,"href":"https:\/\/l21.mx\/index.php?rest_route=%2Fwp%2Fv2%2Fcategories&post=14552"},{"taxonomy":"post_tag","embeddable":true,"href":"https:\/\/l21.mx\/index.php?rest_route=%2Fwp%2Fv2%2Ftags&post=14552"}],"curies":[{"name":"wp","href":"https:\/\/api.w.org\/{rel}","templated":true}]}}