{"id":1464,"date":"2013-01-31T11:31:06","date_gmt":"2013-01-31T17:31:06","guid":{"rendered":"http:\/\/innovatori.space\/lat21\/?p=1464"},"modified":"2013-01-31T11:33:46","modified_gmt":"2013-01-31T17:33:46","slug":"menores-con-libre-entrada-a-mexico","status":"publish","type":"post","link":"https:\/\/l21.mx\/?p=1464","title":{"rendered":"Menores con libre entrada a M\u00e9xico"},"content":{"rendered":"<p><a href=\"http:\/\/l21.mx\/wp-content\/uploads\/2013\/01\/pasaporte.jpg\" data-rel=\"penci-gallery-image-content\" ><img fetchpriority=\"high\" decoding=\"async\" class=\"aligncenter size-large wp-image-1466\" title=\"pasaporte\" src=\"http:\/\/l21.mx\/wp-content\/uploads\/2013\/01\/pasaporte-1024x764.jpg\" alt=\"\" width=\"1024\" height=\"764\" srcset=\"https:\/\/l21.mx\/wp-content\/uploads\/2013\/01\/pasaporte-1024x764.jpg 1024w, https:\/\/l21.mx\/wp-content\/uploads\/2013\/01\/pasaporte-300x224.jpg 300w, https:\/\/l21.mx\/wp-content\/uploads\/2013\/01\/pasaporte-113x85.jpg 113w, https:\/\/l21.mx\/wp-content\/uploads\/2013\/01\/pasaporte-600x448.jpg 600w, https:\/\/l21.mx\/wp-content\/uploads\/2013\/01\/pasaporte-167x124.jpg 167w, https:\/\/l21.mx\/wp-content\/uploads\/2013\/01\/pasaporte-80x59.jpg 80w\" sizes=\"(max-width: 1024px) 100vw, 1024px\" \/><\/a><a href=\"http:\/\/l21.mx\/wp-content\/uploads\/2013\/01\/PABELLON-MEXICO-OK.jpg\"><br \/>\n<\/a>La Secretaria de Turismo del Gobierno Federal, <strong>Claudia Ruiz Massieu<\/strong> y el Comisionado del Instituto Nacional de Migraci\u00f3n (INM), <strong>Ardelio Vargas Fosado<\/strong>, acordaron extender el plazo de la medida que facilita la entrada y salida del pa\u00eds a ni\u00f1os y adolescentes que viajen solos o con un tercero mayor de edad, sin una carta notarial en la que conste la autorizaci\u00f3n para viajar de ambos padres o de quien ejerza la patria potestad, hasta el pr\u00f3ximo 24 de enero de 2014.<\/p>\n<p>En reuni\u00f3n de trabajo, celebrada en M\u00e9xico en d\u00edas pasados, ambos funcionarios coincidieron en suspender temporalmente la aplicaci\u00f3n de este requisito de la nueva<strong> Ley de Migraci\u00f3n<\/strong>, hasta lograr establecer los mecanismos que permitan la completa aplicaci\u00f3n de la medida sin que genere molestias y costos a los turistas.<\/p>\n<p>Como se recordar\u00e1, el a\u00f1o pasado el INM la hab\u00eda suspendido temporalmente hasta el 15 de febrero de 2013, plazo que ha resultado insuficiente. Es decir, se permite entrar y salir del pa\u00eds a las ni\u00f1as, ni\u00f1os y adolescentes migrantes mexicanos o extranjeros que viajen solos o con un tercero mayor de edad (menores no acompa\u00f1ados), sin el documento otorgado ante fedatario p\u00fablico o por autoridad facultada para ello.<\/p>\n<p>Entre los acuerdos tomados en esta reuni\u00f3n, destacan el compromiso del Instituto Nacional de Migraci\u00f3n para realizar las gestiones necesarias a fin de no solicitar la documentaci\u00f3n exigida por la legislaci\u00f3n migratoria a los menores no acompa\u00f1ados o acompa\u00f1ados de un tercero hasta el 24 de enero de 2014.<\/p>\n<p>Por su parte, la Secretar\u00eda de Turismo acord\u00f3 difundir por los medios a su alcance las disposiciones previstas en la <strong>Ley de Migraci\u00f3n y su Reglamento<\/strong> relativas al ingreso y salida de M\u00e9xico de menores no acompa\u00f1ados o acompa\u00f1ados de un tercero.<\/p>\n","protected":false},"excerpt":{"rendered":"<p>La Secretaria de Turismo del Gobierno Federal, Claudia Ruiz Massieu y el Comisionado del Instituto Nacional&hellip;<\/p>\n","protected":false},"author":2,"featured_media":1468,"comment_status":"open","ping_status":"open","sticky":false,"template":"","format":"standard","meta":{"_acf_changed":false,"_lmt_disableupdate":"","_lmt_disable":"","_mbp_gutenberg_autopost":false,"footnotes":""},"categories":[23],"tags":[54,55,56,51,53],"class_list":["post-1464","post","type-post","status-publish","format-standard","has-post-thumbnail","hentry","category-noticias","tag-claudia-ruiz-massieu","tag-instituto-nacional-de-migracion","tag-menores-de-edad","tag-mexico","tag-migracion"],"acf":[],"_links":{"self":[{"href":"https:\/\/l21.mx\/index.php?rest_route=\/wp\/v2\/posts\/1464","targetHints":{"allow":["GET"]}}],"collection":[{"href":"https:\/\/l21.mx\/index.php?rest_route=\/wp\/v2\/posts"}],"about":[{"href":"https:\/\/l21.mx\/index.php?rest_route=\/wp\/v2\/types\/post"}],"author":[{"embeddable":true,"href":"https:\/\/l21.mx\/index.php?rest_route=\/wp\/v2\/users\/2"}],"replies":[{"embeddable":true,"href":"https:\/\/l21.mx\/index.php?rest_route=%2Fwp%2Fv2%2Fcomments&post=1464"}],"version-history":[{"count":0,"href":"https:\/\/l21.mx\/index.php?rest_route=\/wp\/v2\/posts\/1464\/revisions"}],"wp:featuredmedia":[{"embeddable":true,"href":"https:\/\/l21.mx\/index.php?rest_route=\/wp\/v2\/media\/1468"}],"wp:attachment":[{"href":"https:\/\/l21.mx\/index.php?rest_route=%2Fwp%2Fv2%2Fmedia&parent=1464"}],"wp:term":[{"taxonomy":"category","embeddable":true,"href":"https:\/\/l21.mx\/index.php?rest_route=%2Fwp%2Fv2%2Fcategories&post=1464"},{"taxonomy":"post_tag","embeddable":true,"href":"https:\/\/l21.mx\/index.php?rest_route=%2Fwp%2Fv2%2Ftags&post=1464"}],"curies":[{"name":"wp","href":"https:\/\/api.w.org\/{rel}","templated":true}]}}