{"id":1471,"date":"2013-01-31T12:07:56","date_gmt":"2013-01-31T18:07:56","guid":{"rendered":"http:\/\/innovatori.space\/lat21\/?p=1471"},"modified":"2013-01-31T12:07:56","modified_gmt":"2013-01-31T18:07:56","slug":"disputan-sede-del-tianguis-turistico","status":"publish","type":"post","link":"https:\/\/l21.mx\/?p=1471","title":{"rendered":"Disputan sede del Tianguis Tur\u00edstico"},"content":{"rendered":"<ul>\n<li><span style=\"color: #993300;\"><strong>Latitud 22<\/strong><\/span><\/li>\n<li><span style=\"color: #993300;\"><strong>Ubicaci\u00f3n: Puerto Morelos<\/strong><\/span><\/li>\n<\/ul>\n<p><a href=\"http:\/\/l21.mx\/wp-content\/uploads\/2013\/01\/Disputan-sede-del-Tianguis-Tur\u00edstico1.jpg\" data-rel=\"penci-gallery-image-content\" ><img fetchpriority=\"high\" decoding=\"async\" class=\"aligncenter size-large wp-image-1473\" title=\"Disputan sede del Tianguis Tur\u00edstico\" src=\"http:\/\/l21.mx\/wp-content\/uploads\/2013\/01\/Disputan-sede-del-Tianguis-Tur\u00edstico1-1024x625.jpg\" alt=\"\" width=\"1024\" height=\"625\" srcset=\"https:\/\/l21.mx\/wp-content\/uploads\/2013\/01\/Disputan-sede-del-Tianguis-Tur\u00edstico1-1024x625.jpg 1024w, https:\/\/l21.mx\/wp-content\/uploads\/2013\/01\/Disputan-sede-del-Tianguis-Tur\u00edstico1-300x183.jpg 300w, https:\/\/l21.mx\/wp-content\/uploads\/2013\/01\/Disputan-sede-del-Tianguis-Tur\u00edstico1-139x85.jpg 139w, https:\/\/l21.mx\/wp-content\/uploads\/2013\/01\/Disputan-sede-del-Tianguis-Tur\u00edstico1-600x366.jpg 600w, https:\/\/l21.mx\/wp-content\/uploads\/2013\/01\/Disputan-sede-del-Tianguis-Tur\u00edstico1-167x101.jpg 167w, https:\/\/l21.mx\/wp-content\/uploads\/2013\/01\/Disputan-sede-del-Tianguis-Tur\u00edstico1-80x48.jpg 80w, https:\/\/l21.mx\/wp-content\/uploads\/2013\/01\/Disputan-sede-del-Tianguis-Tur\u00edstico1.jpg 1500w\" sizes=\"(max-width: 1024px) 100vw, 1024px\" \/><\/a>A poco m\u00e1s de un a\u00f1o de que en Canc\u00fan se realice el Tianguis Tur\u00edstico, el antiguo Cancunmesse, renombrado ahora \u201cLakam Center, Canc\u00fan-Riviera Maya\u201d, se destapa como la mejor opci\u00f3n para albergar el evento pese a que el Canc\u00fan Center es la virtual sede oficial\u00a0 de la m\u00e1xima feria tur\u00edstica de M\u00e9xico. Aunque parec\u00eda que la infraestructura iba a convertirse en un elefante blanco tras la disputa que concluy\u00f3 en la separaci\u00f3n de sus co-inversionistas, este centro de exposiciones ser\u00e1 operado por la empresa BP-R\u00edo manejada por Lee Orr y Horacio Estrada, quienes desarrollar\u00e1n una agresiva campa\u00f1a promocional para atraer ferias internacionales en un mediano plazo; de hecho ya est\u00e1n sobre la mesa de negociaci\u00f3n cerca de 10 congresos de corte internacional, y para el mes de junio tiene en su agenda el Congreso Mexicano de Ingenieros Petroleros.<\/p>\n<div>\n<p>[editor]en-la-21-y-otras-latitudes[\/editor]<\/p>\n<\/div>\n","protected":false},"excerpt":{"rendered":"<p>Latitud 22 Ubicaci\u00f3n: Puerto Morelos A poco m\u00e1s de un a\u00f1o de que en Canc\u00fan se&hellip;<\/p>\n","protected":false},"author":2,"featured_media":1473,"comment_status":"open","ping_status":"open","sticky":false,"template":"","format":"standard","meta":{"_acf_changed":false,"_lmt_disableupdate":"","_lmt_disable":"","_mbp_gutenberg_autopost":false,"footnotes":""},"categories":[38],"tags":[],"class_list":["post-1471","post","type-post","status-publish","format-standard","has-post-thumbnail","hentry","category-en-la-21-y-otras-latitudes"],"acf":[],"_links":{"self":[{"href":"https:\/\/l21.mx\/index.php?rest_route=\/wp\/v2\/posts\/1471","targetHints":{"allow":["GET"]}}],"collection":[{"href":"https:\/\/l21.mx\/index.php?rest_route=\/wp\/v2\/posts"}],"about":[{"href":"https:\/\/l21.mx\/index.php?rest_route=\/wp\/v2\/types\/post"}],"author":[{"embeddable":true,"href":"https:\/\/l21.mx\/index.php?rest_route=\/wp\/v2\/users\/2"}],"replies":[{"embeddable":true,"href":"https:\/\/l21.mx\/index.php?rest_route=%2Fwp%2Fv2%2Fcomments&post=1471"}],"version-history":[{"count":0,"href":"https:\/\/l21.mx\/index.php?rest_route=\/wp\/v2\/posts\/1471\/revisions"}],"wp:featuredmedia":[{"embeddable":true,"href":"https:\/\/l21.mx\/index.php?rest_route=\/wp\/v2\/media\/1473"}],"wp:attachment":[{"href":"https:\/\/l21.mx\/index.php?rest_route=%2Fwp%2Fv2%2Fmedia&parent=1471"}],"wp:term":[{"taxonomy":"category","embeddable":true,"href":"https:\/\/l21.mx\/index.php?rest_route=%2Fwp%2Fv2%2Fcategories&post=1471"},{"taxonomy":"post_tag","embeddable":true,"href":"https:\/\/l21.mx\/index.php?rest_route=%2Fwp%2Fv2%2Ftags&post=1471"}],"curies":[{"name":"wp","href":"https:\/\/api.w.org\/{rel}","templated":true}]}}