{"id":1483,"date":"2013-01-31T12:16:04","date_gmt":"2013-01-31T18:16:04","guid":{"rendered":"http:\/\/innovatori.space\/lat21\/?p=1483"},"modified":"2013-01-31T12:17:18","modified_gmt":"2013-01-31T18:17:18","slug":"brillante-estocada","status":"publish","type":"post","link":"https:\/\/l21.mx\/?p=1483","title":{"rendered":"Brillante estocada"},"content":{"rendered":"<ul>\n<li><span style=\"color: #993300;\"><strong>Latitud 21\u00a0<\/strong><\/span><\/li>\n<li><span style=\"color: #993300;\"><strong>Ubicaci\u00f3n: Canc\u00fan<\/strong><\/span><\/li>\n<\/ul>\n<p><a href=\"http:\/\/l21.mx\/wp-content\/uploads\/2013\/01\/PLAZA-DE-TOROS-CANCUN.jpg\" data-rel=\"penci-gallery-image-content\" ><img fetchpriority=\"high\" decoding=\"async\" class=\"aligncenter size-large wp-image-1484\" title=\"PLAZA DE TOROS CANCUN\" src=\"http:\/\/l21.mx\/wp-content\/uploads\/2013\/01\/PLAZA-DE-TOROS-CANCUN-1024x679.jpg\" alt=\"\" width=\"1024\" height=\"679\" srcset=\"https:\/\/l21.mx\/wp-content\/uploads\/2013\/01\/PLAZA-DE-TOROS-CANCUN-1024x679.jpg 1024w, https:\/\/l21.mx\/wp-content\/uploads\/2013\/01\/PLAZA-DE-TOROS-CANCUN-300x199.jpg 300w, https:\/\/l21.mx\/wp-content\/uploads\/2013\/01\/PLAZA-DE-TOROS-CANCUN-128x85.jpg 128w, https:\/\/l21.mx\/wp-content\/uploads\/2013\/01\/PLAZA-DE-TOROS-CANCUN-600x398.jpg 600w, https:\/\/l21.mx\/wp-content\/uploads\/2013\/01\/PLAZA-DE-TOROS-CANCUN-167x110.jpg 167w, https:\/\/l21.mx\/wp-content\/uploads\/2013\/01\/PLAZA-DE-TOROS-CANCUN-80x53.jpg 80w, https:\/\/l21.mx\/wp-content\/uploads\/2013\/01\/PLAZA-DE-TOROS-CANCUN.jpg 1500w\" sizes=\"(max-width: 1024px) 100vw, 1024px\" \/><\/a>El matador y empresario Jorge \u00c1vila, quien en sociedad con el matador Manolo Espinosa Armillita hiciera funcional\u00a0 el coso de la Bonampak, al que tech\u00f3 en 2000 y dot\u00f3 de butacas en 2002 con el objetivo de\u00a0 hacerlo rentable y continuar impulsando el arte taurino, concret\u00f3 la alianza con un grupo de inversionistas tras seis meses de negociaciones para\u00a0 fortalecer las finanzas .<\/p>\n<p>El coso de la Bonampak se afianz\u00f3 como escenario por excelencia de espect\u00e1culos de toda \u00edndole, bajo la tutela del Grupo Plaza de Toros, conformado por tres empresas: Espect\u00e1culos Canc\u00fan, SA de CV, propietaria de la plaza de toros; Plaza de Toros Canc\u00fan, SA de CV, propietaria de los locales comerciales, y JAMP, SA de CV, promotora de espect\u00e1culos.<\/p>\n<p>Con esta alianza el grupo pretende dotarlo de nueva infraestructura para captar mayor n\u00famero de espect\u00e1culos y restaurar su esquema comercial.<\/p>\n","protected":false},"excerpt":{"rendered":"<p>Latitud 21\u00a0 Ubicaci\u00f3n: Canc\u00fan El matador y empresario Jorge \u00c1vila, quien en sociedad con el matador&hellip;<\/p>\n","protected":false},"author":2,"featured_media":1485,"comment_status":"open","ping_status":"open","sticky":false,"template":"","format":"standard","meta":{"_acf_changed":false,"_lmt_disableupdate":"","_lmt_disable":"","_mbp_gutenberg_autopost":false,"footnotes":""},"categories":[38],"tags":[],"class_list":["post-1483","post","type-post","status-publish","format-standard","has-post-thumbnail","hentry","category-en-la-21-y-otras-latitudes"],"acf":[],"_links":{"self":[{"href":"https:\/\/l21.mx\/index.php?rest_route=\/wp\/v2\/posts\/1483","targetHints":{"allow":["GET"]}}],"collection":[{"href":"https:\/\/l21.mx\/index.php?rest_route=\/wp\/v2\/posts"}],"about":[{"href":"https:\/\/l21.mx\/index.php?rest_route=\/wp\/v2\/types\/post"}],"author":[{"embeddable":true,"href":"https:\/\/l21.mx\/index.php?rest_route=\/wp\/v2\/users\/2"}],"replies":[{"embeddable":true,"href":"https:\/\/l21.mx\/index.php?rest_route=%2Fwp%2Fv2%2Fcomments&post=1483"}],"version-history":[{"count":0,"href":"https:\/\/l21.mx\/index.php?rest_route=\/wp\/v2\/posts\/1483\/revisions"}],"wp:featuredmedia":[{"embeddable":true,"href":"https:\/\/l21.mx\/index.php?rest_route=\/wp\/v2\/media\/1485"}],"wp:attachment":[{"href":"https:\/\/l21.mx\/index.php?rest_route=%2Fwp%2Fv2%2Fmedia&parent=1483"}],"wp:term":[{"taxonomy":"category","embeddable":true,"href":"https:\/\/l21.mx\/index.php?rest_route=%2Fwp%2Fv2%2Fcategories&post=1483"},{"taxonomy":"post_tag","embeddable":true,"href":"https:\/\/l21.mx\/index.php?rest_route=%2Fwp%2Fv2%2Ftags&post=1483"}],"curies":[{"name":"wp","href":"https:\/\/api.w.org\/{rel}","templated":true}]}}