{"id":1513,"date":"2013-01-31T16:56:26","date_gmt":"2013-01-31T22:56:26","guid":{"rendered":"http:\/\/innovatori.space\/lat21\/?p=1513"},"modified":"2013-10-02T11:55:28","modified_gmt":"2013-10-02T16:55:28","slug":"trae-intermar-charters-desde-paraguay","status":"publish","type":"post","link":"https:\/\/l21.mx\/?p=1513","title":{"rendered":"Trae Intermar charters desde Paraguay"},"content":{"rendered":"<p><a href=\"http:\/\/l21.mx\/wp-content\/uploads\/2013\/01\/Sergio-On\u00e9simo-Estrada-Ver\u00f3nica-Benz-M\u00f3nica-Ortega-Nicol\u00e1s-Garc\u00eda..jpg\" data-rel=\"penci-gallery-image-content\" ><img fetchpriority=\"high\" decoding=\"async\" class=\"aligncenter size-large wp-image-1514\" title=\"Sergio On\u00e9simo Estrada, Ver\u00f3nica Benz, M\u00f3nica Ortega, Nicol\u00e1s Garc\u00eda.\" src=\"http:\/\/l21.mx\/wp-content\/uploads\/2013\/01\/Sergio-On\u00e9simo-Estrada-Ver\u00f3nica-Benz-M\u00f3nica-Ortega-Nicol\u00e1s-Garc\u00eda.-1024x680.jpg\" alt=\"\" width=\"1024\" height=\"680\" srcset=\"https:\/\/l21.mx\/wp-content\/uploads\/2013\/01\/Sergio-On\u00e9simo-Estrada-Ver\u00f3nica-Benz-M\u00f3nica-Ortega-Nicol\u00e1s-Garc\u00eda.-1024x680.jpg 1024w, https:\/\/l21.mx\/wp-content\/uploads\/2013\/01\/Sergio-On\u00e9simo-Estrada-Ver\u00f3nica-Benz-M\u00f3nica-Ortega-Nicol\u00e1s-Garc\u00eda.-300x199.jpg 300w, https:\/\/l21.mx\/wp-content\/uploads\/2013\/01\/Sergio-On\u00e9simo-Estrada-Ver\u00f3nica-Benz-M\u00f3nica-Ortega-Nicol\u00e1s-Garc\u00eda.-127x85.jpg 127w, https:\/\/l21.mx\/wp-content\/uploads\/2013\/01\/Sergio-On\u00e9simo-Estrada-Ver\u00f3nica-Benz-M\u00f3nica-Ortega-Nicol\u00e1s-Garc\u00eda.-600x398.jpg 600w, https:\/\/l21.mx\/wp-content\/uploads\/2013\/01\/Sergio-On\u00e9simo-Estrada-Ver\u00f3nica-Benz-M\u00f3nica-Ortega-Nicol\u00e1s-Garc\u00eda.-167x110.jpg 167w, https:\/\/l21.mx\/wp-content\/uploads\/2013\/01\/Sergio-On\u00e9simo-Estrada-Ver\u00f3nica-Benz-M\u00f3nica-Ortega-Nicol\u00e1s-Garc\u00eda.-80x53.jpg 80w, https:\/\/l21.mx\/wp-content\/uploads\/2013\/01\/Sergio-On\u00e9simo-Estrada-Ver\u00f3nica-Benz-M\u00f3nica-Ortega-Nicol\u00e1s-Garc\u00eda..jpg 1500w\" sizes=\"(max-width: 1024px) 100vw, 1024px\" \/><\/a>Grupo Intermar Caribe, de Guillermo Mart\u00ednez, recibi\u00f3 los primeros tres charters provenientes de la ciudad de Asunci\u00f3n, Paraguay, que arribaron a la zona los d\u00edas 2, 11 y 18 de enero, iniciando as\u00ed una nueva ruta hacia este destino. \u201cEn Paraguay existe inter\u00e9s por conocer las bellezas del Caribe mexicano. Estos vuelos de TACA sin escala son importantes por ser los primeros de este mercado, que sumaron un total de 450 pasajeros que llegaron por medio de la agencia Desarrollo Tur\u00edstico Paraguayo, considerada una de las principales mayoristas de su pa\u00eds\u201d, refiri\u00f3 Ver\u00f3nica Benz, directora comercial de Grupo Intermar.<\/p>\n<p>Estos vuelos son parte de la estrategia de ventas de Grupo Intermar, que ha observado el inter\u00e9s de diversos pa\u00edses de Latinoam\u00e9rica por visitar este destino. \u201cLo hicimos para ver c\u00f3mo funcionaba y nos fue muy bien, estamos contentos y esperamos repetir la experiencia en su pr\u00f3xima temporada de verano\u201d, apunt\u00f3.<\/p>\n<p>Los hoteles elegidos por los visitantes fueron: Crown Paradise, Oasis Canc\u00fan, Oasis Palm Beach, Hard Rock, Royal Solaris y Belle Vue en Canc\u00fan; mientras en la Riviera seleccionaron: Sandos Caracol, Blue Bay, Grand Esmeralda, Playacar Palace y Bah\u00eda Pr\u00edncipe, con una estancia programada de siete d\u00edas.<\/p>\n<p>&nbsp;<\/p>\n<p>[editor]empresas-y-negocios[\/editor]<\/p>\n","protected":false},"excerpt":{"rendered":"<p>Grupo Intermar Caribe, de Guillermo Mart\u00ednez, recibi\u00f3 los primeros tres charters provenientes de la ciudad de&hellip;<\/p>\n","protected":false},"author":2,"featured_media":1515,"comment_status":"open","ping_status":"open","sticky":false,"template":"","format":"standard","meta":{"_acf_changed":false,"_lmt_disableupdate":"","_lmt_disable":"","_mbp_gutenberg_autopost":false,"footnotes":""},"categories":[4],"tags":[63,188,189,48,64,61],"class_list":["post-1513","post","type-post","status-publish","format-standard","has-post-thumbnail","hentry","category-empresas-y-negocios","tag-caribe-mexicano","tag-grupo-editorial-latitud21","tag-revista-latitud21","tag-cancun","tag-latitud-21","tag-latitud21"],"acf":[],"yoast_head":"<!-- This site is optimized with the Yoast SEO plugin v27.5 - https:\/\/yoast.com\/product\/yoast-seo-wordpress\/ -->\n<title>Trae Intermar charters desde Paraguay | Revista Latitud 21<\/title>\n<meta name=\"description\" content=\"L21, Emprendedores y Negocios en el Caribe Mexicano, es la revista l\u00edder entre el Sector Empresarial y Tur\u00edstico del Caribe Mexicano.\" \/>\n<meta name=\"robots\" content=\"index, follow, max-snippet:-1, max-image-preview:large, max-video-preview:-1\" \/>\n<link rel=\"canonical\" href=\"https:\/\/l21.mx\/?p=1513\" \/>\n<meta name=\"twitter:card\" content=\"summary_large_image\" \/>\n<meta name=\"twitter:title\" content=\"Trae Intermar charters desde Paraguay | Revista Latitud 21\" \/>\n<meta name=\"twitter:description\" content=\"L21, Emprendedores y Negocios en el Caribe Mexicano, es la revista l\u00edder entre el Sector Empresarial y Tur\u00edstico del Caribe Mexicano.\" \/>\n<meta name=\"twitter:image\" content=\"https:\/\/l21.mx\/wp-content\/uploads\/2013\/01\/Sergio-On\u00e9simo-Estrada-Ver\u00f3nica-Benz-M\u00f3nica-Ortega-Nicol\u00e1s-Garc\u00eda.1.jpg\" \/>\n<meta name=\"twitter:creator\" content=\"@Latitud21mx\" \/>\n<meta name=\"twitter:site\" content=\"@Latitud21mx\" \/>\n<meta name=\"twitter:label1\" content=\"Escrito por\" \/>\n\t<meta name=\"twitter:data1\" content=\"Latitud21 Redacci\u00f3n\" \/>\n\t<meta name=\"twitter:label2\" content=\"Tiempo de lectura\" \/>\n\t<meta name=\"twitter:data2\" content=\"1 minuto\" \/>\n<script type=\"application\/ld+json\" class=\"yoast-schema-graph\">{\"@context\":\"https:\\\/\\\/schema.org\",\"@graph\":[{\"@type\":\"Article\",\"@id\":\"https:\\\/\\\/l21.mx\\\/?p=1513#article\",\"isPartOf\":{\"@id\":\"https:\\\/\\\/l21.mx\\\/?p=1513\"},\"author\":{\"name\":\"Latitud21 Redacci\u00f3n\",\"@id\":\"https:\\\/\\\/l21.mx\\\/#\\\/schema\\\/person\\\/4b571cc212089f95579f3b66253728f1\"},\"headline\":\"Trae Intermar charters desde Paraguay\",\"datePublished\":\"2013-01-31T22:56:26+00:00\",\"dateModified\":\"2013-10-02T16:55:28+00:00\",\"mainEntityOfPage\":{\"@id\":\"https:\\\/\\\/l21.mx\\\/?p=1513\"},\"wordCount\":218,\"commentCount\":0,\"publisher\":{\"@id\":\"https:\\\/\\\/l21.mx\\\/#organization\"},\"image\":{\"@id\":\"https:\\\/\\\/l21.mx\\\/?p=1513#primaryimage\"},\"thumbnailUrl\":\"https:\\\/\\\/l21.mx\\\/wp-content\\\/uploads\\\/2013\\\/01\\\/Sergio-On\u00e9simo-Estrada-Ver\u00f3nica-Benz-M\u00f3nica-Ortega-Nicol\u00e1s-Garc\u00eda.1.jpg\",\"keywords\":[\"\\\"Caribe Mexicano\\\"\",\"\u201cGrupo editorial Latitud21\u2033\",\"\u201crevista latitud21\u2033\",\"Cancun\",\"latitud 21\",\"latitud21\"],\"articleSection\":[\"Empresas y Negocios\"],\"inLanguage\":\"es\",\"potentialAction\":[{\"@type\":\"CommentAction\",\"name\":\"Comment\",\"target\":[\"https:\\\/\\\/l21.mx\\\/?p=1513#respond\"]}]},{\"@type\":\"WebPage\",\"@id\":\"https:\\\/\\\/l21.mx\\\/?p=1513\",\"url\":\"https:\\\/\\\/l21.mx\\\/?p=1513\",\"name\":\"Trae Intermar charters desde Paraguay | Revista Latitud 21\",\"isPartOf\":{\"@id\":\"https:\\\/\\\/l21.mx\\\/#website\"},\"primaryImageOfPage\":{\"@id\":\"https:\\\/\\\/l21.mx\\\/?p=1513#primaryimage\"},\"image\":{\"@id\":\"https:\\\/\\\/l21.mx\\\/?p=1513#primaryimage\"},\"thumbnailUrl\":\"https:\\\/\\\/l21.mx\\\/wp-content\\\/uploads\\\/2013\\\/01\\\/Sergio-On\u00e9simo-Estrada-Ver\u00f3nica-Benz-M\u00f3nica-Ortega-Nicol\u00e1s-Garc\u00eda.1.jpg\",\"datePublished\":\"2013-01-31T22:56:26+00:00\",\"dateModified\":\"2013-10-02T16:55:28+00:00\",\"description\":\"L21, Emprendedores y Negocios en el Caribe Mexicano, es la revista l\u00edder entre el Sector Empresarial y Tur\u00edstico del Caribe Mexicano.\",\"breadcrumb\":{\"@id\":\"https:\\\/\\\/l21.mx\\\/?p=1513#breadcrumb\"},\"inLanguage\":\"es\",\"potentialAction\":[{\"@type\":\"ReadAction\",\"target\":[\"https:\\\/\\\/l21.mx\\\/?p=1513\"]}]},{\"@type\":\"ImageObject\",\"inLanguage\":\"es\",\"@id\":\"https:\\\/\\\/l21.mx\\\/?p=1513#primaryimage\",\"url\":\"https:\\\/\\\/l21.mx\\\/wp-content\\\/uploads\\\/2013\\\/01\\\/Sergio-On\u00e9simo-Estrada-Ver\u00f3nica-Benz-M\u00f3nica-Ortega-Nicol\u00e1s-Garc\u00eda.1.jpg\",\"contentUrl\":\"https:\\\/\\\/l21.mx\\\/wp-content\\\/uploads\\\/2013\\\/01\\\/Sergio-On\u00e9simo-Estrada-Ver\u00f3nica-Benz-M\u00f3nica-Ortega-Nicol\u00e1s-Garc\u00eda.1.jpg\",\"width\":\"167\",\"height\":\"108\"},{\"@type\":\"BreadcrumbList\",\"@id\":\"https:\\\/\\\/l21.mx\\\/?p=1513#breadcrumb\",\"itemListElement\":[{\"@type\":\"ListItem\",\"position\":1,\"name\":\"Portada\",\"item\":\"https:\\\/\\\/l21.mx\\\/\"},{\"@type\":\"ListItem\",\"position\":2,\"name\":\"Trae Intermar charters desde Paraguay\"}]},{\"@type\":\"WebSite\",\"@id\":\"https:\\\/\\\/l21.mx\\\/#website\",\"url\":\"https:\\\/\\\/l21.mx\\\/\",\"name\":\"Revista Latitud 21\",\"description\":\"Emprendedores  y negocios en el Caribe Mexicano\",\"publisher\":{\"@id\":\"https:\\\/\\\/l21.mx\\\/#organization\"},\"potentialAction\":[{\"@type\":\"SearchAction\",\"target\":{\"@type\":\"EntryPoint\",\"urlTemplate\":\"https:\\\/\\\/l21.mx\\\/?s={search_term_string}\"},\"query-input\":{\"@type\":\"PropertyValueSpecification\",\"valueRequired\":true,\"valueName\":\"search_term_string\"}}],\"inLanguage\":\"es\"},{\"@type\":\"Organization\",\"@id\":\"https:\\\/\\\/l21.mx\\\/#organization\",\"name\":\"Grupo Editorial Latitud 21 SA de CV\",\"url\":\"https:\\\/\\\/l21.mx\\\/\",\"logo\":{\"@type\":\"ImageObject\",\"inLanguage\":\"es\",\"@id\":\"https:\\\/\\\/l21.mx\\\/#\\\/schema\\\/logo\\\/image\\\/\",\"url\":\"https:\\\/\\\/l21.mx\\\/wp-content\\\/uploads\\\/2020\\\/10\\\/logo-l21-baja.jpg\",\"contentUrl\":\"https:\\\/\\\/l21.mx\\\/wp-content\\\/uploads\\\/2020\\\/10\\\/logo-l21-baja.jpg\",\"width\":250,\"height\":250,\"caption\":\"Grupo Editorial Latitud 21 SA de CV\"},\"image\":{\"@id\":\"https:\\\/\\\/l21.mx\\\/#\\\/schema\\\/logo\\\/image\\\/\"},\"sameAs\":[\"https:\\\/\\\/www.facebook.com\\\/RevistaLatitud21\\\/\",\"https:\\\/\\\/x.com\\\/Latitud21mx\"]},{\"@type\":\"Person\",\"@id\":\"https:\\\/\\\/l21.mx\\\/#\\\/schema\\\/person\\\/4b571cc212089f95579f3b66253728f1\",\"name\":\"Latitud21 Redacci\u00f3n\",\"url\":\"https:\\\/\\\/l21.mx\\\/?author=2\"}]}<\/script>\n<!-- \/ Yoast SEO plugin. -->","yoast_head_json":{"title":"Trae Intermar charters desde Paraguay | Revista Latitud 21","description":"L21, Emprendedores y Negocios en el Caribe Mexicano, es la revista l\u00edder entre el Sector Empresarial y Tur\u00edstico del Caribe Mexicano.","robots":{"index":"index","follow":"follow","max-snippet":"max-snippet:-1","max-image-preview":"max-image-preview:large","max-video-preview":"max-video-preview:-1"},"canonical":"https:\/\/l21.mx\/?p=1513","twitter_card":"summary_large_image","twitter_title":"Trae Intermar charters desde Paraguay | Revista Latitud 21","twitter_description":"L21, Emprendedores y Negocios en el Caribe Mexicano, es la revista l\u00edder entre el Sector Empresarial y Tur\u00edstico del Caribe Mexicano.","twitter_image":"https:\/\/l21.mx\/wp-content\/uploads\/2013\/01\/Sergio-On\u00e9simo-Estrada-Ver\u00f3nica-Benz-M\u00f3nica-Ortega-Nicol\u00e1s-Garc\u00eda.1.jpg","twitter_creator":"@Latitud21mx","twitter_site":"@Latitud21mx","twitter_misc":{"Escrito por":"Latitud21 Redacci\u00f3n","Tiempo de lectura":"1 minuto"},"schema":{"@context":"https:\/\/schema.org","@graph":[{"@type":"Article","@id":"https:\/\/l21.mx\/?p=1513#article","isPartOf":{"@id":"https:\/\/l21.mx\/?p=1513"},"author":{"name":"Latitud21 Redacci\u00f3n","@id":"https:\/\/l21.mx\/#\/schema\/person\/4b571cc212089f95579f3b66253728f1"},"headline":"Trae Intermar charters desde Paraguay","datePublished":"2013-01-31T22:56:26+00:00","dateModified":"2013-10-02T16:55:28+00:00","mainEntityOfPage":{"@id":"https:\/\/l21.mx\/?p=1513"},"wordCount":218,"commentCount":0,"publisher":{"@id":"https:\/\/l21.mx\/#organization"},"image":{"@id":"https:\/\/l21.mx\/?p=1513#primaryimage"},"thumbnailUrl":"https:\/\/l21.mx\/wp-content\/uploads\/2013\/01\/Sergio-On\u00e9simo-Estrada-Ver\u00f3nica-Benz-M\u00f3nica-Ortega-Nicol\u00e1s-Garc\u00eda.1.jpg","keywords":["\"Caribe Mexicano\"","\u201cGrupo editorial Latitud21\u2033","\u201crevista latitud21\u2033","Cancun","latitud 21","latitud21"],"articleSection":["Empresas y Negocios"],"inLanguage":"es","potentialAction":[{"@type":"CommentAction","name":"Comment","target":["https:\/\/l21.mx\/?p=1513#respond"]}]},{"@type":"WebPage","@id":"https:\/\/l21.mx\/?p=1513","url":"https:\/\/l21.mx\/?p=1513","name":"Trae Intermar charters desde Paraguay | Revista Latitud 21","isPartOf":{"@id":"https:\/\/l21.mx\/#website"},"primaryImageOfPage":{"@id":"https:\/\/l21.mx\/?p=1513#primaryimage"},"image":{"@id":"https:\/\/l21.mx\/?p=1513#primaryimage"},"thumbnailUrl":"https:\/\/l21.mx\/wp-content\/uploads\/2013\/01\/Sergio-On\u00e9simo-Estrada-Ver\u00f3nica-Benz-M\u00f3nica-Ortega-Nicol\u00e1s-Garc\u00eda.1.jpg","datePublished":"2013-01-31T22:56:26+00:00","dateModified":"2013-10-02T16:55:28+00:00","description":"L21, Emprendedores y Negocios en el Caribe Mexicano, es la revista l\u00edder entre el Sector Empresarial y Tur\u00edstico del Caribe Mexicano.","breadcrumb":{"@id":"https:\/\/l21.mx\/?p=1513#breadcrumb"},"inLanguage":"es","potentialAction":[{"@type":"ReadAction","target":["https:\/\/l21.mx\/?p=1513"]}]},{"@type":"ImageObject","inLanguage":"es","@id":"https:\/\/l21.mx\/?p=1513#primaryimage","url":"https:\/\/l21.mx\/wp-content\/uploads\/2013\/01\/Sergio-On\u00e9simo-Estrada-Ver\u00f3nica-Benz-M\u00f3nica-Ortega-Nicol\u00e1s-Garc\u00eda.1.jpg","contentUrl":"https:\/\/l21.mx\/wp-content\/uploads\/2013\/01\/Sergio-On\u00e9simo-Estrada-Ver\u00f3nica-Benz-M\u00f3nica-Ortega-Nicol\u00e1s-Garc\u00eda.1.jpg","width":"167","height":"108"},{"@type":"BreadcrumbList","@id":"https:\/\/l21.mx\/?p=1513#breadcrumb","itemListElement":[{"@type":"ListItem","position":1,"name":"Portada","item":"https:\/\/l21.mx\/"},{"@type":"ListItem","position":2,"name":"Trae Intermar charters desde Paraguay"}]},{"@type":"WebSite","@id":"https:\/\/l21.mx\/#website","url":"https:\/\/l21.mx\/","name":"Revista Latitud 21","description":"Emprendedores  y negocios en el Caribe Mexicano","publisher":{"@id":"https:\/\/l21.mx\/#organization"},"potentialAction":[{"@type":"SearchAction","target":{"@type":"EntryPoint","urlTemplate":"https:\/\/l21.mx\/?s={search_term_string}"},"query-input":{"@type":"PropertyValueSpecification","valueRequired":true,"valueName":"search_term_string"}}],"inLanguage":"es"},{"@type":"Organization","@id":"https:\/\/l21.mx\/#organization","name":"Grupo Editorial Latitud 21 SA de CV","url":"https:\/\/l21.mx\/","logo":{"@type":"ImageObject","inLanguage":"es","@id":"https:\/\/l21.mx\/#\/schema\/logo\/image\/","url":"https:\/\/l21.mx\/wp-content\/uploads\/2020\/10\/logo-l21-baja.jpg","contentUrl":"https:\/\/l21.mx\/wp-content\/uploads\/2020\/10\/logo-l21-baja.jpg","width":250,"height":250,"caption":"Grupo Editorial Latitud 21 SA de CV"},"image":{"@id":"https:\/\/l21.mx\/#\/schema\/logo\/image\/"},"sameAs":["https:\/\/www.facebook.com\/RevistaLatitud21\/","https:\/\/x.com\/Latitud21mx"]},{"@type":"Person","@id":"https:\/\/l21.mx\/#\/schema\/person\/4b571cc212089f95579f3b66253728f1","name":"Latitud21 Redacci\u00f3n","url":"https:\/\/l21.mx\/?author=2"}]}},"amp_enabled":true,"_links":{"self":[{"href":"https:\/\/l21.mx\/index.php?rest_route=\/wp\/v2\/posts\/1513","targetHints":{"allow":["GET"]}}],"collection":[{"href":"https:\/\/l21.mx\/index.php?rest_route=\/wp\/v2\/posts"}],"about":[{"href":"https:\/\/l21.mx\/index.php?rest_route=\/wp\/v2\/types\/post"}],"author":[{"embeddable":true,"href":"https:\/\/l21.mx\/index.php?rest_route=\/wp\/v2\/users\/2"}],"replies":[{"embeddable":true,"href":"https:\/\/l21.mx\/index.php?rest_route=%2Fwp%2Fv2%2Fcomments&post=1513"}],"version-history":[{"count":0,"href":"https:\/\/l21.mx\/index.php?rest_route=\/wp\/v2\/posts\/1513\/revisions"}],"wp:featuredmedia":[{"embeddable":true,"href":"https:\/\/l21.mx\/index.php?rest_route=\/wp\/v2\/media\/1515"}],"wp:attachment":[{"href":"https:\/\/l21.mx\/index.php?rest_route=%2Fwp%2Fv2%2Fmedia&parent=1513"}],"wp:term":[{"taxonomy":"category","embeddable":true,"href":"https:\/\/l21.mx\/index.php?rest_route=%2Fwp%2Fv2%2Fcategories&post=1513"},{"taxonomy":"post_tag","embeddable":true,"href":"https:\/\/l21.mx\/index.php?rest_route=%2Fwp%2Fv2%2Ftags&post=1513"}],"curies":[{"name":"wp","href":"https:\/\/api.w.org\/{rel}","templated":true}]}}