{"id":15840,"date":"2016-02-02T11:46:44","date_gmt":"2016-02-02T17:46:44","guid":{"rendered":"http:\/\/innovatori.space\/lat21\/?p=15840"},"modified":"2021-03-01T11:48:32","modified_gmt":"2021-03-01T16:48:32","slug":"mejor-parque-tematico-internacional","status":"publish","type":"post","link":"https:\/\/l21.mx\/?p=15840","title":{"rendered":"Mejor Parque Tem\u00e1tico Internacional"},"content":{"rendered":"<p><a href=\"http:\/\/l21.mx\/wp-content\/uploads\/2016\/02\/Mejor-Parque-Tem\u00e1tico-Internacional.jpg\" data-rel=\"penci-gallery-image-content\" ><img fetchpriority=\"high\" decoding=\"async\" class=\"alignleft size-medium wp-image-15843\" title=\"Mejor-Parque-Tem\u00e1tico-Internacional\" src=\"http:\/\/l21.mx\/wp-content\/uploads\/2016\/02\/Mejor-Parque-Tem\u00e1tico-Internacional-224x300.jpg\" alt=\"\" width=\"224\" height=\"300\" \/><\/a><\/p>\n<p><strong>X<\/strong>caret recibi\u00f3 reconocimiento como\u00a0 el mejor parque tem\u00e1tico internacional y el mejor parque acu\u00e1tico fuera de la Uni\u00f3n Americana, de acuerdo con la opini\u00f3n de agentes de viajes de los Estados Unidos, durante la entrega de los <em>Travvy Awards 2016<\/em>, que tuvo lugar en la ciudad de Nueva York. Para la categor\u00eda del mejor parque tem\u00e1tico internacional,\u00a0 Xcaret lleg\u00f3 a la fase final junto con el parque Disneyland de Tokio y el parque Universal Studios de Jap\u00f3n. Recibi\u00f3 los reconocimientos Rodrigo Motavelasco, gerente de <em>Business Development<\/em> de Experiencias Xcaret. Asimismo, en Torremolinos, Espa\u00f1a, el parque se hizo acreedor al reconocimiento de Turismo Sostenible dentro de la categor\u00eda Naturaleza durante el Congreso Mundial de Skal Internacional 2015, evento patrocinado por Diversey Care, presea que recibi\u00f3 en su nombre Jane Garc\u00eda, presidenta de Skal Internacional Canc\u00fan.<\/p>\n<div><\/div>\n","protected":false},"excerpt":{"rendered":"<p>Xcaret recibi\u00f3 reconocimiento como\u00a0 el mejor parque tem\u00e1tico internacional y el mejor parque acu\u00e1tico fuera de&hellip;<\/p>\n","protected":false},"author":2,"featured_media":15843,"comment_status":"open","ping_status":"open","sticky":false,"template":"","format":"standard","meta":{"_acf_changed":false,"_lmt_disableupdate":"","_lmt_disable":"","_mbp_gutenberg_autopost":false,"footnotes":""},"categories":[23,8],"tags":[],"class_list":["post-15840","post","type-post","status-publish","format-standard","has-post-thumbnail","hentry","category-noticias","category-turismo"],"acf":[],"_links":{"self":[{"href":"https:\/\/l21.mx\/index.php?rest_route=\/wp\/v2\/posts\/15840","targetHints":{"allow":["GET"]}}],"collection":[{"href":"https:\/\/l21.mx\/index.php?rest_route=\/wp\/v2\/posts"}],"about":[{"href":"https:\/\/l21.mx\/index.php?rest_route=\/wp\/v2\/types\/post"}],"author":[{"embeddable":true,"href":"https:\/\/l21.mx\/index.php?rest_route=\/wp\/v2\/users\/2"}],"replies":[{"embeddable":true,"href":"https:\/\/l21.mx\/index.php?rest_route=%2Fwp%2Fv2%2Fcomments&post=15840"}],"version-history":[{"count":0,"href":"https:\/\/l21.mx\/index.php?rest_route=\/wp\/v2\/posts\/15840\/revisions"}],"wp:featuredmedia":[{"embeddable":true,"href":"https:\/\/l21.mx\/index.php?rest_route=\/wp\/v2\/media\/15843"}],"wp:attachment":[{"href":"https:\/\/l21.mx\/index.php?rest_route=%2Fwp%2Fv2%2Fmedia&parent=15840"}],"wp:term":[{"taxonomy":"category","embeddable":true,"href":"https:\/\/l21.mx\/index.php?rest_route=%2Fwp%2Fv2%2Fcategories&post=15840"},{"taxonomy":"post_tag","embeddable":true,"href":"https:\/\/l21.mx\/index.php?rest_route=%2Fwp%2Fv2%2Ftags&post=15840"}],"curies":[{"name":"wp","href":"https:\/\/api.w.org\/{rel}","templated":true}]}}