{"id":15984,"date":"2016-02-03T16:11:58","date_gmt":"2016-02-03T22:11:58","guid":{"rendered":"http:\/\/innovatori.space\/lat21\/?p=15984"},"modified":"2016-02-03T16:11:58","modified_gmt":"2016-02-03T22:11:58","slug":"agenda-xiv-foro-nacional-de-turismo-del-22-al-24-de-febrero","status":"publish","type":"post","link":"https:\/\/l21.mx\/?p=15984","title":{"rendered":"Agenda: XIV Foro Nacional de Turismo Del 22 al 24 de febrero"},"content":{"rendered":"<p>&nbsp;<\/p>\n<p><a href=\"http:\/\/l21.mx\/wp-content\/uploads\/2016\/02\/foro-nacional-de-turismo.jpg\" data-rel=\"penci-gallery-image-content\" ><img fetchpriority=\"high\" decoding=\"async\" class=\"alignleft size-medium wp-image-15987\" title=\"foro-nacional-de-turismo\" src=\"http:\/\/l21.mx\/wp-content\/uploads\/2016\/02\/foro-nacional-de-turismo-300x199.jpg\" alt=\"\" width=\"300\" height=\"199\" srcset=\"https:\/\/l21.mx\/wp-content\/uploads\/2016\/02\/foro-nacional-de-turismo-300x199.jpg 300w, https:\/\/l21.mx\/wp-content\/uploads\/2016\/02\/foro-nacional-de-turismo-1024x680.jpg 1024w, https:\/\/l21.mx\/wp-content\/uploads\/2016\/02\/foro-nacional-de-turismo-768x510.jpg 768w, https:\/\/l21.mx\/wp-content\/uploads\/2016\/02\/foro-nacional-de-turismo-1170x777.jpg 1170w, https:\/\/l21.mx\/wp-content\/uploads\/2016\/02\/foro-nacional-de-turismo-780x516.jpg 780w, https:\/\/l21.mx\/wp-content\/uploads\/2016\/02\/foro-nacional-de-turismo-585x389.jpg 585w, https:\/\/l21.mx\/wp-content\/uploads\/2016\/02\/foro-nacional-de-turismo-263x175.jpg 263w, https:\/\/l21.mx\/wp-content\/uploads\/2016\/02\/foro-nacional-de-turismo.jpg 1200w\" sizes=\"(max-width: 300px) 100vw, 300px\" \/><\/a>El encuentro que re\u00fane a empresarios, funcionarios y profesionales del sector turismo nacional e internacional se dar\u00e1 cita en el Club de Industriales de\u00a0 Polanco, en la Ciudad de M\u00e9xico, y tendr\u00e1 como objetivo discutir y analizar las prioridades de la actividad tur\u00edstica durante el periodo 2016-2018.\u00a0 Como parte del encuentro, la empresa PWC realizar\u00e1 un seminario de Inversi\u00f3n Tur\u00edstica, que dar\u00e1 un valor agregado para los participantes. Entre los temas a tratar destacan inversi\u00f3n y financiamiento, turismo para todos, turismo m\u00e9dico y comunidades de retiro, econom\u00edas compartidas, casinos y el proyecto de pre-internaci\u00f3n, entre otros.<\/p>\n<div><\/div>\n","protected":false},"excerpt":{"rendered":"<p>&nbsp; El encuentro que re\u00fane a empresarios, funcionarios y profesionales del sector turismo nacional e internacional&hellip;<\/p>\n","protected":false},"author":2,"featured_media":15987,"comment_status":"open","ping_status":"open","sticky":false,"template":"","format":"standard","meta":{"_acf_changed":false,"_lmt_disableupdate":"","_lmt_disable":"","_mbp_gutenberg_autopost":false,"footnotes":""},"categories":[23],"tags":[],"class_list":["post-15984","post","type-post","status-publish","format-standard","has-post-thumbnail","hentry","category-noticias"],"acf":[],"_links":{"self":[{"href":"https:\/\/l21.mx\/index.php?rest_route=\/wp\/v2\/posts\/15984","targetHints":{"allow":["GET"]}}],"collection":[{"href":"https:\/\/l21.mx\/index.php?rest_route=\/wp\/v2\/posts"}],"about":[{"href":"https:\/\/l21.mx\/index.php?rest_route=\/wp\/v2\/types\/post"}],"author":[{"embeddable":true,"href":"https:\/\/l21.mx\/index.php?rest_route=\/wp\/v2\/users\/2"}],"replies":[{"embeddable":true,"href":"https:\/\/l21.mx\/index.php?rest_route=%2Fwp%2Fv2%2Fcomments&post=15984"}],"version-history":[{"count":0,"href":"https:\/\/l21.mx\/index.php?rest_route=\/wp\/v2\/posts\/15984\/revisions"}],"wp:featuredmedia":[{"embeddable":true,"href":"https:\/\/l21.mx\/index.php?rest_route=\/wp\/v2\/media\/15987"}],"wp:attachment":[{"href":"https:\/\/l21.mx\/index.php?rest_route=%2Fwp%2Fv2%2Fmedia&parent=15984"}],"wp:term":[{"taxonomy":"category","embeddable":true,"href":"https:\/\/l21.mx\/index.php?rest_route=%2Fwp%2Fv2%2Fcategories&post=15984"},{"taxonomy":"post_tag","embeddable":true,"href":"https:\/\/l21.mx\/index.php?rest_route=%2Fwp%2Fv2%2Ftags&post=15984"}],"curies":[{"name":"wp","href":"https:\/\/api.w.org\/{rel}","templated":true}]}}