{"id":16364,"date":"2016-02-15T12:07:37","date_gmt":"2016-02-15T18:07:37","guid":{"rendered":"http:\/\/innovatori.space\/lat21\/?p=16364"},"modified":"2016-02-15T12:07:37","modified_gmt":"2016-02-15T18:07:37","slug":"soltando-vela","status":"publish","type":"post","link":"https:\/\/l21.mx\/?p=16364","title":{"rendered":"Soltando vela"},"content":{"rendered":"<p>&nbsp;<\/p>\n<p><strong><a href=\"http:\/\/l21.mx\/wp-content\/uploads\/2016\/02\/Velas-Resorts.jpg\" data-rel=\"penci-gallery-image-content\" ><img fetchpriority=\"high\" decoding=\"async\" class=\"aligncenter size-medium wp-image-16367\" title=\"Velas-Resorts\" src=\"http:\/\/l21.mx\/wp-content\/uploads\/2016\/02\/Velas-Resorts-300x174.jpg\" alt=\"\" width=\"300\" height=\"174\" srcset=\"https:\/\/l21.mx\/wp-content\/uploads\/2016\/02\/Velas-Resorts-300x174.jpg 300w, https:\/\/l21.mx\/wp-content\/uploads\/2016\/02\/Velas-Resorts.jpg 585w\" sizes=\"(max-width: 300px) 100vw, 300px\" \/><\/a>Velas Resorts consolida su plan para la construcci\u00f3n de un complejo en Los Cabos bajo su probada marca de lujo y una inversi\u00f3n que rondar\u00e1 los 150 mdd<\/strong><\/p>\n<p>Con un concepto similar al de sus hoteles insignia \u2013sin\u00f3nimo de \u00e9xito, lujo y calidad-, el consorcio mexicano Velas Resorts est\u00e1 ya en el arranque de su nuevo proyecto en Los Cabos, Baja California, un hotel de 300 suites de alto nivel cuya inversi\u00f3n se estima en 150 mdd.<\/p>\n<p>El complejo, que ser\u00eda el primero de la firma en ese destino donde se juntan las aguas del Pac\u00edfico mexicano y el Mar de Cort\u00e9s, consolidar\u00e1 la presencia del grupo hotelero en los tres principales destinos tur\u00edsticos de M\u00e9xico: Riviera Maya, Vallarta y ahora Los Cabos.<\/p>\n<p>Asimismo,\u00a0 con una oferta actual de cuatro inmuebles, mil 250 llaves y una oferta laboral cercana a las cuatro mil plazas, la empresa concentra su energ\u00eda en la construcci\u00f3n del nuevo hotel, cuya apertura podr\u00eda definirse para finales de 2016, y solo como una posibilidad contemplan como siguiente paso incursionar fuera de M\u00e9xico, aunque a\u00fan no hay nada definido.<\/p>\n<p>Juan Vela, vicepresidente de la compa\u00f1\u00eda, confirm\u00f3 a <strong>Latitud 21<\/strong> que ya tienen el terreno para la edificaci\u00f3n del hotel en Los Cabos, \u201cbajo la marca Grand\u201d, as\u00ed como el proyecto ejecutivo.<\/p>\n<p>\u201cSer\u00e1 un hotel Grand Velas de 300 suites, con restaurantes de especialidades a cargo de chefs de renombre, \u00e1rea de centro de convenciones, un spa \u00fanico, es decir, con el mismo apellido y el mismo concepto del Grand Riviera Nayarit\u201d, afirm\u00f3 el directivo.<\/p>\n<p>Coment\u00f3 que la construcci\u00f3n del inmueble ser\u00e1 m\u00e1s parecida al hotel de Nayarit, pues en la Riviera Maya hay muchas limitaciones por el tipo de entorno, pero en Los Cabos no. \u201cSer\u00e1 un complejo mejorado, con todo lo que se aprende, adem\u00e1s ser\u00e1 un complemento importante para nosotros porque ya estaremos en los tres principales destinos de M\u00e9xico: Riviera Maya, Vallarta y Los Cabos\u201d.<\/p>\n<p>Explic\u00f3 que con base en los par\u00e1metros para la edificaci\u00f3n de las habitaciones estiman un costo de entre 400 a 500 d\u00f3lares por cada una, por lo que la inversi\u00f3n rondar\u00eda en los 150 mdd.<\/p>\n<p>Reconoci\u00f3 que el reto ser\u00e1 fuerte para igualar o superar el \u00e9xito del grupo en la Riviera Maya, pero confi\u00f3 en que lo lograr\u00e1n pues \u201ctenemos un producto diferenciado y desde luego nos centramos en servicio, servicio y servicio\u201d.<\/p>\n<p>&nbsp;<\/p>\n<p><strong>Por el turismo de alto nivel<\/strong><\/p>\n<p>Indic\u00f3 que con productos como Grand Riviera Maya se ha logrado recuperar el turismo de alto poder adquisitivo. En el caso de Los Cabos, hay nuevas inversiones que est\u00e1n en ese nivel, el destino es m\u00e1s fuerte en ese sentido porque el porcentaje de cuartos de alto nivel es m\u00e1s grande en comparaci\u00f3n con Canc\u00fan o la Riviera Maya.<\/p>\n<p>Hay por lo menos cinco hoteles en construcci\u00f3n en Los Cabos -a\u00f1adi\u00f3 el directivo- y tienen una demanda muy alta, se han posicionado muy bien en ese mercado, hay muchos l\u00edderes de opini\u00f3n, artistas, pol\u00edticos que lo eligen como su lugar de descanso, tambi\u00e9n hay una oferta grande de vivienda de alto nivel, que le da cierta base al destino para atraer a\u00fan m\u00e1s a este tipo de visitantes.<\/p>\n<div><strong><br \/>\n<\/strong><\/div>\n","protected":false},"excerpt":{"rendered":"<p>&nbsp; Velas Resorts consolida su plan para la construcci\u00f3n de un complejo en Los Cabos bajo&hellip;<\/p>\n","protected":false},"author":69,"featured_media":16367,"comment_status":"open","ping_status":"open","sticky":false,"template":"","format":"standard","meta":{"_acf_changed":false,"_lmt_disableupdate":"","_lmt_disable":"","_mbp_gutenberg_autopost":false,"footnotes":""},"categories":[4,23],"tags":[],"class_list":["post-16364","post","type-post","status-publish","format-standard","has-post-thumbnail","hentry","category-empresas-y-negocios","category-noticias"],"acf":[],"yoast_head":"<!-- This site is optimized with the Yoast SEO plugin v27.3 - https:\/\/yoast.com\/product\/yoast-seo-wordpress\/ -->\n<title>Soltando vela | Revista Latitud 21<\/title>\n<meta name=\"description\" content=\"L21, Emprendedores y Negocios en el Caribe Mexicano, es la revista l\u00edder entre el Sector Empresarial y Tur\u00edstico del Caribe Mexicano.\" \/>\n<meta name=\"robots\" content=\"index, follow, max-snippet:-1, max-image-preview:large, max-video-preview:-1\" \/>\n<link rel=\"canonical\" href=\"https:\/\/l21.mx\/?p=16364\" \/>\n<meta name=\"twitter:card\" content=\"summary_large_image\" \/>\n<meta name=\"twitter:title\" content=\"Soltando vela | Revista Latitud 21\" \/>\n<meta name=\"twitter:description\" content=\"L21, Emprendedores y Negocios en el Caribe Mexicano, es la revista l\u00edder entre el Sector Empresarial y Tur\u00edstico del Caribe Mexicano.\" \/>\n<meta name=\"twitter:image\" content=\"https:\/\/l21.mx\/wp-content\/uploads\/2016\/02\/Velas-Resorts.jpg\" \/>\n<meta name=\"twitter:creator\" content=\"@Latitud21mx\" \/>\n<meta name=\"twitter:site\" content=\"@Latitud21mx\" \/>\n<meta name=\"twitter:label1\" content=\"Escrito por\" \/>\n\t<meta name=\"twitter:data1\" content=\"Redacci\u00f3n\" \/>\n\t<meta name=\"twitter:label2\" content=\"Tiempo de lectura\" \/>\n\t<meta name=\"twitter:data2\" content=\"3 minutos\" \/>\n<script type=\"application\/ld+json\" class=\"yoast-schema-graph\">{\"@context\":\"https:\\\/\\\/schema.org\",\"@graph\":[{\"@type\":\"Article\",\"@id\":\"https:\\\/\\\/l21.mx\\\/?p=16364#article\",\"isPartOf\":{\"@id\":\"https:\\\/\\\/l21.mx\\\/?p=16364\"},\"author\":{\"name\":\"Redacci\u00f3n\",\"@id\":\"https:\\\/\\\/l21.mx\\\/#\\\/schema\\\/person\\\/066641669c6ee7227953da2a023ebcde\"},\"headline\":\"Soltando vela\",\"datePublished\":\"2016-02-15T18:07:37+00:00\",\"mainEntityOfPage\":{\"@id\":\"https:\\\/\\\/l21.mx\\\/?p=16364\"},\"wordCount\":562,\"commentCount\":0,\"publisher\":{\"@id\":\"https:\\\/\\\/l21.mx\\\/#organization\"},\"image\":{\"@id\":\"https:\\\/\\\/l21.mx\\\/?p=16364#primaryimage\"},\"thumbnailUrl\":\"https:\\\/\\\/l21.mx\\\/wp-content\\\/uploads\\\/2016\\\/02\\\/Velas-Resorts.jpg\",\"articleSection\":[\"Empresas y Negocios\",\"Noticias\"],\"inLanguage\":\"es\",\"potentialAction\":[{\"@type\":\"CommentAction\",\"name\":\"Comment\",\"target\":[\"https:\\\/\\\/l21.mx\\\/?p=16364#respond\"]}]},{\"@type\":\"WebPage\",\"@id\":\"https:\\\/\\\/l21.mx\\\/?p=16364\",\"url\":\"https:\\\/\\\/l21.mx\\\/?p=16364\",\"name\":\"Soltando vela | Revista Latitud 21\",\"isPartOf\":{\"@id\":\"https:\\\/\\\/l21.mx\\\/#website\"},\"primaryImageOfPage\":{\"@id\":\"https:\\\/\\\/l21.mx\\\/?p=16364#primaryimage\"},\"image\":{\"@id\":\"https:\\\/\\\/l21.mx\\\/?p=16364#primaryimage\"},\"thumbnailUrl\":\"https:\\\/\\\/l21.mx\\\/wp-content\\\/uploads\\\/2016\\\/02\\\/Velas-Resorts.jpg\",\"datePublished\":\"2016-02-15T18:07:37+00:00\",\"description\":\"L21, Emprendedores y Negocios en el Caribe Mexicano, es la revista l\u00edder entre el Sector Empresarial y Tur\u00edstico del Caribe Mexicano.\",\"breadcrumb\":{\"@id\":\"https:\\\/\\\/l21.mx\\\/?p=16364#breadcrumb\"},\"inLanguage\":\"es\",\"potentialAction\":[{\"@type\":\"ReadAction\",\"target\":[\"https:\\\/\\\/l21.mx\\\/?p=16364\"]}]},{\"@type\":\"ImageObject\",\"inLanguage\":\"es\",\"@id\":\"https:\\\/\\\/l21.mx\\\/?p=16364#primaryimage\",\"url\":\"https:\\\/\\\/l21.mx\\\/wp-content\\\/uploads\\\/2016\\\/02\\\/Velas-Resorts.jpg\",\"contentUrl\":\"https:\\\/\\\/l21.mx\\\/wp-content\\\/uploads\\\/2016\\\/02\\\/Velas-Resorts.jpg\",\"width\":585,\"height\":340},{\"@type\":\"BreadcrumbList\",\"@id\":\"https:\\\/\\\/l21.mx\\\/?p=16364#breadcrumb\",\"itemListElement\":[{\"@type\":\"ListItem\",\"position\":1,\"name\":\"Portada\",\"item\":\"https:\\\/\\\/l21.mx\\\/\"},{\"@type\":\"ListItem\",\"position\":2,\"name\":\"Soltando vela\"}]},{\"@type\":\"WebSite\",\"@id\":\"https:\\\/\\\/l21.mx\\\/#website\",\"url\":\"https:\\\/\\\/l21.mx\\\/\",\"name\":\"Revista Latitud 21\",\"description\":\"Emprendedores  y negocios en el Caribe Mexicano\",\"publisher\":{\"@id\":\"https:\\\/\\\/l21.mx\\\/#organization\"},\"potentialAction\":[{\"@type\":\"SearchAction\",\"target\":{\"@type\":\"EntryPoint\",\"urlTemplate\":\"https:\\\/\\\/l21.mx\\\/?s={search_term_string}\"},\"query-input\":{\"@type\":\"PropertyValueSpecification\",\"valueRequired\":true,\"valueName\":\"search_term_string\"}}],\"inLanguage\":\"es\"},{\"@type\":\"Organization\",\"@id\":\"https:\\\/\\\/l21.mx\\\/#organization\",\"name\":\"Grupo Editorial Latitud 21 SA de CV\",\"url\":\"https:\\\/\\\/l21.mx\\\/\",\"logo\":{\"@type\":\"ImageObject\",\"inLanguage\":\"es\",\"@id\":\"https:\\\/\\\/l21.mx\\\/#\\\/schema\\\/logo\\\/image\\\/\",\"url\":\"https:\\\/\\\/l21.mx\\\/wp-content\\\/uploads\\\/2020\\\/10\\\/logo-l21-baja.jpg\",\"contentUrl\":\"https:\\\/\\\/l21.mx\\\/wp-content\\\/uploads\\\/2020\\\/10\\\/logo-l21-baja.jpg\",\"width\":250,\"height\":250,\"caption\":\"Grupo Editorial Latitud 21 SA de CV\"},\"image\":{\"@id\":\"https:\\\/\\\/l21.mx\\\/#\\\/schema\\\/logo\\\/image\\\/\"},\"sameAs\":[\"https:\\\/\\\/www.facebook.com\\\/RevistaLatitud21\\\/\",\"https:\\\/\\\/x.com\\\/Latitud21mx\"]},{\"@type\":\"Person\",\"@id\":\"https:\\\/\\\/l21.mx\\\/#\\\/schema\\\/person\\\/066641669c6ee7227953da2a023ebcde\",\"name\":\"Redacci\u00f3n\",\"url\":\"https:\\\/\\\/l21.mx\\\/?author=69\"}]}<\/script>\n<!-- \/ Yoast SEO plugin. -->","yoast_head_json":{"title":"Soltando vela | Revista Latitud 21","description":"L21, Emprendedores y Negocios en el Caribe Mexicano, es la revista l\u00edder entre el Sector Empresarial y Tur\u00edstico del Caribe Mexicano.","robots":{"index":"index","follow":"follow","max-snippet":"max-snippet:-1","max-image-preview":"max-image-preview:large","max-video-preview":"max-video-preview:-1"},"canonical":"https:\/\/l21.mx\/?p=16364","twitter_card":"summary_large_image","twitter_title":"Soltando vela | Revista Latitud 21","twitter_description":"L21, Emprendedores y Negocios en el Caribe Mexicano, es la revista l\u00edder entre el Sector Empresarial y Tur\u00edstico del Caribe Mexicano.","twitter_image":"https:\/\/l21.mx\/wp-content\/uploads\/2016\/02\/Velas-Resorts.jpg","twitter_creator":"@Latitud21mx","twitter_site":"@Latitud21mx","twitter_misc":{"Escrito por":"Redacci\u00f3n","Tiempo de lectura":"3 minutos"},"schema":{"@context":"https:\/\/schema.org","@graph":[{"@type":"Article","@id":"https:\/\/l21.mx\/?p=16364#article","isPartOf":{"@id":"https:\/\/l21.mx\/?p=16364"},"author":{"name":"Redacci\u00f3n","@id":"https:\/\/l21.mx\/#\/schema\/person\/066641669c6ee7227953da2a023ebcde"},"headline":"Soltando vela","datePublished":"2016-02-15T18:07:37+00:00","mainEntityOfPage":{"@id":"https:\/\/l21.mx\/?p=16364"},"wordCount":562,"commentCount":0,"publisher":{"@id":"https:\/\/l21.mx\/#organization"},"image":{"@id":"https:\/\/l21.mx\/?p=16364#primaryimage"},"thumbnailUrl":"https:\/\/l21.mx\/wp-content\/uploads\/2016\/02\/Velas-Resorts.jpg","articleSection":["Empresas y Negocios","Noticias"],"inLanguage":"es","potentialAction":[{"@type":"CommentAction","name":"Comment","target":["https:\/\/l21.mx\/?p=16364#respond"]}]},{"@type":"WebPage","@id":"https:\/\/l21.mx\/?p=16364","url":"https:\/\/l21.mx\/?p=16364","name":"Soltando vela | Revista Latitud 21","isPartOf":{"@id":"https:\/\/l21.mx\/#website"},"primaryImageOfPage":{"@id":"https:\/\/l21.mx\/?p=16364#primaryimage"},"image":{"@id":"https:\/\/l21.mx\/?p=16364#primaryimage"},"thumbnailUrl":"https:\/\/l21.mx\/wp-content\/uploads\/2016\/02\/Velas-Resorts.jpg","datePublished":"2016-02-15T18:07:37+00:00","description":"L21, Emprendedores y Negocios en el Caribe Mexicano, es la revista l\u00edder entre el Sector Empresarial y Tur\u00edstico del Caribe Mexicano.","breadcrumb":{"@id":"https:\/\/l21.mx\/?p=16364#breadcrumb"},"inLanguage":"es","potentialAction":[{"@type":"ReadAction","target":["https:\/\/l21.mx\/?p=16364"]}]},{"@type":"ImageObject","inLanguage":"es","@id":"https:\/\/l21.mx\/?p=16364#primaryimage","url":"https:\/\/l21.mx\/wp-content\/uploads\/2016\/02\/Velas-Resorts.jpg","contentUrl":"https:\/\/l21.mx\/wp-content\/uploads\/2016\/02\/Velas-Resorts.jpg","width":585,"height":340},{"@type":"BreadcrumbList","@id":"https:\/\/l21.mx\/?p=16364#breadcrumb","itemListElement":[{"@type":"ListItem","position":1,"name":"Portada","item":"https:\/\/l21.mx\/"},{"@type":"ListItem","position":2,"name":"Soltando vela"}]},{"@type":"WebSite","@id":"https:\/\/l21.mx\/#website","url":"https:\/\/l21.mx\/","name":"Revista Latitud 21","description":"Emprendedores  y negocios en el Caribe Mexicano","publisher":{"@id":"https:\/\/l21.mx\/#organization"},"potentialAction":[{"@type":"SearchAction","target":{"@type":"EntryPoint","urlTemplate":"https:\/\/l21.mx\/?s={search_term_string}"},"query-input":{"@type":"PropertyValueSpecification","valueRequired":true,"valueName":"search_term_string"}}],"inLanguage":"es"},{"@type":"Organization","@id":"https:\/\/l21.mx\/#organization","name":"Grupo Editorial Latitud 21 SA de CV","url":"https:\/\/l21.mx\/","logo":{"@type":"ImageObject","inLanguage":"es","@id":"https:\/\/l21.mx\/#\/schema\/logo\/image\/","url":"https:\/\/l21.mx\/wp-content\/uploads\/2020\/10\/logo-l21-baja.jpg","contentUrl":"https:\/\/l21.mx\/wp-content\/uploads\/2020\/10\/logo-l21-baja.jpg","width":250,"height":250,"caption":"Grupo Editorial Latitud 21 SA de CV"},"image":{"@id":"https:\/\/l21.mx\/#\/schema\/logo\/image\/"},"sameAs":["https:\/\/www.facebook.com\/RevistaLatitud21\/","https:\/\/x.com\/Latitud21mx"]},{"@type":"Person","@id":"https:\/\/l21.mx\/#\/schema\/person\/066641669c6ee7227953da2a023ebcde","name":"Redacci\u00f3n","url":"https:\/\/l21.mx\/?author=69"}]}},"amp_enabled":true,"_links":{"self":[{"href":"https:\/\/l21.mx\/index.php?rest_route=\/wp\/v2\/posts\/16364","targetHints":{"allow":["GET"]}}],"collection":[{"href":"https:\/\/l21.mx\/index.php?rest_route=\/wp\/v2\/posts"}],"about":[{"href":"https:\/\/l21.mx\/index.php?rest_route=\/wp\/v2\/types\/post"}],"author":[{"embeddable":true,"href":"https:\/\/l21.mx\/index.php?rest_route=\/wp\/v2\/users\/69"}],"replies":[{"embeddable":true,"href":"https:\/\/l21.mx\/index.php?rest_route=%2Fwp%2Fv2%2Fcomments&post=16364"}],"version-history":[{"count":0,"href":"https:\/\/l21.mx\/index.php?rest_route=\/wp\/v2\/posts\/16364\/revisions"}],"wp:featuredmedia":[{"embeddable":true,"href":"https:\/\/l21.mx\/index.php?rest_route=\/wp\/v2\/media\/16367"}],"wp:attachment":[{"href":"https:\/\/l21.mx\/index.php?rest_route=%2Fwp%2Fv2%2Fmedia&parent=16364"}],"wp:term":[{"taxonomy":"category","embeddable":true,"href":"https:\/\/l21.mx\/index.php?rest_route=%2Fwp%2Fv2%2Fcategories&post=16364"},{"taxonomy":"post_tag","embeddable":true,"href":"https:\/\/l21.mx\/index.php?rest_route=%2Fwp%2Fv2%2Ftags&post=16364"}],"curies":[{"name":"wp","href":"https:\/\/api.w.org\/{rel}","templated":true}]}}