{"id":1662,"date":"2013-02-01T12:41:37","date_gmt":"2013-02-01T18:41:37","guid":{"rendered":"http:\/\/innovatori.space\/lat21\/?p=1662"},"modified":"2013-02-01T12:41:37","modified_gmt":"2013-02-01T18:41:37","slug":"congreso-regional-america-tedqual","status":"publish","type":"post","link":"https:\/\/l21.mx\/?p=1662","title":{"rendered":"Congreso Regional Am\u00e9rica TedQual"},"content":{"rendered":"<p><strong><span style=\"color: #000000;\"><span style=\"color: #993300;\"><a href=\"http:\/\/l21.mx\/wp-content\/uploads\/2013\/02\/TED-QUAL-1.jpg\" data-rel=\"penci-gallery-image-content\" ><img fetchpriority=\"high\" decoding=\"async\" class=\"alignleft size-medium wp-image-1663\" title=\"TED QUAL (1)\" src=\"http:\/\/l21.mx\/wp-content\/uploads\/2013\/02\/TED-QUAL-1-300x199.jpg\" alt=\"canc\u00fan &quot;revista latitud21&quot; latitud21 &quot;Caribe Mexicano&quot; latitud 21 &quot;Grupo editorial Latitud21&quot;\" width=\"300\" height=\"199\" srcset=\"https:\/\/l21.mx\/wp-content\/uploads\/2013\/02\/TED-QUAL-1-300x199.jpg 300w, https:\/\/l21.mx\/wp-content\/uploads\/2013\/02\/TED-QUAL-1-1024x679.jpg 1024w, https:\/\/l21.mx\/wp-content\/uploads\/2013\/02\/TED-QUAL-1-128x85.jpg 128w, https:\/\/l21.mx\/wp-content\/uploads\/2013\/02\/TED-QUAL-1-600x398.jpg 600w, https:\/\/l21.mx\/wp-content\/uploads\/2013\/02\/TED-QUAL-1-167x110.jpg 167w, https:\/\/l21.mx\/wp-content\/uploads\/2013\/02\/TED-QUAL-1-80x53.jpg 80w, https:\/\/l21.mx\/wp-content\/uploads\/2013\/02\/TED-QUAL-1.jpg 1500w\" sizes=\"(max-width: 300px) 100vw, 300px\" \/><\/a>Qu\u00e9:\u00a0<\/span>Congreso Regional\u00a0Am\u00e9rica TedQual<\/span><\/strong><\/p>\n<p><strong><span style=\"color: #000000;\"><span style=\"color: #993300;\">D\u00f3nde:\u00a0<\/span>Universidad del Caribe<\/span><\/strong><\/p>\n<p><strong><span style=\"color: #000000;\"><span style=\"color: #993300;\">Cu\u00e1ndo:\u00a0<\/span>Enero 2013<\/span><\/strong><\/p>\n<p>Durante cuatro\u00a0 d\u00edas especialistas nacionales e internacionales se dieron cita en esta reuni\u00f3n regional\u00a0 (Tourism Education Quality), donde se dialog\u00f3 respecto de la importancia que lleva consigo la designaci\u00f3n de patrimonio cultural e intangible reconocido por la Unesco, por lo que durante las jornadas se abord\u00f3\u00a0 el\u00a0 comportamiento de los operadores de turismo en torno a esta declaratoria. De igual forma en el marco de este congreso se hizo entrega de\u00a0 la propuesta que se integr\u00f3 y que ya pas\u00f3 la primera etapa para ser evaluada en la Unesco sobre considerar como patrimonio de la humanidad las Rutas Mar\u00edtimas Mayas. El rector de la Universidad del Caribe, Arturo Escaip Manzur, record\u00f3 que este fue el primer evento organizado por la instituci\u00f3n a un a\u00f1o de haber obtenido la certificaci\u00f3n de la Organizaci\u00f3n Mundial del Turismo (OMT).\u00a0 En el mismo tenor, como parte de su compromiso tur\u00edstico, la OMT, la\u00a0 Unicaribe y empresarios firmaron una carta compromiso para permitir que estudiantes de otras instituciones certificadas puedan realizar sus pr\u00e1cticas profesionales por medio de la Unicab.<\/p>\n<div><\/div>\n<p>[editor]bitacora[\/editor]<\/p>\n","protected":false},"excerpt":{"rendered":"<p>Qu\u00e9:\u00a0Congreso Regional\u00a0Am\u00e9rica TedQual D\u00f3nde:\u00a0Universidad del Caribe Cu\u00e1ndo:\u00a0Enero 2013 Durante cuatro\u00a0 d\u00edas especialistas nacionales e internacionales se&hellip;<\/p>\n","protected":false},"author":2,"featured_media":1664,"comment_status":"open","ping_status":"open","sticky":false,"template":"","format":"standard","meta":{"_acf_changed":false,"_lmt_disableupdate":"","_lmt_disable":"","_mbp_gutenberg_autopost":false,"footnotes":""},"categories":[1],"tags":[],"class_list":["post-1662","post","type-post","status-publish","format-standard","has-post-thumbnail","hentry","category-sin-categoria"],"acf":[],"_links":{"self":[{"href":"https:\/\/l21.mx\/index.php?rest_route=\/wp\/v2\/posts\/1662","targetHints":{"allow":["GET"]}}],"collection":[{"href":"https:\/\/l21.mx\/index.php?rest_route=\/wp\/v2\/posts"}],"about":[{"href":"https:\/\/l21.mx\/index.php?rest_route=\/wp\/v2\/types\/post"}],"author":[{"embeddable":true,"href":"https:\/\/l21.mx\/index.php?rest_route=\/wp\/v2\/users\/2"}],"replies":[{"embeddable":true,"href":"https:\/\/l21.mx\/index.php?rest_route=%2Fwp%2Fv2%2Fcomments&post=1662"}],"version-history":[{"count":0,"href":"https:\/\/l21.mx\/index.php?rest_route=\/wp\/v2\/posts\/1662\/revisions"}],"wp:featuredmedia":[{"embeddable":true,"href":"https:\/\/l21.mx\/index.php?rest_route=\/wp\/v2\/media\/1664"}],"wp:attachment":[{"href":"https:\/\/l21.mx\/index.php?rest_route=%2Fwp%2Fv2%2Fmedia&parent=1662"}],"wp:term":[{"taxonomy":"category","embeddable":true,"href":"https:\/\/l21.mx\/index.php?rest_route=%2Fwp%2Fv2%2Fcategories&post=1662"},{"taxonomy":"post_tag","embeddable":true,"href":"https:\/\/l21.mx\/index.php?rest_route=%2Fwp%2Fv2%2Ftags&post=1662"}],"curies":[{"name":"wp","href":"https:\/\/api.w.org\/{rel}","templated":true}]}}