{"id":1678,"date":"2013-02-01T16:37:27","date_gmt":"2013-02-01T22:37:27","guid":{"rendered":"http:\/\/innovatori.space\/lat21\/?p=1678"},"modified":"2013-02-01T16:41:17","modified_gmt":"2013-02-01T22:41:17","slug":"la-puerta-de-alcala-%e2%86%93%e2%86%93","status":"publish","type":"post","link":"https:\/\/l21.mx\/?p=1678","title":{"rendered":"La Puerta de Alcal\u00e1 \u2193\u2193"},"content":{"rendered":"<p><a href=\"http:\/\/l21.mx\/wp-content\/uploads\/2013\/02\/LA-PUERTA-DE-ALCALA-31.jpg\" data-rel=\"penci-gallery-image-content\" ><img fetchpriority=\"high\" decoding=\"async\" class=\"alignleft size-medium wp-image-1680\" title=\"LA PUERTA DE ALCALA Cancun\" src=\"http:\/\/l21.mx\/wp-content\/uploads\/2013\/02\/LA-PUERTA-DE-ALCALA-31-300x199.jpg\" alt=\"canc\u00fan &quot;revista latitud21&quot; latitud21 &quot;Caribe Mexicano&quot; latitud 21 &quot;Grupo editorial Latitud21&quot;\" width=\"300\" height=\"199\" srcset=\"https:\/\/l21.mx\/wp-content\/uploads\/2013\/02\/LA-PUERTA-DE-ALCALA-31-300x199.jpg 300w, https:\/\/l21.mx\/wp-content\/uploads\/2013\/02\/LA-PUERTA-DE-ALCALA-31-1024x679.jpg 1024w, https:\/\/l21.mx\/wp-content\/uploads\/2013\/02\/LA-PUERTA-DE-ALCALA-31-128x85.jpg 128w, https:\/\/l21.mx\/wp-content\/uploads\/2013\/02\/LA-PUERTA-DE-ALCALA-31-600x398.jpg 600w, https:\/\/l21.mx\/wp-content\/uploads\/2013\/02\/LA-PUERTA-DE-ALCALA-31-167x110.jpg 167w, https:\/\/l21.mx\/wp-content\/uploads\/2013\/02\/LA-PUERTA-DE-ALCALA-31-80x53.jpg 80w, https:\/\/l21.mx\/wp-content\/uploads\/2013\/02\/LA-PUERTA-DE-ALCALA-31.jpg 1500w\" sizes=\"(max-width: 300px) 100vw, 300px\" \/><\/a>Luego de una renovaci\u00f3n de imagen, Grupo Ol\u00e9 Fun &amp; Entertainment, dirigido por\u00a0 Ara Arakelian, cerr\u00f3 las puertas de su concepto de bar-karaoke despu\u00e9s de a\u00f1o y medio de operaciones. Se localizaba en el \u00e1rea comercial del hotel B2B, en Av. Sayil.<\/p>\n<div><\/div>\n<div><\/div>\n<div>\n<p>[editor]sube-y-baja[\/editor]<\/p>\n<\/div>\n","protected":false},"excerpt":{"rendered":"<p>Luego de una renovaci\u00f3n de imagen, Grupo Ol\u00e9 Fun &amp; Entertainment, dirigido por\u00a0 Ara Arakelian, cerr\u00f3&hellip;<\/p>\n","protected":false},"author":2,"featured_media":1680,"comment_status":"open","ping_status":"open","sticky":false,"template":"","format":"standard","meta":{"_acf_changed":false,"_lmt_disableupdate":"","_lmt_disable":"","_mbp_gutenberg_autopost":false,"footnotes":""},"categories":[10],"tags":[],"class_list":["post-1678","post","type-post","status-publish","format-standard","has-post-thumbnail","hentry","category-sube-y-baja"],"acf":[],"_links":{"self":[{"href":"https:\/\/l21.mx\/index.php?rest_route=\/wp\/v2\/posts\/1678","targetHints":{"allow":["GET"]}}],"collection":[{"href":"https:\/\/l21.mx\/index.php?rest_route=\/wp\/v2\/posts"}],"about":[{"href":"https:\/\/l21.mx\/index.php?rest_route=\/wp\/v2\/types\/post"}],"author":[{"embeddable":true,"href":"https:\/\/l21.mx\/index.php?rest_route=\/wp\/v2\/users\/2"}],"replies":[{"embeddable":true,"href":"https:\/\/l21.mx\/index.php?rest_route=%2Fwp%2Fv2%2Fcomments&post=1678"}],"version-history":[{"count":0,"href":"https:\/\/l21.mx\/index.php?rest_route=\/wp\/v2\/posts\/1678\/revisions"}],"wp:featuredmedia":[{"embeddable":true,"href":"https:\/\/l21.mx\/index.php?rest_route=\/wp\/v2\/media\/1680"}],"wp:attachment":[{"href":"https:\/\/l21.mx\/index.php?rest_route=%2Fwp%2Fv2%2Fmedia&parent=1678"}],"wp:term":[{"taxonomy":"category","embeddable":true,"href":"https:\/\/l21.mx\/index.php?rest_route=%2Fwp%2Fv2%2Fcategories&post=1678"},{"taxonomy":"post_tag","embeddable":true,"href":"https:\/\/l21.mx\/index.php?rest_route=%2Fwp%2Fv2%2Ftags&post=1678"}],"curies":[{"name":"wp","href":"https:\/\/api.w.org\/{rel}","templated":true}]}}