{"id":1692,"date":"2013-02-01T16:49:14","date_gmt":"2013-02-01T22:49:14","guid":{"rendered":"http:\/\/innovatori.space\/lat21\/?p=1692"},"modified":"2013-02-01T16:49:14","modified_gmt":"2013-02-01T22:49:14","slug":"la-casa-de-los-abuelos-%e2%86%91%e2%86%91","status":"publish","type":"post","link":"https:\/\/l21.mx\/?p=1692","title":{"rendered":"LA CASA DE LOS ABUELOS  \u2191\u2191"},"content":{"rendered":"<p><a href=\"http:\/\/l21.mx\/wp-content\/uploads\/2013\/02\/la-casa-de-los-abuelos1.jpg\" data-rel=\"penci-gallery-image-content\" ><img fetchpriority=\"high\" decoding=\"async\" class=\"alignleft size-medium wp-image-1694\" title=\"la casa de los abuelos\" src=\"http:\/\/l21.mx\/wp-content\/uploads\/2013\/02\/la-casa-de-los-abuelos1-300x225.jpg\" alt=\"\" width=\"300\" height=\"225\" srcset=\"https:\/\/l21.mx\/wp-content\/uploads\/2013\/02\/la-casa-de-los-abuelos1-300x225.jpg 300w, https:\/\/l21.mx\/wp-content\/uploads\/2013\/02\/la-casa-de-los-abuelos1-1024x768.jpg 1024w, https:\/\/l21.mx\/wp-content\/uploads\/2013\/02\/la-casa-de-los-abuelos1-113x85.jpg 113w, https:\/\/l21.mx\/wp-content\/uploads\/2013\/02\/la-casa-de-los-abuelos1-600x450.jpg 600w, https:\/\/l21.mx\/wp-content\/uploads\/2013\/02\/la-casa-de-los-abuelos1-167x125.jpg 167w, https:\/\/l21.mx\/wp-content\/uploads\/2013\/02\/la-casa-de-los-abuelos1-80x60.jpg 80w, https:\/\/l21.mx\/wp-content\/uploads\/2013\/02\/la-casa-de-los-abuelos1.jpg 1500w\" sizes=\"(max-width: 300px) 100vw, 300px\" \/><\/a>Con la ampliaci\u00f3n a un segundo piso en la sucursal Cob\u00e1, La Casa de los Abuelos agrega nuevos servicios a su concepto de restaurante de comida y antojitos mexicanos, ahora con otra \u00e1rea de ni\u00f1os y salones privados para conferencias empresariales y eventos, adem\u00e1s de ampliar la panader\u00eda y edificar una pasteler\u00eda. Superficie: dos mil metros cuadrados. Capacidad, 500 pax. Empleos directos 100, indirectos 200. Av. Cob\u00e1, Plaza Las Palmas. Tel. (998) 887-94-42. Mail: eventos@lacasadelosabuelos.com.mx<\/p>\n<div>\n<p>[editor]sube-y-baja[\/editor]<\/p>\n<\/div>\n","protected":false},"excerpt":{"rendered":"<p>Con la ampliaci\u00f3n a un segundo piso en la sucursal Cob\u00e1, La Casa de los Abuelos&hellip;<\/p>\n","protected":false},"author":2,"featured_media":1694,"comment_status":"open","ping_status":"open","sticky":false,"template":"","format":"standard","meta":{"_acf_changed":false,"_lmt_disableupdate":"","_lmt_disable":"","_mbp_gutenberg_autopost":false,"footnotes":""},"categories":[10],"tags":[],"class_list":["post-1692","post","type-post","status-publish","format-standard","has-post-thumbnail","hentry","category-sube-y-baja"],"acf":[],"_links":{"self":[{"href":"https:\/\/l21.mx\/index.php?rest_route=\/wp\/v2\/posts\/1692","targetHints":{"allow":["GET"]}}],"collection":[{"href":"https:\/\/l21.mx\/index.php?rest_route=\/wp\/v2\/posts"}],"about":[{"href":"https:\/\/l21.mx\/index.php?rest_route=\/wp\/v2\/types\/post"}],"author":[{"embeddable":true,"href":"https:\/\/l21.mx\/index.php?rest_route=\/wp\/v2\/users\/2"}],"replies":[{"embeddable":true,"href":"https:\/\/l21.mx\/index.php?rest_route=%2Fwp%2Fv2%2Fcomments&post=1692"}],"version-history":[{"count":0,"href":"https:\/\/l21.mx\/index.php?rest_route=\/wp\/v2\/posts\/1692\/revisions"}],"wp:featuredmedia":[{"embeddable":true,"href":"https:\/\/l21.mx\/index.php?rest_route=\/wp\/v2\/media\/1694"}],"wp:attachment":[{"href":"https:\/\/l21.mx\/index.php?rest_route=%2Fwp%2Fv2%2Fmedia&parent=1692"}],"wp:term":[{"taxonomy":"category","embeddable":true,"href":"https:\/\/l21.mx\/index.php?rest_route=%2Fwp%2Fv2%2Fcategories&post=1692"},{"taxonomy":"post_tag","embeddable":true,"href":"https:\/\/l21.mx\/index.php?rest_route=%2Fwp%2Fv2%2Ftags&post=1692"}],"curies":[{"name":"wp","href":"https:\/\/api.w.org\/{rel}","templated":true}]}}