{"id":1717,"date":"2013-02-01T17:03:24","date_gmt":"2013-02-01T23:03:24","guid":{"rendered":"http:\/\/innovatori.space\/lat21\/?p=1717"},"modified":"2013-02-01T17:03:24","modified_gmt":"2013-02-01T23:03:24","slug":"palazzo-%e2%86%91%e2%86%91","status":"publish","type":"post","link":"https:\/\/l21.mx\/?p=1717","title":{"rendered":"PALAZZO  \u2191\u2191"},"content":{"rendered":"<p><a href=\"http:\/\/l21.mx\/wp-content\/uploads\/2013\/02\/PALAZZO.jpg\" data-rel=\"penci-gallery-image-content\" ><img fetchpriority=\"high\" decoding=\"async\" class=\"alignleft size-medium wp-image-1718\" title=\"PALAZZO\" src=\"http:\/\/l21.mx\/wp-content\/uploads\/2013\/02\/PALAZZO-300x199.jpg\" alt=\"canc\u00fan &quot;revista latitud21&quot; latitud21 &quot;Caribe Mexicano&quot; latitud 21 &quot;Grupo editorial Latitud21&quot;\" width=\"300\" height=\"199\" srcset=\"https:\/\/l21.mx\/wp-content\/uploads\/2013\/02\/PALAZZO-300x199.jpg 300w, https:\/\/l21.mx\/wp-content\/uploads\/2013\/02\/PALAZZO-1024x679.jpg 1024w, https:\/\/l21.mx\/wp-content\/uploads\/2013\/02\/PALAZZO-128x85.jpg 128w, https:\/\/l21.mx\/wp-content\/uploads\/2013\/02\/PALAZZO-600x398.jpg 600w, https:\/\/l21.mx\/wp-content\/uploads\/2013\/02\/PALAZZO-167x110.jpg 167w, https:\/\/l21.mx\/wp-content\/uploads\/2013\/02\/PALAZZO-80x53.jpg 80w, https:\/\/l21.mx\/wp-content\/uploads\/2013\/02\/PALAZZO.jpg 1500w\" sizes=\"(max-width: 300px) 100vw, 300px\" \/><\/a><\/p>\n<p>Grupo Mandala sum\u00f3 una nueva oferta a su portafolio de marcas en el sector de entretenimiento nocturno con Palazzo, la cuarta discoteca en el pa\u00eds cuyo concepto se basa en la presentaci\u00f3n de Dj en vivo y conciertos con artistas reconocidos. Establecido en la Zona Hotelera hace seis a\u00f1os, el grupo igualmente tiene bajo su firma a Mandala Club, Cabana Beach y The City. Tiene capacidad para mil 800 personas, en un espacio de mil metros cuadrados. Empleos directos 110, indirectos 200. Blvd. Kukulc\u00e1n Km 9, Zona Hotelera. Tel. 848-83-80. www.palazzodisco.com<\/p>\n<div>\n<p>[editor]sube-y-baja[\/editor]<\/p>\n<\/div>\n","protected":false},"excerpt":{"rendered":"<p>Grupo Mandala sum\u00f3 una nueva oferta a su portafolio de marcas en el sector de entretenimiento&hellip;<\/p>\n","protected":false},"author":2,"featured_media":1719,"comment_status":"open","ping_status":"open","sticky":false,"template":"","format":"standard","meta":{"_acf_changed":false,"_lmt_disableupdate":"","_lmt_disable":"","_mbp_gutenberg_autopost":false,"footnotes":""},"categories":[10],"tags":[],"class_list":["post-1717","post","type-post","status-publish","format-standard","has-post-thumbnail","hentry","category-sube-y-baja"],"acf":[],"_links":{"self":[{"href":"https:\/\/l21.mx\/index.php?rest_route=\/wp\/v2\/posts\/1717","targetHints":{"allow":["GET"]}}],"collection":[{"href":"https:\/\/l21.mx\/index.php?rest_route=\/wp\/v2\/posts"}],"about":[{"href":"https:\/\/l21.mx\/index.php?rest_route=\/wp\/v2\/types\/post"}],"author":[{"embeddable":true,"href":"https:\/\/l21.mx\/index.php?rest_route=\/wp\/v2\/users\/2"}],"replies":[{"embeddable":true,"href":"https:\/\/l21.mx\/index.php?rest_route=%2Fwp%2Fv2%2Fcomments&post=1717"}],"version-history":[{"count":0,"href":"https:\/\/l21.mx\/index.php?rest_route=\/wp\/v2\/posts\/1717\/revisions"}],"wp:featuredmedia":[{"embeddable":true,"href":"https:\/\/l21.mx\/index.php?rest_route=\/wp\/v2\/media\/1719"}],"wp:attachment":[{"href":"https:\/\/l21.mx\/index.php?rest_route=%2Fwp%2Fv2%2Fmedia&parent=1717"}],"wp:term":[{"taxonomy":"category","embeddable":true,"href":"https:\/\/l21.mx\/index.php?rest_route=%2Fwp%2Fv2%2Fcategories&post=1717"},{"taxonomy":"post_tag","embeddable":true,"href":"https:\/\/l21.mx\/index.php?rest_route=%2Fwp%2Fv2%2Ftags&post=1717"}],"curies":[{"name":"wp","href":"https:\/\/api.w.org\/{rel}","templated":true}]}}