{"id":17505,"date":"2016-03-07T11:21:00","date_gmt":"2016-03-07T17:21:00","guid":{"rendered":"http:\/\/innovatori.space\/lat21\/?p=17505"},"modified":"2016-03-07T11:21:00","modified_gmt":"2016-03-07T17:21:00","slug":"reunion-anual-ammpa","status":"publish","type":"post","link":"https:\/\/l21.mx\/?p=17505","title":{"rendered":"Reuni\u00f3n anual AMMPA"},"content":{"rendered":"<ul>\n<li>Qu\u00e9: Reuni\u00f3n anual AMMPA<\/li>\n<li>D\u00f3nde: Occidental Riviera Maya<\/li>\n<li>Cu\u00e1ndo: Febrero<\/li>\n<\/ul>\n<p><a href=\"http:\/\/l21.mx\/wp-content\/uploads\/2016\/03\/Reuni\u00f3n-anual-AMMPA.png\" data-rel=\"penci-gallery-image-content\" ><img fetchpriority=\"high\" decoding=\"async\" class=\"aligncenter size-full wp-image-17507\" title=\"Reuni\u00f3n-anual-AMMPA\" src=\"http:\/\/l21.mx\/wp-content\/uploads\/2016\/03\/Reuni\u00f3n-anual-AMMPA.png\" alt=\"\" width=\"608\" height=\"330\" srcset=\"https:\/\/l21.mx\/wp-content\/uploads\/2016\/03\/Reuni\u00f3n-anual-AMMPA.png 608w, https:\/\/l21.mx\/wp-content\/uploads\/2016\/03\/Reuni\u00f3n-anual-AMMPA-300x163.png 300w, https:\/\/l21.mx\/wp-content\/uploads\/2016\/03\/Reuni\u00f3n-anual-AMMPA-585x318.png 585w\" sizes=\"(max-width: 608px) 100vw, 608px\" \/><\/a><\/p>\n<p>Del 9 al 12 de febrero se llev\u00f3 a cabo en la Riviera Maya, y por primera vez en M\u00e9xico, la reuni\u00f3n anual de la Alianza de Parques y Acuarios de Mam\u00edferos Marinos (AMMPA, por sus siglas en ingl\u00e9s). Al encuentro asistieron m\u00e1s de 80 delegados de organizaciones a nivel mundial y se analiz\u00f3 la situaci\u00f3n de las leyes que regulan la exhibici\u00f3n de mam\u00edferos marinos a nivel internacional, as\u00ed como los esfuerzos de conservaci\u00f3n de la vaquita marina, \u00fanico cet\u00e1ceo end\u00e9mico mexicano. Adem\u00e1s se entregaron acreditaciones para instalaciones que cumplieron con los indicadores y protocolos establecidos por la Alianza durante 2015, entre ellos a Dolphin Discovery Anguila, Coral World Ocean Park, en Islas V\u00edrgenes norteamericanas, y Dolphin Plus Bayside, en Cayo Largo, Florida, Estados Unidos. Roberto S\u00e1nchez, director de Medicina Veterinaria de Dolphin Discovery, la empresa con el mayor n\u00famero de certificados, agradeci\u00f3 la visita de los especialistas a las\u00a0 instalaciones del\u00a0 delfinario en Puerto Aventuras, centro de operaciones del equipo veterinario del grupo, as\u00ed como del programa de reproducci\u00f3n de delfines, manat\u00edes y lobos marinos.<\/p>\n<div><\/div>\n","protected":false},"excerpt":{"rendered":"<p>Qu\u00e9: Reuni\u00f3n anual AMMPA D\u00f3nde: Occidental Riviera Maya Cu\u00e1ndo: Febrero Del 9 al 12 de febrero&hellip;<\/p>\n","protected":false},"author":2,"featured_media":17507,"comment_status":"open","ping_status":"open","sticky":false,"template":"","format":"standard","meta":{"_acf_changed":false,"_lmt_disableupdate":"","_lmt_disable":"","_mbp_gutenberg_autopost":false,"footnotes":""},"categories":[1],"tags":[],"class_list":["post-17505","post","type-post","status-publish","format-standard","has-post-thumbnail","hentry","category-sin-categoria"],"acf":[],"yoast_head":"<!-- This site is optimized with the Yoast SEO plugin v27.3 - https:\/\/yoast.com\/product\/yoast-seo-wordpress\/ -->\n<title>Reuni\u00f3n anual AMMPA | Revista Latitud 21<\/title>\n<meta name=\"description\" content=\"L21, Emprendedores y Negocios en el Caribe Mexicano, es la revista l\u00edder entre el Sector Empresarial y Tur\u00edstico del Caribe Mexicano.\" \/>\n<meta name=\"robots\" content=\"index, follow, max-snippet:-1, max-image-preview:large, max-video-preview:-1\" \/>\n<link rel=\"canonical\" href=\"https:\/\/l21.mx\/?p=17505\" \/>\n<meta name=\"twitter:card\" content=\"summary_large_image\" \/>\n<meta name=\"twitter:title\" content=\"Reuni\u00f3n anual AMMPA | Revista Latitud 21\" \/>\n<meta name=\"twitter:description\" content=\"L21, Emprendedores y Negocios en el Caribe Mexicano, es la revista l\u00edder entre el Sector Empresarial y Tur\u00edstico del Caribe Mexicano.\" \/>\n<meta name=\"twitter:image\" content=\"https:\/\/l21.mx\/wp-content\/uploads\/2016\/03\/Reuni\u00f3n-anual-AMMPA.png\" \/>\n<meta name=\"twitter:creator\" content=\"@Latitud21mx\" \/>\n<meta name=\"twitter:site\" content=\"@Latitud21mx\" \/>\n<meta name=\"twitter:label1\" content=\"Escrito por\" \/>\n\t<meta name=\"twitter:data1\" content=\"Latitud21 Redacci\u00f3n\" \/>\n\t<meta name=\"twitter:label2\" content=\"Tiempo de lectura\" \/>\n\t<meta name=\"twitter:data2\" content=\"1 minuto\" \/>\n<script type=\"application\/ld+json\" class=\"yoast-schema-graph\">{\"@context\":\"https:\\\/\\\/schema.org\",\"@graph\":[{\"@type\":\"Article\",\"@id\":\"https:\\\/\\\/l21.mx\\\/?p=17505#article\",\"isPartOf\":{\"@id\":\"https:\\\/\\\/l21.mx\\\/?p=17505\"},\"author\":{\"name\":\"Latitud21 Redacci\u00f3n\",\"@id\":\"https:\\\/\\\/l21.mx\\\/#\\\/schema\\\/person\\\/4b571cc212089f95579f3b66253728f1\"},\"headline\":\"Reuni\u00f3n anual AMMPA\",\"datePublished\":\"2016-03-07T17:21:00+00:00\",\"mainEntityOfPage\":{\"@id\":\"https:\\\/\\\/l21.mx\\\/?p=17505\"},\"wordCount\":207,\"commentCount\":0,\"publisher\":{\"@id\":\"https:\\\/\\\/l21.mx\\\/#organization\"},\"image\":{\"@id\":\"https:\\\/\\\/l21.mx\\\/?p=17505#primaryimage\"},\"thumbnailUrl\":\"https:\\\/\\\/l21.mx\\\/wp-content\\\/uploads\\\/2016\\\/03\\\/Reuni\u00f3n-anual-AMMPA.png\",\"inLanguage\":\"es\",\"potentialAction\":[{\"@type\":\"CommentAction\",\"name\":\"Comment\",\"target\":[\"https:\\\/\\\/l21.mx\\\/?p=17505#respond\"]}]},{\"@type\":\"WebPage\",\"@id\":\"https:\\\/\\\/l21.mx\\\/?p=17505\",\"url\":\"https:\\\/\\\/l21.mx\\\/?p=17505\",\"name\":\"Reuni\u00f3n anual AMMPA | Revista Latitud 21\",\"isPartOf\":{\"@id\":\"https:\\\/\\\/l21.mx\\\/#website\"},\"primaryImageOfPage\":{\"@id\":\"https:\\\/\\\/l21.mx\\\/?p=17505#primaryimage\"},\"image\":{\"@id\":\"https:\\\/\\\/l21.mx\\\/?p=17505#primaryimage\"},\"thumbnailUrl\":\"https:\\\/\\\/l21.mx\\\/wp-content\\\/uploads\\\/2016\\\/03\\\/Reuni\u00f3n-anual-AMMPA.png\",\"datePublished\":\"2016-03-07T17:21:00+00:00\",\"description\":\"L21, Emprendedores y Negocios en el Caribe Mexicano, es la revista l\u00edder entre el Sector Empresarial y Tur\u00edstico del Caribe Mexicano.\",\"breadcrumb\":{\"@id\":\"https:\\\/\\\/l21.mx\\\/?p=17505#breadcrumb\"},\"inLanguage\":\"es\",\"potentialAction\":[{\"@type\":\"ReadAction\",\"target\":[\"https:\\\/\\\/l21.mx\\\/?p=17505\"]}]},{\"@type\":\"ImageObject\",\"inLanguage\":\"es\",\"@id\":\"https:\\\/\\\/l21.mx\\\/?p=17505#primaryimage\",\"url\":\"https:\\\/\\\/l21.mx\\\/wp-content\\\/uploads\\\/2016\\\/03\\\/Reuni\u00f3n-anual-AMMPA.png\",\"contentUrl\":\"https:\\\/\\\/l21.mx\\\/wp-content\\\/uploads\\\/2016\\\/03\\\/Reuni\u00f3n-anual-AMMPA.png\",\"width\":608,\"height\":330},{\"@type\":\"BreadcrumbList\",\"@id\":\"https:\\\/\\\/l21.mx\\\/?p=17505#breadcrumb\",\"itemListElement\":[{\"@type\":\"ListItem\",\"position\":1,\"name\":\"Portada\",\"item\":\"https:\\\/\\\/l21.mx\\\/\"},{\"@type\":\"ListItem\",\"position\":2,\"name\":\"Reuni\u00f3n anual AMMPA\"}]},{\"@type\":\"WebSite\",\"@id\":\"https:\\\/\\\/l21.mx\\\/#website\",\"url\":\"https:\\\/\\\/l21.mx\\\/\",\"name\":\"Revista Latitud 21\",\"description\":\"Emprendedores  y negocios en el Caribe Mexicano\",\"publisher\":{\"@id\":\"https:\\\/\\\/l21.mx\\\/#organization\"},\"potentialAction\":[{\"@type\":\"SearchAction\",\"target\":{\"@type\":\"EntryPoint\",\"urlTemplate\":\"https:\\\/\\\/l21.mx\\\/?s={search_term_string}\"},\"query-input\":{\"@type\":\"PropertyValueSpecification\",\"valueRequired\":true,\"valueName\":\"search_term_string\"}}],\"inLanguage\":\"es\"},{\"@type\":\"Organization\",\"@id\":\"https:\\\/\\\/l21.mx\\\/#organization\",\"name\":\"Grupo Editorial Latitud 21 SA de CV\",\"url\":\"https:\\\/\\\/l21.mx\\\/\",\"logo\":{\"@type\":\"ImageObject\",\"inLanguage\":\"es\",\"@id\":\"https:\\\/\\\/l21.mx\\\/#\\\/schema\\\/logo\\\/image\\\/\",\"url\":\"https:\\\/\\\/l21.mx\\\/wp-content\\\/uploads\\\/2020\\\/10\\\/logo-l21-baja.jpg\",\"contentUrl\":\"https:\\\/\\\/l21.mx\\\/wp-content\\\/uploads\\\/2020\\\/10\\\/logo-l21-baja.jpg\",\"width\":250,\"height\":250,\"caption\":\"Grupo Editorial Latitud 21 SA de CV\"},\"image\":{\"@id\":\"https:\\\/\\\/l21.mx\\\/#\\\/schema\\\/logo\\\/image\\\/\"},\"sameAs\":[\"https:\\\/\\\/www.facebook.com\\\/RevistaLatitud21\\\/\",\"https:\\\/\\\/x.com\\\/Latitud21mx\"]},{\"@type\":\"Person\",\"@id\":\"https:\\\/\\\/l21.mx\\\/#\\\/schema\\\/person\\\/4b571cc212089f95579f3b66253728f1\",\"name\":\"Latitud21 Redacci\u00f3n\",\"url\":\"https:\\\/\\\/l21.mx\\\/?author=2\"}]}<\/script>\n<!-- \/ Yoast SEO plugin. -->","yoast_head_json":{"title":"Reuni\u00f3n anual AMMPA | Revista Latitud 21","description":"L21, Emprendedores y Negocios en el Caribe Mexicano, es la revista l\u00edder entre el Sector Empresarial y Tur\u00edstico del Caribe Mexicano.","robots":{"index":"index","follow":"follow","max-snippet":"max-snippet:-1","max-image-preview":"max-image-preview:large","max-video-preview":"max-video-preview:-1"},"canonical":"https:\/\/l21.mx\/?p=17505","twitter_card":"summary_large_image","twitter_title":"Reuni\u00f3n anual AMMPA | Revista Latitud 21","twitter_description":"L21, Emprendedores y Negocios en el Caribe Mexicano, es la revista l\u00edder entre el Sector Empresarial y Tur\u00edstico del Caribe Mexicano.","twitter_image":"https:\/\/l21.mx\/wp-content\/uploads\/2016\/03\/Reuni\u00f3n-anual-AMMPA.png","twitter_creator":"@Latitud21mx","twitter_site":"@Latitud21mx","twitter_misc":{"Escrito por":"Latitud21 Redacci\u00f3n","Tiempo de lectura":"1 minuto"},"schema":{"@context":"https:\/\/schema.org","@graph":[{"@type":"Article","@id":"https:\/\/l21.mx\/?p=17505#article","isPartOf":{"@id":"https:\/\/l21.mx\/?p=17505"},"author":{"name":"Latitud21 Redacci\u00f3n","@id":"https:\/\/l21.mx\/#\/schema\/person\/4b571cc212089f95579f3b66253728f1"},"headline":"Reuni\u00f3n anual AMMPA","datePublished":"2016-03-07T17:21:00+00:00","mainEntityOfPage":{"@id":"https:\/\/l21.mx\/?p=17505"},"wordCount":207,"commentCount":0,"publisher":{"@id":"https:\/\/l21.mx\/#organization"},"image":{"@id":"https:\/\/l21.mx\/?p=17505#primaryimage"},"thumbnailUrl":"https:\/\/l21.mx\/wp-content\/uploads\/2016\/03\/Reuni\u00f3n-anual-AMMPA.png","inLanguage":"es","potentialAction":[{"@type":"CommentAction","name":"Comment","target":["https:\/\/l21.mx\/?p=17505#respond"]}]},{"@type":"WebPage","@id":"https:\/\/l21.mx\/?p=17505","url":"https:\/\/l21.mx\/?p=17505","name":"Reuni\u00f3n anual AMMPA | Revista Latitud 21","isPartOf":{"@id":"https:\/\/l21.mx\/#website"},"primaryImageOfPage":{"@id":"https:\/\/l21.mx\/?p=17505#primaryimage"},"image":{"@id":"https:\/\/l21.mx\/?p=17505#primaryimage"},"thumbnailUrl":"https:\/\/l21.mx\/wp-content\/uploads\/2016\/03\/Reuni\u00f3n-anual-AMMPA.png","datePublished":"2016-03-07T17:21:00+00:00","description":"L21, Emprendedores y Negocios en el Caribe Mexicano, es la revista l\u00edder entre el Sector Empresarial y Tur\u00edstico del Caribe Mexicano.","breadcrumb":{"@id":"https:\/\/l21.mx\/?p=17505#breadcrumb"},"inLanguage":"es","potentialAction":[{"@type":"ReadAction","target":["https:\/\/l21.mx\/?p=17505"]}]},{"@type":"ImageObject","inLanguage":"es","@id":"https:\/\/l21.mx\/?p=17505#primaryimage","url":"https:\/\/l21.mx\/wp-content\/uploads\/2016\/03\/Reuni\u00f3n-anual-AMMPA.png","contentUrl":"https:\/\/l21.mx\/wp-content\/uploads\/2016\/03\/Reuni\u00f3n-anual-AMMPA.png","width":608,"height":330},{"@type":"BreadcrumbList","@id":"https:\/\/l21.mx\/?p=17505#breadcrumb","itemListElement":[{"@type":"ListItem","position":1,"name":"Portada","item":"https:\/\/l21.mx\/"},{"@type":"ListItem","position":2,"name":"Reuni\u00f3n anual AMMPA"}]},{"@type":"WebSite","@id":"https:\/\/l21.mx\/#website","url":"https:\/\/l21.mx\/","name":"Revista Latitud 21","description":"Emprendedores  y negocios en el Caribe Mexicano","publisher":{"@id":"https:\/\/l21.mx\/#organization"},"potentialAction":[{"@type":"SearchAction","target":{"@type":"EntryPoint","urlTemplate":"https:\/\/l21.mx\/?s={search_term_string}"},"query-input":{"@type":"PropertyValueSpecification","valueRequired":true,"valueName":"search_term_string"}}],"inLanguage":"es"},{"@type":"Organization","@id":"https:\/\/l21.mx\/#organization","name":"Grupo Editorial Latitud 21 SA de CV","url":"https:\/\/l21.mx\/","logo":{"@type":"ImageObject","inLanguage":"es","@id":"https:\/\/l21.mx\/#\/schema\/logo\/image\/","url":"https:\/\/l21.mx\/wp-content\/uploads\/2020\/10\/logo-l21-baja.jpg","contentUrl":"https:\/\/l21.mx\/wp-content\/uploads\/2020\/10\/logo-l21-baja.jpg","width":250,"height":250,"caption":"Grupo Editorial Latitud 21 SA de CV"},"image":{"@id":"https:\/\/l21.mx\/#\/schema\/logo\/image\/"},"sameAs":["https:\/\/www.facebook.com\/RevistaLatitud21\/","https:\/\/x.com\/Latitud21mx"]},{"@type":"Person","@id":"https:\/\/l21.mx\/#\/schema\/person\/4b571cc212089f95579f3b66253728f1","name":"Latitud21 Redacci\u00f3n","url":"https:\/\/l21.mx\/?author=2"}]}},"amp_enabled":true,"_links":{"self":[{"href":"https:\/\/l21.mx\/index.php?rest_route=\/wp\/v2\/posts\/17505","targetHints":{"allow":["GET"]}}],"collection":[{"href":"https:\/\/l21.mx\/index.php?rest_route=\/wp\/v2\/posts"}],"about":[{"href":"https:\/\/l21.mx\/index.php?rest_route=\/wp\/v2\/types\/post"}],"author":[{"embeddable":true,"href":"https:\/\/l21.mx\/index.php?rest_route=\/wp\/v2\/users\/2"}],"replies":[{"embeddable":true,"href":"https:\/\/l21.mx\/index.php?rest_route=%2Fwp%2Fv2%2Fcomments&post=17505"}],"version-history":[{"count":0,"href":"https:\/\/l21.mx\/index.php?rest_route=\/wp\/v2\/posts\/17505\/revisions"}],"wp:featuredmedia":[{"embeddable":true,"href":"https:\/\/l21.mx\/index.php?rest_route=\/wp\/v2\/media\/17507"}],"wp:attachment":[{"href":"https:\/\/l21.mx\/index.php?rest_route=%2Fwp%2Fv2%2Fmedia&parent=17505"}],"wp:term":[{"taxonomy":"category","embeddable":true,"href":"https:\/\/l21.mx\/index.php?rest_route=%2Fwp%2Fv2%2Fcategories&post=17505"},{"taxonomy":"post_tag","embeddable":true,"href":"https:\/\/l21.mx\/index.php?rest_route=%2Fwp%2Fv2%2Ftags&post=17505"}],"curies":[{"name":"wp","href":"https:\/\/api.w.org\/{rel}","templated":true}]}}