{"id":18559,"date":"2016-03-31T17:11:30","date_gmt":"2016-03-31T23:11:30","guid":{"rendered":"http:\/\/innovatori.space\/lat21\/?p=18559"},"modified":"2016-03-31T17:13:01","modified_gmt":"2016-03-31T23:13:01","slug":"xiv-foro-nacional-de-turismo","status":"publish","type":"post","link":"https:\/\/l21.mx\/?p=18559","title":{"rendered":"XIV Foro Nacional de Turismo"},"content":{"rendered":"<p><span style=\"font-family: 'Helvetica Neue', Helvetica, Arial, sans-serif;\"><strong><a href=\"http:\/\/l21.mx\/wp-content\/uploads\/2016\/03\/bitacora.jpg\" data-rel=\"penci-gallery-image-content\" ><img fetchpriority=\"high\" decoding=\"async\" class=\"aligncenter size-large wp-image-18563\" title=\"bitacora\" src=\"http:\/\/l21.mx\/wp-content\/uploads\/2016\/03\/bitacora-1024x768.jpg\" alt=\"\" width=\"1024\" height=\"768\" srcset=\"https:\/\/l21.mx\/wp-content\/uploads\/2016\/03\/bitacora-1024x768.jpg 1024w, https:\/\/l21.mx\/wp-content\/uploads\/2016\/03\/bitacora-300x225.jpg 300w, https:\/\/l21.mx\/wp-content\/uploads\/2016\/03\/bitacora-768x576.jpg 768w, https:\/\/l21.mx\/wp-content\/uploads\/2016\/03\/bitacora-585x439.jpg 585w, https:\/\/l21.mx\/wp-content\/uploads\/2016\/03\/bitacora.jpg 1070w\" sizes=\"(max-width: 1024px) 100vw, 1024px\" \/><\/a><\/strong><\/span><\/p>\n<ul>\n<li><strong>Qu\u00e9: XIV Foro Nacional de Turismo<\/strong><\/li>\n<li><strong>D\u00f3nde: Hotel Presidente Intercontinental Polanco<\/strong><\/li>\n<li><strong>Cu\u00e1ndo: Febrero<\/strong><\/li>\n<\/ul>\n<p>Teniendo por primera vez como sede la Ciudad de M\u00e9xico se llev\u00f3 a cabo la XIV edici\u00f3n del Foro Nacional de Turismo, evento al que se dieron cita m\u00e1s de 500 profesionales y expertos en turismo, funcionarios, representantes, empresariales y del sector educativo, adem\u00e1s de medios de comunicaci\u00f3n \u00a0 para abordar en mesas de an\u00e1lisis temas de alta prioridad para la principal industria generadora de divisas del pa\u00eds, como la importancia del segmento de los millennials, el mercado hispano, casinos, turismo m\u00e9dico y pre-internaci\u00f3n, adem\u00e1s de destacar la importancia de incentivar el turismo dom\u00e9stico y la conectividad. El foro, de acuerdo con su director general, Fernando Mart\u00ed, ha sido uno de los m\u00e1s exitosos de la serie. Se destac\u00f3 la necesidad de mantener la tendencia de crecimiento como un reto para los actores del sector al ser esta actividad una apuesta rentable a futuro. En 2015 M\u00e9xico registr\u00f3 la cifra hist\u00f3rica de 32.1 millones de turistas internacionales y capt\u00f3 17 mil 457 mdd por concepto de divisas, 7.7% m\u00e1s que en 2014.<\/p>\n<div><\/div>\n","protected":false},"excerpt":{"rendered":"<p>Qu\u00e9: XIV Foro Nacional de Turismo D\u00f3nde: Hotel Presidente Intercontinental Polanco Cu\u00e1ndo: Febrero Teniendo por primera&hellip;<\/p>\n","protected":false},"author":2,"featured_media":18563,"comment_status":"open","ping_status":"open","sticky":false,"template":"","format":"standard","meta":{"_acf_changed":false,"_lmt_disableupdate":"","_lmt_disable":"","_mbp_gutenberg_autopost":false,"footnotes":""},"categories":[1],"tags":[],"class_list":["post-18559","post","type-post","status-publish","format-standard","has-post-thumbnail","hentry","category-sin-categoria"],"acf":[],"_links":{"self":[{"href":"https:\/\/l21.mx\/index.php?rest_route=\/wp\/v2\/posts\/18559","targetHints":{"allow":["GET"]}}],"collection":[{"href":"https:\/\/l21.mx\/index.php?rest_route=\/wp\/v2\/posts"}],"about":[{"href":"https:\/\/l21.mx\/index.php?rest_route=\/wp\/v2\/types\/post"}],"author":[{"embeddable":true,"href":"https:\/\/l21.mx\/index.php?rest_route=\/wp\/v2\/users\/2"}],"replies":[{"embeddable":true,"href":"https:\/\/l21.mx\/index.php?rest_route=%2Fwp%2Fv2%2Fcomments&post=18559"}],"version-history":[{"count":0,"href":"https:\/\/l21.mx\/index.php?rest_route=\/wp\/v2\/posts\/18559\/revisions"}],"wp:featuredmedia":[{"embeddable":true,"href":"https:\/\/l21.mx\/index.php?rest_route=\/wp\/v2\/media\/18563"}],"wp:attachment":[{"href":"https:\/\/l21.mx\/index.php?rest_route=%2Fwp%2Fv2%2Fmedia&parent=18559"}],"wp:term":[{"taxonomy":"category","embeddable":true,"href":"https:\/\/l21.mx\/index.php?rest_route=%2Fwp%2Fv2%2Fcategories&post=18559"},{"taxonomy":"post_tag","embeddable":true,"href":"https:\/\/l21.mx\/index.php?rest_route=%2Fwp%2Fv2%2Ftags&post=18559"}],"curies":[{"name":"wp","href":"https:\/\/api.w.org\/{rel}","templated":true}]}}