{"id":18578,"date":"2016-03-31T17:25:58","date_gmt":"2016-03-31T23:25:58","guid":{"rendered":"http:\/\/innovatori.space\/lat21\/?p=18578"},"modified":"2016-03-31T17:25:58","modified_gmt":"2016-03-31T23:25:58","slug":"mexico-lo-tiene-todo","status":"publish","type":"post","link":"https:\/\/l21.mx\/?p=18578","title":{"rendered":"M\u00e9xico lo tiene todo"},"content":{"rendered":"<p>L<a href=\"http:\/\/l21.mx\/wp-content\/uploads\/2016\/03\/colaboracion-mariana-orea.png\" data-rel=\"penci-gallery-image-content\" ><img decoding=\"async\" class=\"alignleft size-medium wp-image-18580\" title=\"colaboracion-mariana-orea\" src=\"http:\/\/l21.mx\/wp-content\/uploads\/2016\/03\/colaboracion-mariana-orea-300x150.png\" alt=\"\" width=\"300\" height=\"150\" srcset=\"https:\/\/l21.mx\/wp-content\/uploads\/2016\/03\/colaboracion-mariana-orea-300x150.png 300w, https:\/\/l21.mx\/wp-content\/uploads\/2016\/03\/colaboracion-mariana-orea-585x293.png 585w, https:\/\/l21.mx\/wp-content\/uploads\/2016\/03\/colaboracion-mariana-orea.png 600w\" sizes=\"(max-width: 300px) 100vw, 300px\" \/><\/a>a competitividad implica un factor diferenciador, y M\u00e9xico en general y desde luego el Caribe mexicano lo tienen de sobra. Los actores tur\u00edsticos mundiales lo reconocen reiteradamente, como lo han revelado a <strong>Latitud 21<\/strong> por casi tres lustros: historia, cultura, gastronom\u00eda, bellezas naturales, atractivos tur\u00edsticos, servicio y hospitalidad.<\/p>\n<p>Y el turismo nacional es uno de estos, tan importante como cualquiera de los anteriores, que ha apetecido a competidores mundiales \u201cjug\u00e1rsela\u201d con M\u00e9xico.<\/p>\n<p>Este es el caso de Grupo Playa Hotels &amp; Resorts, tema de nuestra portada, con m\u00e1s del 80% de su negocio concentrado en M\u00e9xico, con una oferta de nueve hoteles -de 13 de su oferta global-, y alrededor de seis mil\u00a0 llaves, estimando para los pr\u00f3ximos cinco a\u00f1os continuar con millonarias inversiones en el pa\u00eds.<\/p>\n<p>Los principales mercados emisores, EU y Canad\u00e1, forman parte de su estrategia comercial, incluso Europa y Asia; sin embargo, descubren en el mercado dom\u00e9stico un importante potencial del que carecen pa\u00edses del \u00e1rea Caribe, como Rep\u00fablica Dominicana, Jamaica o Costa Rica, y ese ha sido un factor determinante para reconocer a M\u00e9xico como territorio prioritario a la hora de confiar sus inversiones.<\/p>\n<p>Precisando. El mercado dom\u00e9stico representa el 82% del turismo en nuestro pa\u00eds, y es el que siempre ha tenido esa capacidad inmediata de responder a la industria tur\u00edstica en periodos ca\u00f3ticos: eventos climatol\u00f3gicos, epidemias, crisis econ\u00f3micas. Y Grupo Playa Hotels &amp; Resorts ha tenido la visi\u00f3n de confiarle, estimulando un importante segmento, el de Grupos y Convenciones, y una serie de estrategias para incentivarle.<\/p>\n<p>Otro dato importante de este grupo estadounidense es su estrategia para concretar alianzas con empresas mexicanas que han apalancado su crecimiento, en este caso Real Resorts, filial hotelera del grupo Bestday. Reconoce sus fortalezas y su formalidad en el \u00e1mbito de los negocios internacionales, que le han permitido su expansi\u00f3n en un lapso breve.<\/p>\n<p>Grupo Playa Hotels &amp; Resorts lo reitera, M\u00e9xico lo tiene todo: socios comerciales, una oferta de destinos inigualables y competitivos, historia, cultura y atractivos de toda \u00edndole, y adem\u00e1s de ubicaci\u00f3n geogr\u00e1fica, turismo interno, para convertirlo en su principal foco de negocio en el presente y en el futuro.<\/p>\n<p>Sin embargo, esa visi\u00f3n es de la que carecen muchas de las autoridades inmersas en la industria, que conceden mayor atenci\u00f3n y recursos financieros a los mercados internacionales, que desde luego deben ser atendidos, al ser importante fuente generadora de divisas. Pero habr\u00eda entonces que buscar el equilibrio: potenciar el mercado interno, incrementar su derrama econ\u00f3mica, promover, incluso, est\u00edmulos fiscales para corresponderle a los propios mexicanos con sus riquezas tur\u00edsticas, y corresponder a los empresarios sus inversiones. A\u00fan hay temas atorados en la agenda de pol\u00edticas p\u00fablicas tur\u00edsticas, y este es uno que no debe ser ya postergado. El turismo dom\u00e9stico representa el 82% que mueve a la industria de todo el territorio nacional\u2026 un alt\u00edsimo y nada despreciable porcentaje, que si bien no se le ignora del todo, s\u00ed se le demerita mucho.<\/p>\n<p>&nbsp;<\/p>\n<p>&nbsp;<\/p>\n<p>&nbsp;<\/p>\n<p>&nbsp;<\/p>\n<p>&nbsp;<\/p>\n<p>&nbsp;<\/p>\n<p>&nbsp;<\/p>\n<p>&nbsp;<\/p>\n<p>&nbsp;<\/p>\n","protected":false},"excerpt":{"rendered":"<p>La competitividad implica un factor diferenciador, y M\u00e9xico en general y desde luego el Caribe mexicano&hellip;<\/p>\n","protected":false},"author":2,"featured_media":18581,"comment_status":"open","ping_status":"open","sticky":false,"template":"","format":"standard","meta":{"_acf_changed":false,"_lmt_disableupdate":"","_lmt_disable":"","_mbp_gutenberg_autopost":false,"footnotes":""},"categories":[32,20],"tags":[],"class_list":["post-18578","post","type-post","status-publish","format-standard","has-post-thumbnail","hentry","category-mariana-orea","category-columnas"],"acf":[],"yoast_head":"<!-- This site is optimized with the Yoast SEO plugin v27.3 - https:\/\/yoast.com\/product\/yoast-seo-wordpress\/ -->\n<title>M\u00e9xico lo tiene todo | Revista Latitud 21<\/title>\n<meta name=\"description\" content=\"L21, Emprendedores y Negocios en el Caribe Mexicano, es la revista l\u00edder entre el Sector Empresarial y Tur\u00edstico del Caribe Mexicano.\" \/>\n<meta name=\"robots\" content=\"index, follow, max-snippet:-1, max-image-preview:large, max-video-preview:-1\" \/>\n<link rel=\"canonical\" href=\"https:\/\/l21.mx\/?p=18578\" \/>\n<meta name=\"twitter:card\" content=\"summary_large_image\" \/>\n<meta name=\"twitter:title\" content=\"M\u00e9xico lo tiene todo | Revista Latitud 21\" \/>\n<meta name=\"twitter:description\" content=\"L21, Emprendedores y Negocios en el Caribe Mexicano, es la revista l\u00edder entre el Sector Empresarial y Tur\u00edstico del Caribe Mexicano.\" \/>\n<meta name=\"twitter:image\" content=\"https:\/\/l21.mx\/wp-content\/uploads\/2016\/03\/colaboracion-mariana-orea-m.png\" \/>\n<meta name=\"twitter:creator\" content=\"@Latitud21mx\" \/>\n<meta name=\"twitter:site\" content=\"@Latitud21mx\" \/>\n<meta name=\"twitter:label1\" content=\"Escrito por\" \/>\n\t<meta name=\"twitter:data1\" content=\"Latitud21 Redacci\u00f3n\" \/>\n\t<meta name=\"twitter:label2\" content=\"Tiempo de lectura\" \/>\n\t<meta name=\"twitter:data2\" content=\"3 minutos\" \/>\n<script type=\"application\/ld+json\" class=\"yoast-schema-graph\">{\"@context\":\"https:\\\/\\\/schema.org\",\"@graph\":[{\"@type\":\"Article\",\"@id\":\"https:\\\/\\\/l21.mx\\\/?p=18578#article\",\"isPartOf\":{\"@id\":\"https:\\\/\\\/l21.mx\\\/?p=18578\"},\"author\":{\"name\":\"Latitud21 Redacci\u00f3n\",\"@id\":\"https:\\\/\\\/l21.mx\\\/#\\\/schema\\\/person\\\/4b571cc212089f95579f3b66253728f1\"},\"headline\":\"M\u00e9xico lo tiene todo\",\"datePublished\":\"2016-03-31T23:25:58+00:00\",\"mainEntityOfPage\":{\"@id\":\"https:\\\/\\\/l21.mx\\\/?p=18578\"},\"wordCount\":539,\"commentCount\":0,\"publisher\":{\"@id\":\"https:\\\/\\\/l21.mx\\\/#organization\"},\"image\":{\"@id\":\"https:\\\/\\\/l21.mx\\\/?p=18578#primaryimage\"},\"thumbnailUrl\":\"https:\\\/\\\/l21.mx\\\/wp-content\\\/uploads\\\/2016\\\/03\\\/colaboracion-mariana-orea-m.png\",\"articleSection\":[\"Mariana Orea\",\"X Columnas\"],\"inLanguage\":\"es\",\"potentialAction\":[{\"@type\":\"CommentAction\",\"name\":\"Comment\",\"target\":[\"https:\\\/\\\/l21.mx\\\/?p=18578#respond\"]}]},{\"@type\":\"WebPage\",\"@id\":\"https:\\\/\\\/l21.mx\\\/?p=18578\",\"url\":\"https:\\\/\\\/l21.mx\\\/?p=18578\",\"name\":\"M\u00e9xico lo tiene todo | Revista Latitud 21\",\"isPartOf\":{\"@id\":\"https:\\\/\\\/l21.mx\\\/#website\"},\"primaryImageOfPage\":{\"@id\":\"https:\\\/\\\/l21.mx\\\/?p=18578#primaryimage\"},\"image\":{\"@id\":\"https:\\\/\\\/l21.mx\\\/?p=18578#primaryimage\"},\"thumbnailUrl\":\"https:\\\/\\\/l21.mx\\\/wp-content\\\/uploads\\\/2016\\\/03\\\/colaboracion-mariana-orea-m.png\",\"datePublished\":\"2016-03-31T23:25:58+00:00\",\"description\":\"L21, Emprendedores y Negocios en el Caribe Mexicano, es la revista l\u00edder entre el Sector Empresarial y Tur\u00edstico del Caribe Mexicano.\",\"breadcrumb\":{\"@id\":\"https:\\\/\\\/l21.mx\\\/?p=18578#breadcrumb\"},\"inLanguage\":\"es\",\"potentialAction\":[{\"@type\":\"ReadAction\",\"target\":[\"https:\\\/\\\/l21.mx\\\/?p=18578\"]}]},{\"@type\":\"ImageObject\",\"inLanguage\":\"es\",\"@id\":\"https:\\\/\\\/l21.mx\\\/?p=18578#primaryimage\",\"url\":\"https:\\\/\\\/l21.mx\\\/wp-content\\\/uploads\\\/2016\\\/03\\\/colaboracion-mariana-orea-m.png\",\"contentUrl\":\"https:\\\/\\\/l21.mx\\\/wp-content\\\/uploads\\\/2016\\\/03\\\/colaboracion-mariana-orea-m.png\",\"width\":167,\"height\":108},{\"@type\":\"BreadcrumbList\",\"@id\":\"https:\\\/\\\/l21.mx\\\/?p=18578#breadcrumb\",\"itemListElement\":[{\"@type\":\"ListItem\",\"position\":1,\"name\":\"Portada\",\"item\":\"https:\\\/\\\/l21.mx\\\/\"},{\"@type\":\"ListItem\",\"position\":2,\"name\":\"M\u00e9xico lo tiene todo\"}]},{\"@type\":\"WebSite\",\"@id\":\"https:\\\/\\\/l21.mx\\\/#website\",\"url\":\"https:\\\/\\\/l21.mx\\\/\",\"name\":\"Revista Latitud 21\",\"description\":\"Emprendedores  y negocios en el Caribe Mexicano\",\"publisher\":{\"@id\":\"https:\\\/\\\/l21.mx\\\/#organization\"},\"potentialAction\":[{\"@type\":\"SearchAction\",\"target\":{\"@type\":\"EntryPoint\",\"urlTemplate\":\"https:\\\/\\\/l21.mx\\\/?s={search_term_string}\"},\"query-input\":{\"@type\":\"PropertyValueSpecification\",\"valueRequired\":true,\"valueName\":\"search_term_string\"}}],\"inLanguage\":\"es\"},{\"@type\":\"Organization\",\"@id\":\"https:\\\/\\\/l21.mx\\\/#organization\",\"name\":\"Grupo Editorial Latitud 21 SA de CV\",\"url\":\"https:\\\/\\\/l21.mx\\\/\",\"logo\":{\"@type\":\"ImageObject\",\"inLanguage\":\"es\",\"@id\":\"https:\\\/\\\/l21.mx\\\/#\\\/schema\\\/logo\\\/image\\\/\",\"url\":\"https:\\\/\\\/l21.mx\\\/wp-content\\\/uploads\\\/2020\\\/10\\\/logo-l21-baja.jpg\",\"contentUrl\":\"https:\\\/\\\/l21.mx\\\/wp-content\\\/uploads\\\/2020\\\/10\\\/logo-l21-baja.jpg\",\"width\":250,\"height\":250,\"caption\":\"Grupo Editorial Latitud 21 SA de CV\"},\"image\":{\"@id\":\"https:\\\/\\\/l21.mx\\\/#\\\/schema\\\/logo\\\/image\\\/\"},\"sameAs\":[\"https:\\\/\\\/www.facebook.com\\\/RevistaLatitud21\\\/\",\"https:\\\/\\\/x.com\\\/Latitud21mx\"]},{\"@type\":\"Person\",\"@id\":\"https:\\\/\\\/l21.mx\\\/#\\\/schema\\\/person\\\/4b571cc212089f95579f3b66253728f1\",\"name\":\"Latitud21 Redacci\u00f3n\",\"url\":\"https:\\\/\\\/l21.mx\\\/?author=2\"}]}<\/script>\n<!-- \/ Yoast SEO plugin. -->","yoast_head_json":{"title":"M\u00e9xico lo tiene todo | Revista Latitud 21","description":"L21, Emprendedores y Negocios en el Caribe Mexicano, es la revista l\u00edder entre el Sector Empresarial y Tur\u00edstico del Caribe Mexicano.","robots":{"index":"index","follow":"follow","max-snippet":"max-snippet:-1","max-image-preview":"max-image-preview:large","max-video-preview":"max-video-preview:-1"},"canonical":"https:\/\/l21.mx\/?p=18578","twitter_card":"summary_large_image","twitter_title":"M\u00e9xico lo tiene todo | Revista Latitud 21","twitter_description":"L21, Emprendedores y Negocios en el Caribe Mexicano, es la revista l\u00edder entre el Sector Empresarial y Tur\u00edstico del Caribe Mexicano.","twitter_image":"https:\/\/l21.mx\/wp-content\/uploads\/2016\/03\/colaboracion-mariana-orea-m.png","twitter_creator":"@Latitud21mx","twitter_site":"@Latitud21mx","twitter_misc":{"Escrito por":"Latitud21 Redacci\u00f3n","Tiempo de lectura":"3 minutos"},"schema":{"@context":"https:\/\/schema.org","@graph":[{"@type":"Article","@id":"https:\/\/l21.mx\/?p=18578#article","isPartOf":{"@id":"https:\/\/l21.mx\/?p=18578"},"author":{"name":"Latitud21 Redacci\u00f3n","@id":"https:\/\/l21.mx\/#\/schema\/person\/4b571cc212089f95579f3b66253728f1"},"headline":"M\u00e9xico lo tiene todo","datePublished":"2016-03-31T23:25:58+00:00","mainEntityOfPage":{"@id":"https:\/\/l21.mx\/?p=18578"},"wordCount":539,"commentCount":0,"publisher":{"@id":"https:\/\/l21.mx\/#organization"},"image":{"@id":"https:\/\/l21.mx\/?p=18578#primaryimage"},"thumbnailUrl":"https:\/\/l21.mx\/wp-content\/uploads\/2016\/03\/colaboracion-mariana-orea-m.png","articleSection":["Mariana Orea","X Columnas"],"inLanguage":"es","potentialAction":[{"@type":"CommentAction","name":"Comment","target":["https:\/\/l21.mx\/?p=18578#respond"]}]},{"@type":"WebPage","@id":"https:\/\/l21.mx\/?p=18578","url":"https:\/\/l21.mx\/?p=18578","name":"M\u00e9xico lo tiene todo | Revista Latitud 21","isPartOf":{"@id":"https:\/\/l21.mx\/#website"},"primaryImageOfPage":{"@id":"https:\/\/l21.mx\/?p=18578#primaryimage"},"image":{"@id":"https:\/\/l21.mx\/?p=18578#primaryimage"},"thumbnailUrl":"https:\/\/l21.mx\/wp-content\/uploads\/2016\/03\/colaboracion-mariana-orea-m.png","datePublished":"2016-03-31T23:25:58+00:00","description":"L21, Emprendedores y Negocios en el Caribe Mexicano, es la revista l\u00edder entre el Sector Empresarial y Tur\u00edstico del Caribe Mexicano.","breadcrumb":{"@id":"https:\/\/l21.mx\/?p=18578#breadcrumb"},"inLanguage":"es","potentialAction":[{"@type":"ReadAction","target":["https:\/\/l21.mx\/?p=18578"]}]},{"@type":"ImageObject","inLanguage":"es","@id":"https:\/\/l21.mx\/?p=18578#primaryimage","url":"https:\/\/l21.mx\/wp-content\/uploads\/2016\/03\/colaboracion-mariana-orea-m.png","contentUrl":"https:\/\/l21.mx\/wp-content\/uploads\/2016\/03\/colaboracion-mariana-orea-m.png","width":167,"height":108},{"@type":"BreadcrumbList","@id":"https:\/\/l21.mx\/?p=18578#breadcrumb","itemListElement":[{"@type":"ListItem","position":1,"name":"Portada","item":"https:\/\/l21.mx\/"},{"@type":"ListItem","position":2,"name":"M\u00e9xico lo tiene todo"}]},{"@type":"WebSite","@id":"https:\/\/l21.mx\/#website","url":"https:\/\/l21.mx\/","name":"Revista Latitud 21","description":"Emprendedores  y negocios en el Caribe Mexicano","publisher":{"@id":"https:\/\/l21.mx\/#organization"},"potentialAction":[{"@type":"SearchAction","target":{"@type":"EntryPoint","urlTemplate":"https:\/\/l21.mx\/?s={search_term_string}"},"query-input":{"@type":"PropertyValueSpecification","valueRequired":true,"valueName":"search_term_string"}}],"inLanguage":"es"},{"@type":"Organization","@id":"https:\/\/l21.mx\/#organization","name":"Grupo Editorial Latitud 21 SA de CV","url":"https:\/\/l21.mx\/","logo":{"@type":"ImageObject","inLanguage":"es","@id":"https:\/\/l21.mx\/#\/schema\/logo\/image\/","url":"https:\/\/l21.mx\/wp-content\/uploads\/2020\/10\/logo-l21-baja.jpg","contentUrl":"https:\/\/l21.mx\/wp-content\/uploads\/2020\/10\/logo-l21-baja.jpg","width":250,"height":250,"caption":"Grupo Editorial Latitud 21 SA de CV"},"image":{"@id":"https:\/\/l21.mx\/#\/schema\/logo\/image\/"},"sameAs":["https:\/\/www.facebook.com\/RevistaLatitud21\/","https:\/\/x.com\/Latitud21mx"]},{"@type":"Person","@id":"https:\/\/l21.mx\/#\/schema\/person\/4b571cc212089f95579f3b66253728f1","name":"Latitud21 Redacci\u00f3n","url":"https:\/\/l21.mx\/?author=2"}]}},"amp_enabled":true,"_links":{"self":[{"href":"https:\/\/l21.mx\/index.php?rest_route=\/wp\/v2\/posts\/18578","targetHints":{"allow":["GET"]}}],"collection":[{"href":"https:\/\/l21.mx\/index.php?rest_route=\/wp\/v2\/posts"}],"about":[{"href":"https:\/\/l21.mx\/index.php?rest_route=\/wp\/v2\/types\/post"}],"author":[{"embeddable":true,"href":"https:\/\/l21.mx\/index.php?rest_route=\/wp\/v2\/users\/2"}],"replies":[{"embeddable":true,"href":"https:\/\/l21.mx\/index.php?rest_route=%2Fwp%2Fv2%2Fcomments&post=18578"}],"version-history":[{"count":0,"href":"https:\/\/l21.mx\/index.php?rest_route=\/wp\/v2\/posts\/18578\/revisions"}],"wp:featuredmedia":[{"embeddable":true,"href":"https:\/\/l21.mx\/index.php?rest_route=\/wp\/v2\/media\/18581"}],"wp:attachment":[{"href":"https:\/\/l21.mx\/index.php?rest_route=%2Fwp%2Fv2%2Fmedia&parent=18578"}],"wp:term":[{"taxonomy":"category","embeddable":true,"href":"https:\/\/l21.mx\/index.php?rest_route=%2Fwp%2Fv2%2Fcategories&post=18578"},{"taxonomy":"post_tag","embeddable":true,"href":"https:\/\/l21.mx\/index.php?rest_route=%2Fwp%2Fv2%2Ftags&post=18578"}],"curies":[{"name":"wp","href":"https:\/\/api.w.org\/{rel}","templated":true}]}}