{"id":187,"date":"2012-10-31T22:23:56","date_gmt":"2012-10-31T22:23:56","guid":{"rendered":"http:\/\/innovatori.space\/lat21\/?p=187"},"modified":"2012-10-31T22:25:09","modified_gmt":"2012-10-31T22:25:09","slug":"firman-empresarios-el-codigo-etico-mundial-para-el-turismo-de-la-omt","status":"publish","type":"post","link":"https:\/\/l21.mx\/?p=187","title":{"rendered":"Firman empresarios el C\u00f3digo \u00c9tico Mundial para el Turismo de la OMT"},"content":{"rendered":"<div><strong><a href=\"http:\/\/l21.mx\/wp-content\/uploads\/2012\/10\/CODIGO-DE-ETICA-PRINCIPAL1.jpg\" data-rel=\"penci-gallery-image-content\" ><img fetchpriority=\"high\" decoding=\"async\" class=\"aligncenter size-large wp-image-189\" title=\"CODIGO DE ETICA PRINCIPAL\" src=\"http:\/\/l21.mx\/wp-content\/uploads\/2012\/10\/CODIGO-DE-ETICA-PRINCIPAL1-1024x679.jpg\" alt=\"\" width=\"1024\" height=\"679\" srcset=\"https:\/\/l21.mx\/wp-content\/uploads\/2012\/10\/CODIGO-DE-ETICA-PRINCIPAL1-1024x679.jpg 1024w, https:\/\/l21.mx\/wp-content\/uploads\/2012\/10\/CODIGO-DE-ETICA-PRINCIPAL1-300x199.jpg 300w, https:\/\/l21.mx\/wp-content\/uploads\/2012\/10\/CODIGO-DE-ETICA-PRINCIPAL1-150x100.jpg 150w, https:\/\/l21.mx\/wp-content\/uploads\/2012\/10\/CODIGO-DE-ETICA-PRINCIPAL1-600x398.jpg 600w, https:\/\/l21.mx\/wp-content\/uploads\/2012\/10\/CODIGO-DE-ETICA-PRINCIPAL1-167x110.jpg 167w, https:\/\/l21.mx\/wp-content\/uploads\/2012\/10\/CODIGO-DE-ETICA-PRINCIPAL1-80x53.jpg 80w\" sizes=\"(max-width: 1024px) 100vw, 1024px\" \/><\/a><\/strong><\/div>\n<ul>\n<li><strong>Se trata de un marco de referencia global para impulsar el turismo responsable con la sociedad y el medio ambiente.<\/strong><\/li>\n<li><strong>El objetivo, hacer del turismo un instrumento de desarrollo.<\/strong><\/li>\n<li><strong>Entrega la OMT reconocimiento a la titular de la SECTUR, por su labor a favor del turismo.<\/strong><\/li>\n<\/ul>\n<p>En el marco de la 94 Reuni\u00f3n del Consejo Ejecutivo de la Organizaci\u00f3n Mundial del Turismo (OMT), que se realiza en Campeche, directivos de 14 de las principales empresas del sector firmaron el C\u00f3digo \u00c9tico Mundial para el Turismo; se trata de un marco de referencia global para impulsar el turismo responsable con los derechos de las personas y el cuidado del medio ambiente.<\/p>\n<p>La firma fue atestiguada por la Secretaria de Turismo del Gobierno Federal, Gloria Guevara Manzo; por le Gobernador de Campeche, Fernando Ortega Bern\u00e9s; y por el Secretario General de la OMT, Taleb Rifai, quien afirm\u00f3 que es importante la participaci\u00f3n del sector empresarial para promover un turismo responsable.<\/p>\n<p>Durante este evento, Taleb Rifai entreg\u00f3 a nombre de la OMT un reconocimiento a la titular de la Sectur, Gloria Guevara Manzo, por su labor de impulso a favor del desarrollo de la actividad tur\u00edstica.<\/p>\n<p>Guevara Manzo indic\u00f3 que el turismo responsable gana terreno\u00a0 a nivel internacional, y record\u00f3 que en M\u00e9xico se firm\u00f3 el C\u00f3digo de Conducta Nacional para la Protecci\u00f3n de los Derechos de los Ni\u00f1os, Ni\u00f1as y Adolescentes en el Sector de los Viajes y Turismo, que ha sido firmado por autoridades y empresarios del sector.<\/p>\n<p>Destac\u00f3 que el turismo solo tiene sentido, cuando mantiene un respeto pleno a los derechos de las personas y del medio ambiente.<\/p>\n<p>Por su parte el Gobernador Fernando Ortega Bern\u00e9s dijo que para Campeche el turismo es una prioridad, y felicit\u00f3 a los empresarios que se sumaron a este c\u00f3digo de conducta.<\/p>\n<p>El C\u00f3digo \u00c9tico Mundial para el Turismo de la OMT, es un conjunto de principios dise\u00f1ado para guiar a los actores del desarrollo tur\u00edstico. Se trata de un marco de referencia global para el turismo responsable y sostenible, dirigido a gobiernos, empresas, comunidades y turistas, y aspira a maximizar los beneficios de turismo y reducir el impacto negativo en el medio ambiente, el patrimonio cultural y la sociedad.<\/p>\n<p>Fue aprobado en 1999 por la Asamblea General de la Organizaci\u00f3n Mundial del Turismo, y reconocido dos a\u00f1os despu\u00e9s por la Asamblea General de las Naciones Unidas. Aunque no es jur\u00eddicamente vinculante, el C\u00f3digo incorpora un mecanismo de aplicaci\u00f3n voluntaria reconociendo el papel del Comit\u00e9 Mundial de \u00c9tica del Turismo, un \u00f3rgano independiente e imparcial, al que las distintas partes pueden remitir las cuestiones relacionadas con su aplicaci\u00f3n e interpretaci\u00f3n.<\/p>\n<p>Los 10 principios del C\u00f3digo cubren componentes econ\u00f3micos, sociales, culturales y ambientales de los viajes y el turismo, como la contribuci\u00f3n del turismo al entendimiento y al respeto entre pueblos y sociedades, el turismo como instrumento de desarrollo personal y colectivo, como factor de desarrollo sostenible, factor de enriquecimiento del patrimonio cultural y como actividad de beneficio para los pa\u00edses y las comunidades de destino.<\/p>\n<p>Adem\u00e1s, contiene las obligaciones de los agentes del desarrollo tur\u00edstico, el derecho al turismo, la libertad de desplazamiento tur\u00edstico, los derechos de trabajadores y de empresarios y la aplicaci\u00f3n de los principios del C\u00f3digo \u00c9tico.<\/p>\n<p>En la firma participaron 14 empresas y organizaciones del sector turismo: Aerom\u00e9xico, AM Resorts, la Asociaci\u00f3n de Empresarios Mayoristas, la Asociaci\u00f3n Femenil de Ejecutivas de Empresas Tur\u00edsticas, la Asociaci\u00f3n Mexicana de Desarrolladores Tur\u00edsticos, la Asociaci\u00f3n de Hoteles y Moteles de Campeche, la Asociaci\u00f3n Mexicana de Hoteles y Moteles, la Confederaci\u00f3n de C\u00e1maras Nacionales de Comercio, Servicios y Turismo, Hoteles Misi\u00f3n, la Confederaci\u00f3n Nacional Tur\u00edstica, el Consejo Empresarial Tur\u00edstico de Campeche, el grupo Palace Resort, la Federaci\u00f3n de Haciendas de M\u00e9xico, as\u00ed como RCI\u2013Latin America &amp; Caribbean.<\/p>\n","protected":false},"excerpt":{"rendered":"<p>Se trata de un marco de referencia global para impulsar el turismo responsable con la sociedad&hellip;<\/p>\n","protected":false},"author":2,"featured_media":189,"comment_status":"open","ping_status":"open","sticky":false,"template":"","format":"standard","meta":{"_acf_changed":false,"_lmt_disableupdate":"","_lmt_disable":"","_mbp_gutenberg_autopost":false,"footnotes":""},"categories":[8],"tags":[],"class_list":["post-187","post","type-post","status-publish","format-standard","has-post-thumbnail","hentry","category-turismo"],"acf":[],"yoast_head":"<!-- This site is optimized with the Yoast SEO plugin v27.5 - https:\/\/yoast.com\/product\/yoast-seo-wordpress\/ -->\n<title>Firman empresarios el C\u00f3digo \u00c9tico Mundial para el Turismo de la OMT | Revista Latitud 21<\/title>\n<meta name=\"description\" content=\"L21, Emprendedores y Negocios en el Caribe Mexicano, es la revista l\u00edder entre el Sector Empresarial y Tur\u00edstico del Caribe Mexicano.\" \/>\n<meta name=\"robots\" content=\"index, follow, max-snippet:-1, max-image-preview:large, max-video-preview:-1\" \/>\n<link rel=\"canonical\" href=\"https:\/\/l21.mx\/?p=187\" \/>\n<meta name=\"twitter:card\" content=\"summary_large_image\" \/>\n<meta name=\"twitter:title\" content=\"Firman empresarios el C\u00f3digo \u00c9tico Mundial para el Turismo de la OMT | Revista Latitud 21\" \/>\n<meta name=\"twitter:description\" content=\"L21, Emprendedores y Negocios en el Caribe Mexicano, es la revista l\u00edder entre el Sector Empresarial y Tur\u00edstico del Caribe Mexicano.\" \/>\n<meta name=\"twitter:image\" content=\"https:\/\/l21.mx\/wp-content\/uploads\/2012\/10\/CODIGO-DE-ETICA-PRINCIPAL1.jpg\" \/>\n<meta name=\"twitter:creator\" content=\"@Latitud21mx\" \/>\n<meta name=\"twitter:site\" content=\"@Latitud21mx\" \/>\n<meta name=\"twitter:label1\" content=\"Escrito por\" \/>\n\t<meta name=\"twitter:data1\" content=\"Latitud21 Redacci\u00f3n\" \/>\n\t<meta name=\"twitter:label2\" content=\"Tiempo de lectura\" \/>\n\t<meta name=\"twitter:data2\" content=\"3 minutos\" \/>\n<script type=\"application\/ld+json\" class=\"yoast-schema-graph\">{\"@context\":\"https:\\\/\\\/schema.org\",\"@graph\":[{\"@type\":\"Article\",\"@id\":\"https:\\\/\\\/l21.mx\\\/?p=187#article\",\"isPartOf\":{\"@id\":\"https:\\\/\\\/l21.mx\\\/?p=187\"},\"author\":{\"name\":\"Latitud21 Redacci\u00f3n\",\"@id\":\"https:\\\/\\\/l21.mx\\\/#\\\/schema\\\/person\\\/4b571cc212089f95579f3b66253728f1\"},\"headline\":\"Firman empresarios el C\u00f3digo \u00c9tico Mundial para el Turismo de la OMT\",\"datePublished\":\"2012-10-31T22:23:56+00:00\",\"dateModified\":\"2012-10-31T22:25:09+00:00\",\"mainEntityOfPage\":{\"@id\":\"https:\\\/\\\/l21.mx\\\/?p=187\"},\"wordCount\":681,\"commentCount\":0,\"publisher\":{\"@id\":\"https:\\\/\\\/l21.mx\\\/#organization\"},\"image\":{\"@id\":\"https:\\\/\\\/l21.mx\\\/?p=187#primaryimage\"},\"thumbnailUrl\":\"https:\\\/\\\/l21.mx\\\/wp-content\\\/uploads\\\/2012\\\/10\\\/CODIGO-DE-ETICA-PRINCIPAL1.jpg\",\"articleSection\":[\"Turismo\"],\"inLanguage\":\"es\",\"potentialAction\":[{\"@type\":\"CommentAction\",\"name\":\"Comment\",\"target\":[\"https:\\\/\\\/l21.mx\\\/?p=187#respond\"]}]},{\"@type\":\"WebPage\",\"@id\":\"https:\\\/\\\/l21.mx\\\/?p=187\",\"url\":\"https:\\\/\\\/l21.mx\\\/?p=187\",\"name\":\"Firman empresarios el C\u00f3digo \u00c9tico Mundial para el Turismo de la OMT | Revista Latitud 21\",\"isPartOf\":{\"@id\":\"https:\\\/\\\/l21.mx\\\/#website\"},\"primaryImageOfPage\":{\"@id\":\"https:\\\/\\\/l21.mx\\\/?p=187#primaryimage\"},\"image\":{\"@id\":\"https:\\\/\\\/l21.mx\\\/?p=187#primaryimage\"},\"thumbnailUrl\":\"https:\\\/\\\/l21.mx\\\/wp-content\\\/uploads\\\/2012\\\/10\\\/CODIGO-DE-ETICA-PRINCIPAL1.jpg\",\"datePublished\":\"2012-10-31T22:23:56+00:00\",\"dateModified\":\"2012-10-31T22:25:09+00:00\",\"description\":\"L21, Emprendedores y Negocios en el Caribe Mexicano, es la revista l\u00edder entre el Sector Empresarial y Tur\u00edstico del Caribe Mexicano.\",\"breadcrumb\":{\"@id\":\"https:\\\/\\\/l21.mx\\\/?p=187#breadcrumb\"},\"inLanguage\":\"es\",\"potentialAction\":[{\"@type\":\"ReadAction\",\"target\":[\"https:\\\/\\\/l21.mx\\\/?p=187\"]}]},{\"@type\":\"ImageObject\",\"inLanguage\":\"es\",\"@id\":\"https:\\\/\\\/l21.mx\\\/?p=187#primaryimage\",\"url\":\"https:\\\/\\\/l21.mx\\\/wp-content\\\/uploads\\\/2012\\\/10\\\/CODIGO-DE-ETICA-PRINCIPAL1.jpg\",\"contentUrl\":\"https:\\\/\\\/l21.mx\\\/wp-content\\\/uploads\\\/2012\\\/10\\\/CODIGO-DE-ETICA-PRINCIPAL1.jpg\",\"width\":\"2220\",\"height\":\"1474\"},{\"@type\":\"BreadcrumbList\",\"@id\":\"https:\\\/\\\/l21.mx\\\/?p=187#breadcrumb\",\"itemListElement\":[{\"@type\":\"ListItem\",\"position\":1,\"name\":\"Portada\",\"item\":\"https:\\\/\\\/l21.mx\\\/\"},{\"@type\":\"ListItem\",\"position\":2,\"name\":\"Firman empresarios el C\u00f3digo \u00c9tico Mundial para el Turismo de la OMT\"}]},{\"@type\":\"WebSite\",\"@id\":\"https:\\\/\\\/l21.mx\\\/#website\",\"url\":\"https:\\\/\\\/l21.mx\\\/\",\"name\":\"Revista Latitud 21\",\"description\":\"Emprendedores  y negocios en el Caribe Mexicano\",\"publisher\":{\"@id\":\"https:\\\/\\\/l21.mx\\\/#organization\"},\"potentialAction\":[{\"@type\":\"SearchAction\",\"target\":{\"@type\":\"EntryPoint\",\"urlTemplate\":\"https:\\\/\\\/l21.mx\\\/?s={search_term_string}\"},\"query-input\":{\"@type\":\"PropertyValueSpecification\",\"valueRequired\":true,\"valueName\":\"search_term_string\"}}],\"inLanguage\":\"es\"},{\"@type\":\"Organization\",\"@id\":\"https:\\\/\\\/l21.mx\\\/#organization\",\"name\":\"Grupo Editorial Latitud 21 SA de CV\",\"url\":\"https:\\\/\\\/l21.mx\\\/\",\"logo\":{\"@type\":\"ImageObject\",\"inLanguage\":\"es\",\"@id\":\"https:\\\/\\\/l21.mx\\\/#\\\/schema\\\/logo\\\/image\\\/\",\"url\":\"https:\\\/\\\/l21.mx\\\/wp-content\\\/uploads\\\/2020\\\/10\\\/logo-l21-baja.jpg\",\"contentUrl\":\"https:\\\/\\\/l21.mx\\\/wp-content\\\/uploads\\\/2020\\\/10\\\/logo-l21-baja.jpg\",\"width\":250,\"height\":250,\"caption\":\"Grupo Editorial Latitud 21 SA de CV\"},\"image\":{\"@id\":\"https:\\\/\\\/l21.mx\\\/#\\\/schema\\\/logo\\\/image\\\/\"},\"sameAs\":[\"https:\\\/\\\/www.facebook.com\\\/RevistaLatitud21\\\/\",\"https:\\\/\\\/x.com\\\/Latitud21mx\"]},{\"@type\":\"Person\",\"@id\":\"https:\\\/\\\/l21.mx\\\/#\\\/schema\\\/person\\\/4b571cc212089f95579f3b66253728f1\",\"name\":\"Latitud21 Redacci\u00f3n\",\"url\":\"https:\\\/\\\/l21.mx\\\/?author=2\"}]}<\/script>\n<!-- \/ Yoast SEO plugin. -->","yoast_head_json":{"title":"Firman empresarios el C\u00f3digo \u00c9tico Mundial para el Turismo de la OMT | Revista Latitud 21","description":"L21, Emprendedores y Negocios en el Caribe Mexicano, es la revista l\u00edder entre el Sector Empresarial y Tur\u00edstico del Caribe Mexicano.","robots":{"index":"index","follow":"follow","max-snippet":"max-snippet:-1","max-image-preview":"max-image-preview:large","max-video-preview":"max-video-preview:-1"},"canonical":"https:\/\/l21.mx\/?p=187","twitter_card":"summary_large_image","twitter_title":"Firman empresarios el C\u00f3digo \u00c9tico Mundial para el Turismo de la OMT | Revista Latitud 21","twitter_description":"L21, Emprendedores y Negocios en el Caribe Mexicano, es la revista l\u00edder entre el Sector Empresarial y Tur\u00edstico del Caribe Mexicano.","twitter_image":"https:\/\/l21.mx\/wp-content\/uploads\/2012\/10\/CODIGO-DE-ETICA-PRINCIPAL1.jpg","twitter_creator":"@Latitud21mx","twitter_site":"@Latitud21mx","twitter_misc":{"Escrito por":"Latitud21 Redacci\u00f3n","Tiempo de lectura":"3 minutos"},"schema":{"@context":"https:\/\/schema.org","@graph":[{"@type":"Article","@id":"https:\/\/l21.mx\/?p=187#article","isPartOf":{"@id":"https:\/\/l21.mx\/?p=187"},"author":{"name":"Latitud21 Redacci\u00f3n","@id":"https:\/\/l21.mx\/#\/schema\/person\/4b571cc212089f95579f3b66253728f1"},"headline":"Firman empresarios el C\u00f3digo \u00c9tico Mundial para el Turismo de la OMT","datePublished":"2012-10-31T22:23:56+00:00","dateModified":"2012-10-31T22:25:09+00:00","mainEntityOfPage":{"@id":"https:\/\/l21.mx\/?p=187"},"wordCount":681,"commentCount":0,"publisher":{"@id":"https:\/\/l21.mx\/#organization"},"image":{"@id":"https:\/\/l21.mx\/?p=187#primaryimage"},"thumbnailUrl":"https:\/\/l21.mx\/wp-content\/uploads\/2012\/10\/CODIGO-DE-ETICA-PRINCIPAL1.jpg","articleSection":["Turismo"],"inLanguage":"es","potentialAction":[{"@type":"CommentAction","name":"Comment","target":["https:\/\/l21.mx\/?p=187#respond"]}]},{"@type":"WebPage","@id":"https:\/\/l21.mx\/?p=187","url":"https:\/\/l21.mx\/?p=187","name":"Firman empresarios el C\u00f3digo \u00c9tico Mundial para el Turismo de la OMT | Revista Latitud 21","isPartOf":{"@id":"https:\/\/l21.mx\/#website"},"primaryImageOfPage":{"@id":"https:\/\/l21.mx\/?p=187#primaryimage"},"image":{"@id":"https:\/\/l21.mx\/?p=187#primaryimage"},"thumbnailUrl":"https:\/\/l21.mx\/wp-content\/uploads\/2012\/10\/CODIGO-DE-ETICA-PRINCIPAL1.jpg","datePublished":"2012-10-31T22:23:56+00:00","dateModified":"2012-10-31T22:25:09+00:00","description":"L21, Emprendedores y Negocios en el Caribe Mexicano, es la revista l\u00edder entre el Sector Empresarial y Tur\u00edstico del Caribe Mexicano.","breadcrumb":{"@id":"https:\/\/l21.mx\/?p=187#breadcrumb"},"inLanguage":"es","potentialAction":[{"@type":"ReadAction","target":["https:\/\/l21.mx\/?p=187"]}]},{"@type":"ImageObject","inLanguage":"es","@id":"https:\/\/l21.mx\/?p=187#primaryimage","url":"https:\/\/l21.mx\/wp-content\/uploads\/2012\/10\/CODIGO-DE-ETICA-PRINCIPAL1.jpg","contentUrl":"https:\/\/l21.mx\/wp-content\/uploads\/2012\/10\/CODIGO-DE-ETICA-PRINCIPAL1.jpg","width":"2220","height":"1474"},{"@type":"BreadcrumbList","@id":"https:\/\/l21.mx\/?p=187#breadcrumb","itemListElement":[{"@type":"ListItem","position":1,"name":"Portada","item":"https:\/\/l21.mx\/"},{"@type":"ListItem","position":2,"name":"Firman empresarios el C\u00f3digo \u00c9tico Mundial para el Turismo de la OMT"}]},{"@type":"WebSite","@id":"https:\/\/l21.mx\/#website","url":"https:\/\/l21.mx\/","name":"Revista Latitud 21","description":"Emprendedores  y negocios en el Caribe Mexicano","publisher":{"@id":"https:\/\/l21.mx\/#organization"},"potentialAction":[{"@type":"SearchAction","target":{"@type":"EntryPoint","urlTemplate":"https:\/\/l21.mx\/?s={search_term_string}"},"query-input":{"@type":"PropertyValueSpecification","valueRequired":true,"valueName":"search_term_string"}}],"inLanguage":"es"},{"@type":"Organization","@id":"https:\/\/l21.mx\/#organization","name":"Grupo Editorial Latitud 21 SA de CV","url":"https:\/\/l21.mx\/","logo":{"@type":"ImageObject","inLanguage":"es","@id":"https:\/\/l21.mx\/#\/schema\/logo\/image\/","url":"https:\/\/l21.mx\/wp-content\/uploads\/2020\/10\/logo-l21-baja.jpg","contentUrl":"https:\/\/l21.mx\/wp-content\/uploads\/2020\/10\/logo-l21-baja.jpg","width":250,"height":250,"caption":"Grupo Editorial Latitud 21 SA de CV"},"image":{"@id":"https:\/\/l21.mx\/#\/schema\/logo\/image\/"},"sameAs":["https:\/\/www.facebook.com\/RevistaLatitud21\/","https:\/\/x.com\/Latitud21mx"]},{"@type":"Person","@id":"https:\/\/l21.mx\/#\/schema\/person\/4b571cc212089f95579f3b66253728f1","name":"Latitud21 Redacci\u00f3n","url":"https:\/\/l21.mx\/?author=2"}]}},"amp_enabled":true,"_links":{"self":[{"href":"https:\/\/l21.mx\/index.php?rest_route=\/wp\/v2\/posts\/187","targetHints":{"allow":["GET"]}}],"collection":[{"href":"https:\/\/l21.mx\/index.php?rest_route=\/wp\/v2\/posts"}],"about":[{"href":"https:\/\/l21.mx\/index.php?rest_route=\/wp\/v2\/types\/post"}],"author":[{"embeddable":true,"href":"https:\/\/l21.mx\/index.php?rest_route=\/wp\/v2\/users\/2"}],"replies":[{"embeddable":true,"href":"https:\/\/l21.mx\/index.php?rest_route=%2Fwp%2Fv2%2Fcomments&post=187"}],"version-history":[{"count":0,"href":"https:\/\/l21.mx\/index.php?rest_route=\/wp\/v2\/posts\/187\/revisions"}],"wp:featuredmedia":[{"embeddable":true,"href":"https:\/\/l21.mx\/index.php?rest_route=\/wp\/v2\/media\/189"}],"wp:attachment":[{"href":"https:\/\/l21.mx\/index.php?rest_route=%2Fwp%2Fv2%2Fmedia&parent=187"}],"wp:term":[{"taxonomy":"category","embeddable":true,"href":"https:\/\/l21.mx\/index.php?rest_route=%2Fwp%2Fv2%2Fcategories&post=187"},{"taxonomy":"post_tag","embeddable":true,"href":"https:\/\/l21.mx\/index.php?rest_route=%2Fwp%2Fv2%2Ftags&post=187"}],"curies":[{"name":"wp","href":"https:\/\/api.w.org\/{rel}","templated":true}]}}