{"id":18707,"date":"2016-04-01T16:21:50","date_gmt":"2016-04-01T22:21:50","guid":{"rendered":"http:\/\/innovatori.space\/lat21\/?p=18707"},"modified":"2016-04-04T11:51:11","modified_gmt":"2016-04-04T16:51:11","slug":"no-es-normal","status":"publish","type":"post","link":"https:\/\/l21.mx\/?p=18707","title":{"rendered":"No es normal"},"content":{"rendered":"<p><strong><a href=\"http:\/\/l21.mx\/wp-content\/uploads\/2016\/04\/xenses.jpg\" data-rel=\"penci-gallery-image-content\" ><img decoding=\"async\" class=\"alignleft size-medium wp-image-18710\" title=\"xenses\" src=\"http:\/\/l21.mx\/wp-content\/uploads\/2016\/04\/xenses-300x163.jpg\" alt=\"\" width=\"300\" height=\"163\" \/><\/a><\/strong><\/p>\n<p>&nbsp;<\/p>\n<p><strong>Con actividades \u00fanicas en su tipo, que ser\u00e1n un reto a los sentidos, nace Xenses, el nuevo parque de Experiencias Xcaret<\/strong><\/p>\n<p>\u00bfCu\u00e1ndo fue la \u00faltima vez que hiciste algo por primera vez?&#8230; es el reto que lanza Experiencias Xcaret con la presentaci\u00f3n del sexto parque del consorcio en la entidad, Xenses, que tras una inversi\u00f3n de 25.5 mdd se consolida como \u00fanico en su tipo en el mundo y desarrollado con talento propio.<\/p>\n<p>Esta nueva experiencia en el \u201ccoraz\u00f3n\u201d de la Riviera Maya se suma al amplio y exitoso portafolio de la corporaci\u00f3n, que a trav\u00e9s del ic\u00f3nico parque Xcaret, de Xel-H\u00e1, Xplor, Xplor Fuego y Xochimilco, adem\u00e1s de otros valores como Xenotes y Xich\u00e9n, registra en conjunto tres millones de visitantes al a\u00f1o.<\/p>\n<p>El grupo, con una base laboral actual de cuatro mil 200 colaboradores, corona una labor de 25 a\u00f1os de trabajo y desarrollo ininterrumpidos y se reinventa para brindar a trav\u00e9s de la nueva experiencia Xenses un atractivo diferenciado y una ampliaci\u00f3n de la aventura empresarial.<\/p>\n<p>Carlos Constandse Madrazo, vicepresidente de Experiencias Xcaret, explic\u00f3 que con 25 a\u00f1os como l\u00edderes en recreaci\u00f3n sustentable crecen con un nuevo atractivo que diversificar\u00e1 la oferta tur\u00edstica del destino y ser\u00e1 \u201cun reto a los sentidos\u201d.<\/p>\n<p>Durante la presentaci\u00f3n oficial del parque, cuyo concepto tuvieron guardado sigilosamente y ahora mostraron de una inusual manera, pues privaron los\u00a0 juegos mentales, de magia y percepci\u00f3n de los sentidos, el directivo a\u00f1adi\u00f3 que ante la situaci\u00f3n que enfrenta el pa\u00eds con la ca\u00edda del precio del petr\u00f3leo \u201cno hay duda de que el turismo es el futuro de M\u00e9xico\u201d.<\/p>\n<p>Aunque precis\u00f3 que est\u00e1 por definirse la fecha de apertura oficial, adelant\u00f3 que el nuevo complejo arrancar\u00e1 operaciones el pr\u00f3ximo verano, con el inicio de la temporada alta de turismo.<\/p>\n<p>Lizbeth \u00c1lvarez, directora comercial de Experiencias Xcaret, explic\u00f3 que el nuevo parque, que se desarroll\u00f3 sobre una superficie de 23 hect\u00e1reas en un predio aleda\u00f1o al parque Xcaret, tiene capacidad para cuatro mil visitantes diarios en dos turnos y operar\u00e1 de lunes a s\u00e1bado, aunque en temporada alta funcionar\u00e1 todos los d\u00edas de la semana.<\/p>\n<p>Precis\u00f3 que se consideran como parte del atractivo diferenciado que ofrece el lugar \u201c17 actividades sensoriales\u201d. El parque generar\u00e1 129 empleos directos y 516 indirectos y tendr\u00e1 un costo de 59 d\u00f3lares con respectivos descuentos para quintanarroenses y nacionales.<\/p>\n<p>Como parte de la infraestructura de servicio, coment\u00f3 que tiene \u00e1rea de comida, obsequiario, estacionamiento, cajeros autom\u00e1ticos, entre otros que caracterizan al grupo. Asimismo dio a conocer que habr\u00e1 preventa de entradas a partir del primero de abril, con descuento adicional del 15%.<\/p>\n<p>Iliana Rodr\u00edguez, publirrelacionista del consorcio, explic\u00f3 detalladamente los atractivos del nuevo parque, pero indic\u00f3 que por la naturaleza del lugar \u201ctienen que vivirlo, pues no es un parque normal. Es un espacio donde la realidad se percibe diferente, o al menos eso aparenta, porque en Xenses la realidad va m\u00e1s all\u00e1 de lo que parece\u201d.<\/p>\n<p>Mencion\u00f3 dentro de las \u00e1reas de Xenses: El Rehilete, donde comienza la experiencia, y se siguen dos circuitos: uno con el \u201cCamino de Enanos y Gigantes\u201d, \u201cXensatorium\u201d, \u201cArterias Subterr\u00e1neas\u201d, \u201cEl Ed\u00e9n\u201d, y el \u201cJard\u00edn X\u00edtrico\u201d. El segundo circuito ofrece conocer \u201cEl Latido, \u201cEl Pueblo\u201d, \u201cLa Rec\u00e1mara\u201d, \u201cEl Respiro\u201d, \u201cTobog\u00e1n\u201d, \u201cVuelo de P\u00e1jaro\u201d, \u201cRiolajante\u201d, \u201cLodorama\u201d, \u201cLluvia\u201d, \u201cNube\u201d y el \u201cNeur\u00f3dromo\u201d. <strong>(Norma Anaya)<\/strong><\/p>\n<p>&nbsp;<\/p>\n<p>&nbsp;<\/p>\n<p>&nbsp;<\/p>\n","protected":false},"excerpt":{"rendered":"<p>&nbsp; Con actividades \u00fanicas en su tipo, que ser\u00e1n un reto a los sentidos, nace Xenses,&hellip;<\/p>\n","protected":false},"author":2,"featured_media":18710,"comment_status":"open","ping_status":"open","sticky":false,"template":"","format":"standard","meta":{"_acf_changed":false,"_lmt_disableupdate":"","_lmt_disable":"","_mbp_gutenberg_autopost":false,"footnotes":""},"categories":[4],"tags":[],"class_list":["post-18707","post","type-post","status-publish","format-standard","has-post-thumbnail","hentry","category-empresas-y-negocios"],"acf":[],"yoast_head":"<!-- This site is optimized with the Yoast SEO plugin v27.3 - https:\/\/yoast.com\/product\/yoast-seo-wordpress\/ -->\n<title>No es normal | Revista Latitud 21<\/title>\n<meta name=\"description\" content=\"L21, Emprendedores y Negocios en el Caribe Mexicano, es la revista l\u00edder entre el Sector Empresarial y Tur\u00edstico del Caribe Mexicano.\" \/>\n<meta name=\"robots\" content=\"index, follow, max-snippet:-1, max-image-preview:large, max-video-preview:-1\" \/>\n<link rel=\"canonical\" href=\"https:\/\/l21.mx\/?p=18707\" \/>\n<meta name=\"twitter:card\" content=\"summary_large_image\" \/>\n<meta name=\"twitter:title\" content=\"No es normal | Revista Latitud 21\" \/>\n<meta name=\"twitter:description\" content=\"L21, Emprendedores y Negocios en el Caribe Mexicano, es la revista l\u00edder entre el Sector Empresarial y Tur\u00edstico del Caribe Mexicano.\" \/>\n<meta name=\"twitter:image\" content=\"https:\/\/l21.mx\/wp-content\/uploads\/2016\/04\/xenses.jpg\" \/>\n<meta name=\"twitter:creator\" content=\"@Latitud21mx\" \/>\n<meta name=\"twitter:site\" content=\"@Latitud21mx\" \/>\n<meta name=\"twitter:label1\" content=\"Escrito por\" \/>\n\t<meta name=\"twitter:data1\" content=\"Latitud21 Redacci\u00f3n\" \/>\n\t<meta name=\"twitter:label2\" content=\"Tiempo de lectura\" \/>\n\t<meta name=\"twitter:data2\" content=\"3 minutos\" \/>\n<script type=\"application\/ld+json\" class=\"yoast-schema-graph\">{\"@context\":\"https:\\\/\\\/schema.org\",\"@graph\":[{\"@type\":\"Article\",\"@id\":\"https:\\\/\\\/l21.mx\\\/?p=18707#article\",\"isPartOf\":{\"@id\":\"https:\\\/\\\/l21.mx\\\/?p=18707\"},\"author\":{\"name\":\"Latitud21 Redacci\u00f3n\",\"@id\":\"https:\\\/\\\/l21.mx\\\/#\\\/schema\\\/person\\\/4b571cc212089f95579f3b66253728f1\"},\"headline\":\"No es normal\",\"datePublished\":\"2016-04-01T22:21:50+00:00\",\"dateModified\":\"2016-04-04T16:51:11+00:00\",\"mainEntityOfPage\":{\"@id\":\"https:\\\/\\\/l21.mx\\\/?p=18707\"},\"wordCount\":588,\"commentCount\":0,\"publisher\":{\"@id\":\"https:\\\/\\\/l21.mx\\\/#organization\"},\"image\":{\"@id\":\"https:\\\/\\\/l21.mx\\\/?p=18707#primaryimage\"},\"thumbnailUrl\":\"https:\\\/\\\/l21.mx\\\/wp-content\\\/uploads\\\/2016\\\/04\\\/xenses.jpg\",\"articleSection\":[\"Empresas y Negocios\"],\"inLanguage\":\"es\",\"potentialAction\":[{\"@type\":\"CommentAction\",\"name\":\"Comment\",\"target\":[\"https:\\\/\\\/l21.mx\\\/?p=18707#respond\"]}]},{\"@type\":\"WebPage\",\"@id\":\"https:\\\/\\\/l21.mx\\\/?p=18707\",\"url\":\"https:\\\/\\\/l21.mx\\\/?p=18707\",\"name\":\"No es normal | Revista Latitud 21\",\"isPartOf\":{\"@id\":\"https:\\\/\\\/l21.mx\\\/#website\"},\"primaryImageOfPage\":{\"@id\":\"https:\\\/\\\/l21.mx\\\/?p=18707#primaryimage\"},\"image\":{\"@id\":\"https:\\\/\\\/l21.mx\\\/?p=18707#primaryimage\"},\"thumbnailUrl\":\"https:\\\/\\\/l21.mx\\\/wp-content\\\/uploads\\\/2016\\\/04\\\/xenses.jpg\",\"datePublished\":\"2016-04-01T22:21:50+00:00\",\"dateModified\":\"2016-04-04T16:51:11+00:00\",\"description\":\"L21, Emprendedores y Negocios en el Caribe Mexicano, es la revista l\u00edder entre el Sector Empresarial y Tur\u00edstico del Caribe Mexicano.\",\"breadcrumb\":{\"@id\":\"https:\\\/\\\/l21.mx\\\/?p=18707#breadcrumb\"},\"inLanguage\":\"es\",\"potentialAction\":[{\"@type\":\"ReadAction\",\"target\":[\"https:\\\/\\\/l21.mx\\\/?p=18707\"]}]},{\"@type\":\"ImageObject\",\"inLanguage\":\"es\",\"@id\":\"https:\\\/\\\/l21.mx\\\/?p=18707#primaryimage\",\"url\":\"https:\\\/\\\/l21.mx\\\/wp-content\\\/uploads\\\/2016\\\/04\\\/xenses.jpg\",\"contentUrl\":\"https:\\\/\\\/l21.mx\\\/wp-content\\\/uploads\\\/2016\\\/04\\\/xenses.jpg\",\"width\":1200,\"height\":654},{\"@type\":\"BreadcrumbList\",\"@id\":\"https:\\\/\\\/l21.mx\\\/?p=18707#breadcrumb\",\"itemListElement\":[{\"@type\":\"ListItem\",\"position\":1,\"name\":\"Portada\",\"item\":\"https:\\\/\\\/l21.mx\\\/\"},{\"@type\":\"ListItem\",\"position\":2,\"name\":\"No es normal\"}]},{\"@type\":\"WebSite\",\"@id\":\"https:\\\/\\\/l21.mx\\\/#website\",\"url\":\"https:\\\/\\\/l21.mx\\\/\",\"name\":\"Revista Latitud 21\",\"description\":\"Emprendedores  y negocios en el Caribe Mexicano\",\"publisher\":{\"@id\":\"https:\\\/\\\/l21.mx\\\/#organization\"},\"potentialAction\":[{\"@type\":\"SearchAction\",\"target\":{\"@type\":\"EntryPoint\",\"urlTemplate\":\"https:\\\/\\\/l21.mx\\\/?s={search_term_string}\"},\"query-input\":{\"@type\":\"PropertyValueSpecification\",\"valueRequired\":true,\"valueName\":\"search_term_string\"}}],\"inLanguage\":\"es\"},{\"@type\":\"Organization\",\"@id\":\"https:\\\/\\\/l21.mx\\\/#organization\",\"name\":\"Grupo Editorial Latitud 21 SA de CV\",\"url\":\"https:\\\/\\\/l21.mx\\\/\",\"logo\":{\"@type\":\"ImageObject\",\"inLanguage\":\"es\",\"@id\":\"https:\\\/\\\/l21.mx\\\/#\\\/schema\\\/logo\\\/image\\\/\",\"url\":\"https:\\\/\\\/l21.mx\\\/wp-content\\\/uploads\\\/2020\\\/10\\\/logo-l21-baja.jpg\",\"contentUrl\":\"https:\\\/\\\/l21.mx\\\/wp-content\\\/uploads\\\/2020\\\/10\\\/logo-l21-baja.jpg\",\"width\":250,\"height\":250,\"caption\":\"Grupo Editorial Latitud 21 SA de CV\"},\"image\":{\"@id\":\"https:\\\/\\\/l21.mx\\\/#\\\/schema\\\/logo\\\/image\\\/\"},\"sameAs\":[\"https:\\\/\\\/www.facebook.com\\\/RevistaLatitud21\\\/\",\"https:\\\/\\\/x.com\\\/Latitud21mx\"]},{\"@type\":\"Person\",\"@id\":\"https:\\\/\\\/l21.mx\\\/#\\\/schema\\\/person\\\/4b571cc212089f95579f3b66253728f1\",\"name\":\"Latitud21 Redacci\u00f3n\",\"url\":\"https:\\\/\\\/l21.mx\\\/?author=2\"}]}<\/script>\n<!-- \/ Yoast SEO plugin. -->","yoast_head_json":{"title":"No es normal | Revista Latitud 21","description":"L21, Emprendedores y Negocios en el Caribe Mexicano, es la revista l\u00edder entre el Sector Empresarial y Tur\u00edstico del Caribe Mexicano.","robots":{"index":"index","follow":"follow","max-snippet":"max-snippet:-1","max-image-preview":"max-image-preview:large","max-video-preview":"max-video-preview:-1"},"canonical":"https:\/\/l21.mx\/?p=18707","twitter_card":"summary_large_image","twitter_title":"No es normal | Revista Latitud 21","twitter_description":"L21, Emprendedores y Negocios en el Caribe Mexicano, es la revista l\u00edder entre el Sector Empresarial y Tur\u00edstico del Caribe Mexicano.","twitter_image":"https:\/\/l21.mx\/wp-content\/uploads\/2016\/04\/xenses.jpg","twitter_creator":"@Latitud21mx","twitter_site":"@Latitud21mx","twitter_misc":{"Escrito por":"Latitud21 Redacci\u00f3n","Tiempo de lectura":"3 minutos"},"schema":{"@context":"https:\/\/schema.org","@graph":[{"@type":"Article","@id":"https:\/\/l21.mx\/?p=18707#article","isPartOf":{"@id":"https:\/\/l21.mx\/?p=18707"},"author":{"name":"Latitud21 Redacci\u00f3n","@id":"https:\/\/l21.mx\/#\/schema\/person\/4b571cc212089f95579f3b66253728f1"},"headline":"No es normal","datePublished":"2016-04-01T22:21:50+00:00","dateModified":"2016-04-04T16:51:11+00:00","mainEntityOfPage":{"@id":"https:\/\/l21.mx\/?p=18707"},"wordCount":588,"commentCount":0,"publisher":{"@id":"https:\/\/l21.mx\/#organization"},"image":{"@id":"https:\/\/l21.mx\/?p=18707#primaryimage"},"thumbnailUrl":"https:\/\/l21.mx\/wp-content\/uploads\/2016\/04\/xenses.jpg","articleSection":["Empresas y Negocios"],"inLanguage":"es","potentialAction":[{"@type":"CommentAction","name":"Comment","target":["https:\/\/l21.mx\/?p=18707#respond"]}]},{"@type":"WebPage","@id":"https:\/\/l21.mx\/?p=18707","url":"https:\/\/l21.mx\/?p=18707","name":"No es normal | Revista Latitud 21","isPartOf":{"@id":"https:\/\/l21.mx\/#website"},"primaryImageOfPage":{"@id":"https:\/\/l21.mx\/?p=18707#primaryimage"},"image":{"@id":"https:\/\/l21.mx\/?p=18707#primaryimage"},"thumbnailUrl":"https:\/\/l21.mx\/wp-content\/uploads\/2016\/04\/xenses.jpg","datePublished":"2016-04-01T22:21:50+00:00","dateModified":"2016-04-04T16:51:11+00:00","description":"L21, Emprendedores y Negocios en el Caribe Mexicano, es la revista l\u00edder entre el Sector Empresarial y Tur\u00edstico del Caribe Mexicano.","breadcrumb":{"@id":"https:\/\/l21.mx\/?p=18707#breadcrumb"},"inLanguage":"es","potentialAction":[{"@type":"ReadAction","target":["https:\/\/l21.mx\/?p=18707"]}]},{"@type":"ImageObject","inLanguage":"es","@id":"https:\/\/l21.mx\/?p=18707#primaryimage","url":"https:\/\/l21.mx\/wp-content\/uploads\/2016\/04\/xenses.jpg","contentUrl":"https:\/\/l21.mx\/wp-content\/uploads\/2016\/04\/xenses.jpg","width":1200,"height":654},{"@type":"BreadcrumbList","@id":"https:\/\/l21.mx\/?p=18707#breadcrumb","itemListElement":[{"@type":"ListItem","position":1,"name":"Portada","item":"https:\/\/l21.mx\/"},{"@type":"ListItem","position":2,"name":"No es normal"}]},{"@type":"WebSite","@id":"https:\/\/l21.mx\/#website","url":"https:\/\/l21.mx\/","name":"Revista Latitud 21","description":"Emprendedores  y negocios en el Caribe Mexicano","publisher":{"@id":"https:\/\/l21.mx\/#organization"},"potentialAction":[{"@type":"SearchAction","target":{"@type":"EntryPoint","urlTemplate":"https:\/\/l21.mx\/?s={search_term_string}"},"query-input":{"@type":"PropertyValueSpecification","valueRequired":true,"valueName":"search_term_string"}}],"inLanguage":"es"},{"@type":"Organization","@id":"https:\/\/l21.mx\/#organization","name":"Grupo Editorial Latitud 21 SA de CV","url":"https:\/\/l21.mx\/","logo":{"@type":"ImageObject","inLanguage":"es","@id":"https:\/\/l21.mx\/#\/schema\/logo\/image\/","url":"https:\/\/l21.mx\/wp-content\/uploads\/2020\/10\/logo-l21-baja.jpg","contentUrl":"https:\/\/l21.mx\/wp-content\/uploads\/2020\/10\/logo-l21-baja.jpg","width":250,"height":250,"caption":"Grupo Editorial Latitud 21 SA de CV"},"image":{"@id":"https:\/\/l21.mx\/#\/schema\/logo\/image\/"},"sameAs":["https:\/\/www.facebook.com\/RevistaLatitud21\/","https:\/\/x.com\/Latitud21mx"]},{"@type":"Person","@id":"https:\/\/l21.mx\/#\/schema\/person\/4b571cc212089f95579f3b66253728f1","name":"Latitud21 Redacci\u00f3n","url":"https:\/\/l21.mx\/?author=2"}]}},"amp_enabled":true,"_links":{"self":[{"href":"https:\/\/l21.mx\/index.php?rest_route=\/wp\/v2\/posts\/18707","targetHints":{"allow":["GET"]}}],"collection":[{"href":"https:\/\/l21.mx\/index.php?rest_route=\/wp\/v2\/posts"}],"about":[{"href":"https:\/\/l21.mx\/index.php?rest_route=\/wp\/v2\/types\/post"}],"author":[{"embeddable":true,"href":"https:\/\/l21.mx\/index.php?rest_route=\/wp\/v2\/users\/2"}],"replies":[{"embeddable":true,"href":"https:\/\/l21.mx\/index.php?rest_route=%2Fwp%2Fv2%2Fcomments&post=18707"}],"version-history":[{"count":0,"href":"https:\/\/l21.mx\/index.php?rest_route=\/wp\/v2\/posts\/18707\/revisions"}],"wp:featuredmedia":[{"embeddable":true,"href":"https:\/\/l21.mx\/index.php?rest_route=\/wp\/v2\/media\/18710"}],"wp:attachment":[{"href":"https:\/\/l21.mx\/index.php?rest_route=%2Fwp%2Fv2%2Fmedia&parent=18707"}],"wp:term":[{"taxonomy":"category","embeddable":true,"href":"https:\/\/l21.mx\/index.php?rest_route=%2Fwp%2Fv2%2Fcategories&post=18707"},{"taxonomy":"post_tag","embeddable":true,"href":"https:\/\/l21.mx\/index.php?rest_route=%2Fwp%2Fv2%2Ftags&post=18707"}],"curies":[{"name":"wp","href":"https:\/\/api.w.org\/{rel}","templated":true}]}}