{"id":1884,"date":"2013-03-05T11:33:44","date_gmt":"2013-03-05T17:33:44","guid":{"rendered":"http:\/\/innovatori.space\/lat21\/?p=1884"},"modified":"2013-03-05T13:16:40","modified_gmt":"2013-03-05T19:16:40","slug":"spa-orquideas-%e2%86%91%e2%86%91","status":"publish","type":"post","link":"https:\/\/l21.mx\/?p=1884","title":{"rendered":"Spa Orqu\u00eddeas  \u2191\u2191"},"content":{"rendered":"<p><a href=\"http:\/\/l21.mx\/wp-content\/uploads\/2013\/03\/las-nubes-holbox.jpg\" data-rel=\"penci-gallery-image-content\" ><img fetchpriority=\"high\" decoding=\"async\" class=\"aligncenter size-medium wp-image-1885\" title=\"las nubes holbox\" src=\"http:\/\/l21.mx\/wp-content\/uploads\/2013\/03\/las-nubes-holbox-300x200.jpg\" alt=\"canc\u00fan, &quot;revista latitud21&quot;, latitud21, &quot;Caribe Mexicano&quot;, latitud 21, &quot;Grupo editorial Latitud21&quot;\" width=\"300\" height=\"200\" srcset=\"https:\/\/l21.mx\/wp-content\/uploads\/2013\/03\/las-nubes-holbox-300x200.jpg 300w, https:\/\/l21.mx\/wp-content\/uploads\/2013\/03\/las-nubes-holbox-1024x682.jpg 1024w, https:\/\/l21.mx\/wp-content\/uploads\/2013\/03\/las-nubes-holbox-127x85.jpg 127w, https:\/\/l21.mx\/wp-content\/uploads\/2013\/03\/las-nubes-holbox-600x400.jpg 600w, https:\/\/l21.mx\/wp-content\/uploads\/2013\/03\/las-nubes-holbox-167x111.jpg 167w, https:\/\/l21.mx\/wp-content\/uploads\/2013\/03\/las-nubes-holbox-80x53.jpg 80w, https:\/\/l21.mx\/wp-content\/uploads\/2013\/03\/las-nubes-holbox.jpg 1500w\" sizes=\"(max-width: 300px) 100vw, 300px\" \/><\/a><\/p>\n<p>Ubicado dentro del hotel Las Nubes del empresario yucateco Alejandro Patr\u00f3n,\u00a0 Spa Orqu\u00eddeas inici\u00f3 operaciones con una inversi\u00f3n de 700 mil pesos. Presenta diversas terapias alternativas, envolturas, masajes y rituales. Cuenta con dos cabinas en una superficie de 200 metros. Empleos directos seis, indirectos 25. Isla Holbox, Paseo Kuka\u00a0 s\/n. Tel. 984 875-23-00.\u00a0 osamaan@lasnubesholbox.com<\/p>\n<div>\n<p>[editor]sube-y-baja[\/editor]<\/p>\n<\/div>\n","protected":false},"excerpt":{"rendered":"<p>Ubicado dentro del hotel Las Nubes del empresario yucateco Alejandro Patr\u00f3n,\u00a0 Spa Orqu\u00eddeas inici\u00f3 operaciones con&hellip;<\/p>\n","protected":false},"author":2,"featured_media":1886,"comment_status":"open","ping_status":"open","sticky":false,"template":"","format":"standard","meta":{"_acf_changed":false,"_lmt_disableupdate":"","_lmt_disable":"","_mbp_gutenberg_autopost":false,"footnotes":""},"categories":[10],"tags":[117,116,118,115],"class_list":["post-1884","post","type-post","status-publish","format-standard","has-post-thumbnail","hentry","category-sube-y-baja","tag-alejandro-patron","tag-hotel-las-nubes","tag-isla-holbox","tag-spa-orquideas"],"acf":[],"_links":{"self":[{"href":"https:\/\/l21.mx\/index.php?rest_route=\/wp\/v2\/posts\/1884","targetHints":{"allow":["GET"]}}],"collection":[{"href":"https:\/\/l21.mx\/index.php?rest_route=\/wp\/v2\/posts"}],"about":[{"href":"https:\/\/l21.mx\/index.php?rest_route=\/wp\/v2\/types\/post"}],"author":[{"embeddable":true,"href":"https:\/\/l21.mx\/index.php?rest_route=\/wp\/v2\/users\/2"}],"replies":[{"embeddable":true,"href":"https:\/\/l21.mx\/index.php?rest_route=%2Fwp%2Fv2%2Fcomments&post=1884"}],"version-history":[{"count":0,"href":"https:\/\/l21.mx\/index.php?rest_route=\/wp\/v2\/posts\/1884\/revisions"}],"wp:featuredmedia":[{"embeddable":true,"href":"https:\/\/l21.mx\/index.php?rest_route=\/wp\/v2\/media\/1886"}],"wp:attachment":[{"href":"https:\/\/l21.mx\/index.php?rest_route=%2Fwp%2Fv2%2Fmedia&parent=1884"}],"wp:term":[{"taxonomy":"category","embeddable":true,"href":"https:\/\/l21.mx\/index.php?rest_route=%2Fwp%2Fv2%2Fcategories&post=1884"},{"taxonomy":"post_tag","embeddable":true,"href":"https:\/\/l21.mx\/index.php?rest_route=%2Fwp%2Fv2%2Ftags&post=1884"}],"curies":[{"name":"wp","href":"https:\/\/api.w.org\/{rel}","templated":true}]}}