{"id":18841,"date":"2016-04-04T11:03:49","date_gmt":"2016-04-04T16:03:49","guid":{"rendered":"http:\/\/innovatori.space\/lat21\/?p=18841"},"modified":"2016-04-04T11:03:49","modified_gmt":"2016-04-04T16:03:49","slug":"ado-renueva-flotilla","status":"publish","type":"post","link":"https:\/\/l21.mx\/?p=18841","title":{"rendered":"ADO renueva flotilla"},"content":{"rendered":"<p><a href=\"http:\/\/l21.mx\/wp-content\/uploads\/2016\/04\/ado.jpg\" data-rel=\"penci-gallery-image-content\" ><img fetchpriority=\"high\" decoding=\"async\" class=\"alignleft size-medium wp-image-18844\" title=\"ado\" src=\"http:\/\/l21.mx\/wp-content\/uploads\/2016\/04\/ado-300x199.jpg\" alt=\"\" width=\"300\" height=\"199\" srcset=\"https:\/\/l21.mx\/wp-content\/uploads\/2016\/04\/ado-300x199.jpg 300w, https:\/\/l21.mx\/wp-content\/uploads\/2016\/04\/ado-768x510.jpg 768w, https:\/\/l21.mx\/wp-content\/uploads\/2016\/04\/ado-780x516.jpg 780w, https:\/\/l21.mx\/wp-content\/uploads\/2016\/04\/ado-585x389.jpg 585w, https:\/\/l21.mx\/wp-content\/uploads\/2016\/04\/ado-263x175.jpg 263w, https:\/\/l21.mx\/wp-content\/uploads\/2016\/04\/ado.jpg 995w\" sizes=\"(max-width: 300px) 100vw, 300px\" \/><\/a>Autobuses de Oriente (ADO) renov\u00f3 su flota de autobuses de transporte que operan el servicio de traslado desde y hacia el aeropuerto internacional de Canc\u00fan, con una inversi\u00f3n del orden de 93 mdp.<\/p>\n<p>El plan inicial contempl\u00f3 el reemplazo de 18 de 20 unidades de \u00faltima generaci\u00f3n, modelo Irizar 2016, dotadas con lo m\u00e1s avanzado en tecnolog\u00eda para dar servicio a los usuarios desde los destinos Canc\u00fan, Playa del Carmen, Tulum y M\u00e9rida hacia la terminal a\u00e9rea.<\/p>\n<p>Julio Garc\u00eda Flores, gerente general de la Regi\u00f3n Caribe de Grupo ADO, explic\u00f3 que este proyecto de colaboraci\u00f3n entre la empresa y Aeropuertos del Sureste (Asur) inici\u00f3 hace 12 a\u00f1os con dos unidades que prestaban el servicio entre Canc\u00fan y la terminal a\u00e9rea.<\/p>\n<p>\u201cCon este nuevo parque vehicular la compa\u00f1\u00eda busca mantenerse a la vanguardia, innovar y ofrecer a los usuarios una renovada experiencia de viaje. El beneficio es para m\u00e1s de 84 mil pasajeros que se registran al mes en los traslados desde estos destinos\u201d, agreg\u00f3.<\/p>\n<p>Coment\u00f3 que las dos unidades restantes se integrar\u00e1n a m\u00e1s tardar a mediados de a\u00f1o. Asimismo explic\u00f3 que como parte de la innovaci\u00f3n de los autobuses cuentan con sistemas que evitan la emisi\u00f3n de gases contaminantes y adem\u00e1s tienen 51 tomas de corriente para conectar celulares, tabletas y dem\u00e1s dispositivos m\u00f3viles.<\/p>\n","protected":false},"excerpt":{"rendered":"<p>Autobuses de Oriente (ADO) renov\u00f3 su flota de autobuses de transporte que operan el servicio de&hellip;<\/p>\n","protected":false},"author":2,"featured_media":18844,"comment_status":"open","ping_status":"open","sticky":false,"template":"","format":"standard","meta":{"_acf_changed":false,"_lmt_disableupdate":"","_lmt_disable":"","_mbp_gutenberg_autopost":false,"footnotes":""},"categories":[4,23],"tags":[],"class_list":["post-18841","post","type-post","status-publish","format-standard","has-post-thumbnail","hentry","category-empresas-y-negocios","category-noticias"],"acf":[],"_links":{"self":[{"href":"https:\/\/l21.mx\/index.php?rest_route=\/wp\/v2\/posts\/18841","targetHints":{"allow":["GET"]}}],"collection":[{"href":"https:\/\/l21.mx\/index.php?rest_route=\/wp\/v2\/posts"}],"about":[{"href":"https:\/\/l21.mx\/index.php?rest_route=\/wp\/v2\/types\/post"}],"author":[{"embeddable":true,"href":"https:\/\/l21.mx\/index.php?rest_route=\/wp\/v2\/users\/2"}],"replies":[{"embeddable":true,"href":"https:\/\/l21.mx\/index.php?rest_route=%2Fwp%2Fv2%2Fcomments&post=18841"}],"version-history":[{"count":0,"href":"https:\/\/l21.mx\/index.php?rest_route=\/wp\/v2\/posts\/18841\/revisions"}],"wp:featuredmedia":[{"embeddable":true,"href":"https:\/\/l21.mx\/index.php?rest_route=\/wp\/v2\/media\/18844"}],"wp:attachment":[{"href":"https:\/\/l21.mx\/index.php?rest_route=%2Fwp%2Fv2%2Fmedia&parent=18841"}],"wp:term":[{"taxonomy":"category","embeddable":true,"href":"https:\/\/l21.mx\/index.php?rest_route=%2Fwp%2Fv2%2Fcategories&post=18841"},{"taxonomy":"post_tag","embeddable":true,"href":"https:\/\/l21.mx\/index.php?rest_route=%2Fwp%2Fv2%2Ftags&post=18841"}],"curies":[{"name":"wp","href":"https:\/\/api.w.org\/{rel}","templated":true}]}}