{"id":18856,"date":"2016-04-04T11:14:38","date_gmt":"2016-04-04T16:14:38","guid":{"rendered":"http:\/\/innovatori.space\/lat21\/?p=18856"},"modified":"2016-04-04T11:14:38","modified_gmt":"2016-04-04T16:14:38","slug":"aa-fortalece-presencia-en-cancun","status":"publish","type":"post","link":"https:\/\/l21.mx\/?p=18856","title":{"rendered":"AA fortalece presencia en Canc\u00fan"},"content":{"rendered":"<p><a href=\"http:\/\/l21.mx\/wp-content\/uploads\/2016\/04\/AA-fortalece-presencia-en-Canc\u00fan.jpg\" data-rel=\"penci-gallery-image-content\" ><img fetchpriority=\"high\" decoding=\"async\" class=\"alignleft size-medium wp-image-18859\" title=\"AA-fortalece-presencia-en-Canc\u00fan\" src=\"http:\/\/l21.mx\/wp-content\/uploads\/2016\/04\/AA-fortalece-presencia-en-Canc\u00fan-300x199.jpg\" alt=\"\" width=\"300\" height=\"199\" \/><\/a>Con la incorporaci\u00f3n a su itinerario de cuatro nuevas ciudades desde Estados Unidos a Canc\u00fan, la aerol\u00ednea American Airlines respald\u00f3 su presencia en el Caribe mexicano al sumar 12 destinos directos.<\/p>\n<p>Las nuevas rutas operan desde los aeropuertos internacionales de Raleigh-Durham, Pittsburgh, Nashville y Kansas, con lo que ser\u00e1n m\u00e1s de 166 vuelos a la semana hacia el principal centro vacacional del pa\u00eds.<\/p>\n<p>Alfredo Jaimes, gerente de operaci\u00f3n regional de la aerol\u00ednea, se\u00f1al\u00f3 a trav\u00e9s de un comunicado que \u201ccon la adici\u00f3n de estas nuevas rutas, American Airlines se convierte en la primera aerol\u00ednea con 685 vuelos semanales a M\u00e9xico y conectividad desde 12 destinos en Estados Unidos hacia Canc\u00fan\u201d.<\/p>\n<p>La compa\u00f1\u00eda coment\u00f3 que los vuelos, que se incorporaron en marzo pasado, se realizan en aeronaves A319 y B737 con capacidad para 125 y 160 pasajeros, respectivamente.<\/p>\n<p>La aerol\u00ednea se\u00f1al\u00f3 a Canc\u00fan como su destino n\u00famero uno en M\u00e9xico y se ubica en la tercera posici\u00f3n con mayor n\u00famero de visitantes internacionales en Am\u00e9rica Latina.<\/p>\n<p>Se\u00f1al\u00f3 al Aeropuerto Internacional de Canc\u00fan (AIC) como uno de los m\u00e1s importantes de la regi\u00f3n al cerrar el a\u00f1o pasado con un tr\u00e1fico de 19.5 millones de pasajeros nacionales e internacionales, de acuerdo con cifras de su operador Aeropuertos del Sureste (Asur).<\/p>\n","protected":false},"excerpt":{"rendered":"<p>Con la incorporaci\u00f3n a su itinerario de cuatro nuevas ciudades desde Estados Unidos a Canc\u00fan, la&hellip;<\/p>\n","protected":false},"author":2,"featured_media":18859,"comment_status":"open","ping_status":"open","sticky":false,"template":"","format":"standard","meta":{"_acf_changed":false,"_lmt_disableupdate":"","_lmt_disable":"","_mbp_gutenberg_autopost":false,"footnotes":""},"categories":[4,23],"tags":[],"class_list":["post-18856","post","type-post","status-publish","format-standard","has-post-thumbnail","hentry","category-empresas-y-negocios","category-noticias"],"acf":[],"_links":{"self":[{"href":"https:\/\/l21.mx\/index.php?rest_route=\/wp\/v2\/posts\/18856","targetHints":{"allow":["GET"]}}],"collection":[{"href":"https:\/\/l21.mx\/index.php?rest_route=\/wp\/v2\/posts"}],"about":[{"href":"https:\/\/l21.mx\/index.php?rest_route=\/wp\/v2\/types\/post"}],"author":[{"embeddable":true,"href":"https:\/\/l21.mx\/index.php?rest_route=\/wp\/v2\/users\/2"}],"replies":[{"embeddable":true,"href":"https:\/\/l21.mx\/index.php?rest_route=%2Fwp%2Fv2%2Fcomments&post=18856"}],"version-history":[{"count":0,"href":"https:\/\/l21.mx\/index.php?rest_route=\/wp\/v2\/posts\/18856\/revisions"}],"wp:featuredmedia":[{"embeddable":true,"href":"https:\/\/l21.mx\/index.php?rest_route=\/wp\/v2\/media\/18859"}],"wp:attachment":[{"href":"https:\/\/l21.mx\/index.php?rest_route=%2Fwp%2Fv2%2Fmedia&parent=18856"}],"wp:term":[{"taxonomy":"category","embeddable":true,"href":"https:\/\/l21.mx\/index.php?rest_route=%2Fwp%2Fv2%2Fcategories&post=18856"},{"taxonomy":"post_tag","embeddable":true,"href":"https:\/\/l21.mx\/index.php?rest_route=%2Fwp%2Fv2%2Ftags&post=18856"}],"curies":[{"name":"wp","href":"https:\/\/api.w.org\/{rel}","templated":true}]}}